{"id":317612,"date":"2025-08-14T02:16:12","date_gmt":"2025-08-14T02:16:12","guid":{"rendered":"https:\/\/www.europesays.com\/fr\/317612\/"},"modified":"2025-08-14T02:16:12","modified_gmt":"2025-08-14T02:16:12","slug":"romy-secret-story-a-vecu-lenfer-a-cause-de-sa-video-ca-fait-16-ans-que-je-demande-quelle-soit-supprimee","status":"publish","type":"post","link":"https:\/\/www.europesays.com\/fr\/317612\/","title":{"rendered":"Romy (Secret Story) a v\u00e9cu l\u2019enfer \u00e0 cause de sa vid\u00e9o : \u00ab\u00a0\u00c7a fait 16 ans que je demande qu\u2019elle soit supprim\u00e9e\u00a0\u00bb"},"content":{"rendered":"<p>      R\u00e9sum\u00e9<\/p>\n<p>Romy, grande gagnante de Secret Story, revient sur la vid\u00e9o virale qui a marqu\u00e9 son adolescence, g\u00ean\u00e9e par son diffusion non consentie et une connotation raciste persistante.<\/p>\n<p>        Sommaire<\/p>\n<p>Sacr\u00e9e <a href=\"https:\/\/vsd.fr\/85875-romy-grande-gagnante-de-secret-story-apres-revelation-des-suffrages-seule-nadege-lacroix-avait-fait-mieux\/\" rel=\"nofollow noopener\" target=\"_blank\">grande gagnante de Secret Story<\/a> la semaine derni\u00e8re, Romy encha\u00eene depuis les interviews. La jeune femme, qui \u00e9tait venue dans l&rsquo;\u00e9mission d\u00e9fendre le secret d&rsquo;avoir \u00e9t\u00e9 un ph\u00e9nom\u00e8ne viral, <strong>n&rsquo;a pas toujours v\u00e9cu cela comme une fiert\u00e9<\/strong>. Comme elle l&rsquo;avait d\u00e9j\u00e0 r\u00e9v\u00e9l\u00e9 dans le cadre de l&rsquo;\u00e9mission, Romy a derni\u00e8rement r\u00e9v\u00e9l\u00e9 que la diffusion de cette vid\u00e9o virale avait \u00e9t\u00e9 faite <strong>sans son consentement<\/strong>. Un buzz dont elle se serait en r\u00e9alit\u00e9 bien pass\u00e9e, et qui l&rsquo;a \u00e9norm\u00e9ment bless\u00e9e&#8230;<\/p>\n<p>En effet, dans une interview accord\u00e9e \u00e0 Konbini, la meilleure amie d&rsquo;Ethan et Mayer revient sur le contexte de cette vid\u00e9o. Pour rappel, Romy est la jeune adolescente qui, il y a quinzaine d&rsquo;ann\u00e9es, <a href=\"https:\/\/www.public.fr\/secret-story-2025-le-secret-de-romy-deja-demasque-et-il-a-fait-rire-la-toile-il-y-a-15-ans\" rel=\"nofollow noopener\" target=\"_blank\">a fait le buzz<\/a> <strong>avec la vid\u00e9o \u00ab\u00a0Je peux passer \u00e0 la t\u00e9l\u00e9 ? Oh bah c&rsquo;est nul alors\u00a0\u00bb.<\/strong> Deux d\u00e9cennies plus tard, tout le monde se souvient de cette vid\u00e9o iconique. Son secret avait d&rsquo;ailleurs \u00e9t\u00e9 d\u00e9masqu\u00e9 par <strong>Constance<\/strong>, qui, apr\u00e8s des jours \u00e0 l&rsquo;avoir chantonn\u00e9 dans la maison, avait fini par faire le lien avec Romy.<\/p>\n<p>Romy marqu\u00e9e par la connotation raciste de cette vid\u00e9o<\/p>\n<p>Un secret que Romy a d\u00e9fendu avec brio, mais l&rsquo;histoire derri\u00e8re tout cela est plus douloureuse. La jeune femme a r\u00e9v\u00e9l\u00e9 dans Secret Story n&rsquo;avoir jamais regard\u00e9 la vid\u00e9o, car celle-ci a eu des r\u00e9percussions n\u00e9fastes sur son adolescence. Si aujourd&rsquo;hui, cette vid\u00e9o lui a permis <strong>d&rsquo;engranger plus de 105 000 euros<\/strong>, elle l&rsquo;a toutefois longtemps fait souffrir&#8230;<\/p>\n<p>\u00ab\u00a0<strong>On ne va plus me voir comme la fille qui fait la vid\u00e9o<\/strong> Je passe \u00e0 la t\u00e9l\u00e9. Mais comme Romy. C&rsquo;\u00e9tait \u00e7a que j&rsquo;\u00e9tais venue rechercher\u00a0\u00bb s&rsquo;est r\u00e9jouie la jeune femme. Romy a ainsi r\u00e9v\u00e9l\u00e9 avoir tout fait <strong>pour faire supprimer cette vid\u00e9o&#8230; En vain<\/strong>. \u00ab\u00a0\u00c7a fait 16 ans que je demande qu&rsquo;elle soit supprim\u00e9e cette vid\u00e9o. La personne, je ne pense pas qu&rsquo;elle va la supprimer, malheureusement\u00a0\u00bb a-t-elle expliqu\u00e9.<\/p>\n<p>Dans cette vid\u00e9o, <strong>Romy est renomm\u00e9e Fatou <\/strong>par le diffuseur. <strong>Une connotation raciste<\/strong> qui a beaucoup marqu\u00e9 la jeune femme&#8230; \u00ab\u00a0La connotation du Fatou m&rsquo;a fortement d\u00e9rang\u00e9e. Je pense m\u00eame que c&rsquo;\u00e9tait \u00e7a qui me d\u00e9rangeait le plus. Je ne m&rsquo;appelle pas Fatou. Donc, pourquoi tu m&rsquo;appelles Fatou ?\u00a0\u00bb a conclu celle qui culmine d\u00e9j\u00e0 \u00e0 <strong>plus de 320 000 abonn\u00e9s sur Instagram<\/strong>. Un vrai ph\u00e9nom\u00e8ne !<\/p>\n<blockquote class=\"twitter-tweet\">\n<p>\u00ab\u00a0Je ne m&rsquo;appelle pas Fatou, donc pourquoi tu m&rsquo;appelles Fatou?\u00a0\u00bb <\/p>\n<p>Romy revient sur le m\u00e8me \u201cJe peux passer \u00e0 la t\u00e9l\u00e9\u201d et l\u2019impact de cette vid\u00e9o sur sa vie. <a href=\"https:\/\/t.co\/8CB7HUSn8J\" rel=\"nofollow\">pic.twitter.com\/8CB7HUSn8J<\/a><\/p>\n<p>\u2014 Konbini (@KonbiniFr) <a href=\"https:\/\/twitter.com\/KonbiniFr\/status\/1955593909108896007?ref_src=twsrc%5Etfw\" rel=\"nofollow noopener\" target=\"_blank\">August 13, 2025<\/a><\/p><\/blockquote>\n<p>      Mentionn\u00e9s dans cet article<\/p>\n<p>      Sur le m\u00eame sujet<\/p>\n<p>  <script async src=\"https:\/\/platform.twitter.com\/widgets.js\" charset=\"utf-8\"><\/script><\/p>\n","protected":false},"excerpt":{"rendered":"R\u00e9sum\u00e9 Romy, grande gagnante de Secret Story, revient sur la vid\u00e9o virale qui a marqu\u00e9 son adolescence, g\u00ean\u00e9e&hellip;\n","protected":false},"author":2,"featured_media":317613,"comment_status":"","ping_status":"","sticky":false,"template":"","format":"standard","meta":{"footnotes":""},"categories":[8],"tags":[38730,58,59,1011,27,35122,29901],"class_list":{"0":"post-317612","1":"post","2":"type-post","3":"status-publish","4":"format-standard","5":"has-post-thumbnail","7":"category-divertissement","8":"tag-buzz","9":"tag-divertissement","10":"tag-entertainment","11":"tag-fr","12":"tag-france","13":"tag-romy","14":"tag-secret-story"},"share_on_mastodon":{"url":"https:\/\/pubeurope.com\/@fr\/115024716469772648","error":""},"_links":{"self":[{"href":"https:\/\/www.europesays.com\/fr\/wp-json\/wp\/v2\/posts\/317612","targetHints":{"allow":["GET"]}}],"collection":[{"href":"https:\/\/www.europesays.com\/fr\/wp-json\/wp\/v2\/posts"}],"about":[{"href":"https:\/\/www.europesays.com\/fr\/wp-json\/wp\/v2\/types\/post"}],"author":[{"embeddable":true,"href":"https:\/\/www.europesays.com\/fr\/wp-json\/wp\/v2\/users\/2"}],"replies":[{"embeddable":true,"href":"https:\/\/www.europesays.com\/fr\/wp-json\/wp\/v2\/comments?post=317612"}],"version-history":[{"count":0,"href":"https:\/\/www.europesays.com\/fr\/wp-json\/wp\/v2\/posts\/317612\/revisions"}],"wp:featuredmedia":[{"embeddable":true,"href":"https:\/\/www.europesays.com\/fr\/wp-json\/wp\/v2\/media\/317613"}],"wp:attachment":[{"href":"https:\/\/www.europesays.com\/fr\/wp-json\/wp\/v2\/media?parent=317612"}],"wp:term":[{"taxonomy":"category","embeddable":true,"href":"https:\/\/www.europesays.com\/fr\/wp-json\/wp\/v2\/categories?post=317612"},{"taxonomy":"post_tag","embeddable":true,"href":"https:\/\/www.europesays.com\/fr\/wp-json\/wp\/v2\/tags?post=317612"}],"curies":[{"name":"wp","href":"https:\/\/api.w.org\/{rel}","templated":true}]}}