{"id":317614,"date":"2025-08-14T02:17:17","date_gmt":"2025-08-14T02:17:17","guid":{"rendered":"https:\/\/www.europesays.com\/fr\/317614\/"},"modified":"2025-08-14T02:17:17","modified_gmt":"2025-08-14T02:17:17","slug":"starbucks-declare-la-guerre-aux-bureaux-improvises-dans-ses-cafes","status":"publish","type":"post","link":"https:\/\/www.europesays.com\/fr\/317614\/","title":{"rendered":"Starbucks d\u00e9clare la guerre aux bureaux improvis\u00e9s dans ses caf\u00e9s"},"content":{"rendered":"<p>Il est tr\u00e8s commun de tomber sur des t\u00e9l\u00e9travailleurs dans les caf\u00e9s, mais certains prennent parfois leurs aises, \u00e0 tel point que Starbucks a d\u00e9cid\u00e9 de s\u00e9vir en Cor\u00e9e du Sud\u00a0: il est maintenant interdit d\u2019installer des moniteurs et m\u00eame\u2026 des imprimantes.<\/p>\n<p><strong>Starbucks<\/strong> veut mettre un terme au ph\u00e9nom\u00e8ne des \u00ab\u00a0cagongjok\u00a0\u00bb, un mot valise cor\u00e9en qui combine \u00ab\u00a0caf\u00e9\u00a0\u00bb, \u00ab\u00a0\u00e9tude\u00a0\u00bb et \u00ab\u00a0tribu\u00a0\u00bb, autrement dit des personnes qui restent longtemps dans les caf\u00e9s pour travailler ou \u00e9tudier avec tout leur matos. Et quand on dit tout, ce n\u2019est pas une exag\u00e9ration\u00a0: ces clients bien particuliers viennent avec leurs moniteurs, claviers, imprimantes (!), multiprises, et m\u00eame parfois des cloisons qui transforment l\u2019espace en box perso.<\/p>\n<p> Le caf\u00e9 n\u2019est pas un bureau <\/p>\n<p>Les cagongjoks ne sont pas nombreux en Cor\u00e9e du Sud, mais ils prennent beaucoup de place. C\u2019est pourquoi la cha\u00eene de caf\u00e9s a install\u00e9 des avertissements qui interdisent \u00ab\u00a0les ordinateurs de bureau, les imprimantes, les multiprises et les moniteurs\u00a0\u00bb dans les \u00e9tablissements. \u00ab\u00a0Sur les tables pouvant accueillir plusieurs personnes, merci de faire preuve de consid\u00e9ration afin que d\u2019autres clients puissent \u00e9galement les utiliser\u00a0\u00bb, indique aussi le panneau.<\/p>\n<p> <img loading=\"lazy\" decoding=\"async\" class=\"size-full wp-image-1287364\" src=\"https:\/\/www.europesays.com\/fr\/wp-content\/uploads\/2025\/08\/cafe-coree-du-sud-starbucks.jpg\" alt=\"Caf\u00e9 Cor\u00e9e Du Sud Starbucks\" width=\"1080\" height=\"800\"  \/>\u00a9 Korea Herald <\/p>\n<p>Starbucks veut aussi s\u2019assurer que les si\u00e8ges puissent \u00eatre utilis\u00e9s par plusieurs personnes dans la journ\u00e9e. Certains travailleurs \u00e0 distance les \u00ab\u00a0privatisaient\u00a0\u00bb pour installer leurs imprimantes. La probl\u00e9matique est aussi \u00e9conomique\u00a0: l\u2019institut cor\u00e9en de recherche sur l\u2019industrie de la restauration avait calcul\u00e9 qu\u2019en 2019 qu\u2019un caf\u00e9 \u00e0 4\u00a0100\u00a0wons (environ 2,50\u00a0\u20ac) couvrait 1 heure et 42 minutes d\u2019occupation d\u2019un espace avant qu\u2019il ne soit plus rentable. En 2024, ce chiffre est tomb\u00e9 \u00e0 1 heure et 31 minutes.<\/p>\n<p>C\u2019est aussi une question de s\u00e9curit\u00e9 : en quittant sa place en y laissant son \u00e9quipement informatique, il existe des risques de vol. \u00c7a ne veut pas dire que Starbucks bannit tous les t\u00e9l\u00e9travailleurs et \u00e9tudiants. Il est toujours possible de venir dans un caf\u00e9 avec un ordinateur portable. Mais il n\u2019est plus question de transformer le caf\u00e9 en bureau\u00a0!<\/p>\n<blockquote>\n<p class=\"text-base text-neutral-700 dark:text-neutral-300\">\ud83d\udd34 Pour ne manquer aucune actualit\u00e9 de 01net, suivez-nous sur <a href=\"https:\/\/news.google.com\/publications\/CAAqBwgKMJPsvAswoIfUAw?hl=fr&amp;gl=FR&amp;ceid=FR%3Afr\" target=\"_blank\" rel=\"noopener\">Google Actualit\u00e9s<\/a> et <a href=\"https:\/\/whatsapp.com\/channel\/0029VaH5gKg6xCSG9nQQhQ1Z\" target=\"_blank\" rel=\"noopener\">WhatsApp<\/a>.<\/p>\n<\/blockquote>\n<p class=\"post-source\">\n            Source :<br \/>\n            <a href=\"https:\/\/www.koreaherald.com\/article\/10550038\" target=\"_blank\" rel=\"noopener\"><br \/>\n              Korea Herald<br \/>\n            <\/a>\n          <\/p>\n","protected":false},"excerpt":{"rendered":"Il est tr\u00e8s commun de tomber sur des t\u00e9l\u00e9travailleurs dans les caf\u00e9s, mais certains prennent parfois leurs aises,&hellip;\n","protected":false},"author":2,"featured_media":317615,"comment_status":"","ping_status":"","sticky":false,"template":"","format":"standard","meta":{"footnotes":""},"categories":[7],"tags":[1011,27,43,40,41,39,8816,42,44],"class_list":{"0":"post-317614","1":"post","2":"type-post","3":"status-publish","4":"format-standard","5":"has-post-thumbnail","7":"category-sciences-et-technologies","8":"tag-fr","9":"tag-france","10":"tag-science","11":"tag-science-and-technology","12":"tag-sciences","13":"tag-sciences-et-technologies","14":"tag-starbucks","15":"tag-technologies","16":"tag-technology"},"share_on_mastodon":{"url":"https:\/\/pubeurope.com\/@fr\/115024720448667373","error":""},"_links":{"self":[{"href":"https:\/\/www.europesays.com\/fr\/wp-json\/wp\/v2\/posts\/317614","targetHints":{"allow":["GET"]}}],"collection":[{"href":"https:\/\/www.europesays.com\/fr\/wp-json\/wp\/v2\/posts"}],"about":[{"href":"https:\/\/www.europesays.com\/fr\/wp-json\/wp\/v2\/types\/post"}],"author":[{"embeddable":true,"href":"https:\/\/www.europesays.com\/fr\/wp-json\/wp\/v2\/users\/2"}],"replies":[{"embeddable":true,"href":"https:\/\/www.europesays.com\/fr\/wp-json\/wp\/v2\/comments?post=317614"}],"version-history":[{"count":0,"href":"https:\/\/www.europesays.com\/fr\/wp-json\/wp\/v2\/posts\/317614\/revisions"}],"wp:featuredmedia":[{"embeddable":true,"href":"https:\/\/www.europesays.com\/fr\/wp-json\/wp\/v2\/media\/317615"}],"wp:attachment":[{"href":"https:\/\/www.europesays.com\/fr\/wp-json\/wp\/v2\/media?parent=317614"}],"wp:term":[{"taxonomy":"category","embeddable":true,"href":"https:\/\/www.europesays.com\/fr\/wp-json\/wp\/v2\/categories?post=317614"},{"taxonomy":"post_tag","embeddable":true,"href":"https:\/\/www.europesays.com\/fr\/wp-json\/wp\/v2\/tags?post=317614"}],"curies":[{"name":"wp","href":"https:\/\/api.w.org\/{rel}","templated":true}]}}