{"id":317616,"date":"2025-08-14T02:18:17","date_gmt":"2025-08-14T02:18:17","guid":{"rendered":"https:\/\/www.europesays.com\/fr\/317616\/"},"modified":"2025-08-14T02:18:17","modified_gmt":"2025-08-14T02:18:17","slug":"une-amende-salee-si-vous-pretez-votre-voiture-a-un-proche-ou-ami-des-le-1er-septembre-info-ou-intox","status":"publish","type":"post","link":"https:\/\/www.europesays.com\/fr\/317616\/","title":{"rendered":"Une amende sal\u00e9e si vous pr\u00eatez votre voiture \u00e0 un proche ou ami d\u00e8s le 1er septembre : info ou intox ?"},"content":{"rendered":"<p>Pr\u00eater sa voiture \u00e0 un proche pourrait bient\u00f4t co\u00fbter 750 euros d&rsquo;amende. Qu&rsquo;en est-il vraiment ? <\/p>\n<p>Ils nous est tous arriv\u00e9s de <a href=\"https:\/\/www.pleinevie.fr\/conso-argent\/transports\/le-permis-a-vie-pour-les-seniors-cest-fini-voici-les-nouvelles-regles-que-lunion-europeenne-veut-mettre-en-place-164421.html\" rel=\"nofollow noopener\" target=\"_blank\">pr\u00eater son v\u00e9hicule<\/a> ou d&#8217;emprunter une voiture \u00e0 un proche ou ami. Selon une rumeur, ce geste bienveillant et gentil pourrait, \u00e0 partir de la rentr\u00e9e prochaine, vous causer quelques ennuis et m\u00eame <strong>vous valoir une grosse amende<\/strong>. Est-ce vrai ? On fait le point sur cette info qui circule et inqui\u00e8te les automobilistes.  Pr\u00eater sa voiture \u00e0 un proche : la v\u00e9rit\u00e9 sur l\u2019amende de 750 euros   Pr\u00eater sa voiture \u00e0 un membre de sa famille : quels risques ?  <\/p>\n<p>Depuis le d\u00e9but du mois d&rsquo;ao\u00fbt, une rumeur alarmante circule massivement sur les r\u00e9seaux sociaux tels que Facebook, Instagram et TikTok : <strong>pr\u00eater <a href=\"https:\/\/www.pleinevie.fr\/conso-argent\/transports\/cette-marque-de-voitures-est-la-plus-fiable-du-marche-selon-un-classement-168598.html\" rel=\"nofollow noopener\" target=\"_blank\">sa voiture<\/a> \u00e0 un proche<\/strong> sans d\u00e9claration pr\u00e9alable \u00e0 l\u2019Agence nationale des titres s\u00e9curis\u00e9s (ANTS) pourrait co\u00fbter 750 euros d\u2019amende \u00e0 partir du 1er septembre 2025. Plusieurs publications \u00e9voquent un \u00ab\u00a0nouvel article 324.2 du code de la route\u00a0\u00bb\u00a0et affirment que la mesure a \u00e9t\u00e9 vot\u00e9e par l\u2019Assembl\u00e9e nationale.<\/p>\n<p>V\u00e9rification faite, aucune loi en ce sens n\u2019existe. Le minist\u00e8re de l\u2019Int\u00e9rieur a confirm\u00e9 aupr\u00e8s de l\u2019<a href=\"https:\/\/www.francebleu.fr\/emissions\/c-est-pas-vrai\/non-vous-n-aurez-pas-d-amende-de-750-euros-si-vous-pretez-votre-voiture-a-un-proche-sans-l-avoir-declare-6999042\" rel=\"nofollow noopener\" target=\"_blank\">AFP<\/a> que \u00ab\u00a0cette information est fausse\u00a0\u00bb. Ni le site de l\u2019Assembl\u00e9e nationale, ni le Journal officiel ne font \u00e9tat d\u2019un texte imposant une telle d\u00e9claration. Les images de d\u00e9put\u00e9s applaudissant utilis\u00e9es dans certaines vid\u00e9os sont sorties de leur contexte et ne concernent pas le pr\u00eat d\u2019un v\u00e9hicule.<\/p>\n<p>  Une fake news amplifi\u00e9e par les r\u00e9seaux sociaux  <\/p>\n<p>Les publications virales, issues de comptes comme \u00ab Les infos en 60 secondes \u00bb ou \u00ab Actu France \u00bb, cumulent des centaines de milliers de vues. Ces <strong>contenus sensationnels<\/strong> sont con\u00e7us pour susciter l\u2019indignation et maximiser les interactions, g\u00e9n\u00e9rant ainsi des revenus pour leurs auteurs. Les internautes, croyant \u00e0 une atteinte \u00e0 leurs libert\u00e9s, r\u00e9agissent et partagent en masse, amplifiant la port\u00e9e de la rumeur. Dans la r\u00e9alit\u00e9, seule une situation pr\u00e9cise peut imposer une formalit\u00e9 : en cas de <strong>pr\u00eat longue dur\u00e9e<\/strong>, <a href=\"https:\/\/www.pleinevie.fr\/conso-argent\/transports\/la-carte-verte-cest-fini-voici-les-documents-a-montrer-en-cas-de-controle-sous-peine-damende-150472.html\" rel=\"nofollow noopener\" target=\"_blank\">l\u2019assurance du v\u00e9hicule<\/a> doit couvrir le <a href=\"https:\/\/www.pleinevie.fr\/loisirs\/internet\/rendre-sa-voiture-de-location-en-avance-lui-coute-203-e-de-plus-voici-la-clause-meconnue-qui-lexplique-165137.html\" rel=\"nofollow noopener\" target=\"_blank\">conducteur emprunteur<\/a>. En dehors de ce cadre, aucun texte ne pr\u00e9voit de sanction de 750 euros pour un pr\u00eat ponctuel !<\/p>\n<p>  Les bons r\u00e9flexes pour \u00e9viter de se faire pi\u00e9ger  <\/p>\n<p>Les experts recommandent de v\u00e9rifier syst\u00e9matiquement les informations trouv\u00e9es sur Internet avant de les relayer. Pour contrer la d\u00e9sinformation :<\/p>\n<ul>\n<li>Consultez les sites officiels (Assembl\u00e9e nationale, Journal officiel, minist\u00e8re de l\u2019Int\u00e9rieur).<\/li>\n<li>M\u00e9fiez-vous des comptes anonymes diffusant des \u00ab scoops \u00bb sans sources fiables.<\/li>\n<li>Ne commentez ni ne partagez de publications douteuses.<\/li>\n<li>Signalez les contenus trompeurs aux plateformes ou aux autorit\u00e9s comp\u00e9tentes.<\/li>\n<li>En cas de doute, adressez un mail \u00e0 <a href=\"https:\/\/www.pleinevie.fr\/cdn-cgi\/l\/email-protection\" class=\"__cf_email__\" data-cfemail=\"59303a3077382b3738282c3c2a192b383d30363f2b38373a3c773a3634\" rel=\"nofollow noopener\" target=\"_blank\">[email\u00a0protected]<\/a>.<\/li>\n<\/ul>\n","protected":false},"excerpt":{"rendered":"Pr\u00eater sa voiture \u00e0 un proche pourrait bient\u00f4t co\u00fbter 750 euros d&rsquo;amende. Qu&rsquo;en est-il vraiment ? Ils nous&hellip;\n","protected":false},"author":2,"featured_media":317617,"comment_status":"","ping_status":"","sticky":false,"template":"","format":"standard","meta":{"footnotes":""},"categories":[6],"tags":[35,10281,33,34,1011,27],"class_list":{"0":"post-317616","1":"post","2":"type-post","3":"status-publish","4":"format-standard","5":"has-post-thumbnail","7":"category-economie","8":"tag-business","9":"tag-buzz-nonli","10":"tag-economie","11":"tag-economy","12":"tag-fr","13":"tag-france"},"share_on_mastodon":{"url":"https:\/\/pubeurope.com\/@fr\/115024724198951108","error":""},"_links":{"self":[{"href":"https:\/\/www.europesays.com\/fr\/wp-json\/wp\/v2\/posts\/317616","targetHints":{"allow":["GET"]}}],"collection":[{"href":"https:\/\/www.europesays.com\/fr\/wp-json\/wp\/v2\/posts"}],"about":[{"href":"https:\/\/www.europesays.com\/fr\/wp-json\/wp\/v2\/types\/post"}],"author":[{"embeddable":true,"href":"https:\/\/www.europesays.com\/fr\/wp-json\/wp\/v2\/users\/2"}],"replies":[{"embeddable":true,"href":"https:\/\/www.europesays.com\/fr\/wp-json\/wp\/v2\/comments?post=317616"}],"version-history":[{"count":0,"href":"https:\/\/www.europesays.com\/fr\/wp-json\/wp\/v2\/posts\/317616\/revisions"}],"wp:featuredmedia":[{"embeddable":true,"href":"https:\/\/www.europesays.com\/fr\/wp-json\/wp\/v2\/media\/317617"}],"wp:attachment":[{"href":"https:\/\/www.europesays.com\/fr\/wp-json\/wp\/v2\/media?parent=317616"}],"wp:term":[{"taxonomy":"category","embeddable":true,"href":"https:\/\/www.europesays.com\/fr\/wp-json\/wp\/v2\/categories?post=317616"},{"taxonomy":"post_tag","embeddable":true,"href":"https:\/\/www.europesays.com\/fr\/wp-json\/wp\/v2\/tags?post=317616"}],"curies":[{"name":"wp","href":"https:\/\/api.w.org\/{rel}","templated":true}]}}