{"id":317626,"date":"2025-08-14T02:26:05","date_gmt":"2025-08-14T02:26:05","guid":{"rendered":"https:\/\/www.europesays.com\/fr\/317626\/"},"modified":"2025-08-14T02:26:05","modified_gmt":"2025-08-14T02:26:05","slug":"ligue-2-mercato-yannis-nahounou-rejoint-officiellement-las-nancy-lorraine","status":"publish","type":"post","link":"https:\/\/www.europesays.com\/fr\/317626\/","title":{"rendered":"Ligue 2. Mercato\u00a0: Yannis Nahounou rejoint officiellement l\u2019AS Nancy Lorraine"},"content":{"rendered":"<p>Comme nous vous l\u2019avions <a href=\"https:\/\/www.estrepublicain.fr\/sport\/2025\/08\/10\/l-as-nancy-lorraine-va-reprendre-son-recrutement-avec-le-jeune-defenseur-central-yannis-nahounou\" target=\"_blank\" rel=\"noopener\">annonc\u00e9 le week-end dernier<\/a> , l\u2019ASNL tient sa quatri\u00e8me recrue du mercato. \u00c0 l\u2019issue de sa visite m\u00e9dicale, le d\u00e9fenseur d\u2019origine ivoirienne Yannis Nahounou, n\u00e9 \u00e0 Meaux et \u00e2g\u00e9 de 21 ans, s\u2019est officiellement engag\u00e9 ce mardi matin pour les trois prochaines saisons. Ce jeune joueur longiligne, au profil semblable \u00e0 celui d\u2019un certain Alou Thiar\u00e9, pr\u00eat\u00e9 l\u2019an dernier par Le\u00a0Havre (L1), \u00e9voluait depuis l\u2019\u00e9t\u00e9 2024 en Serie B italienne, du c\u00f4t\u00e9 de la Reggiana. La Reggiana, o\u00f9 il a peu jou\u00e9, devant se contenter de cinq petites apparitions (aucune titularisation) sur l\u2019ensemble de la saison.<\/p>\n<p>Ce contenu est bloqu\u00e9 car vous n&rsquo;avez pas accept\u00e9 les cookies et autres traceurs.<\/p>\n<p>En cliquant sur \u00ab J\u2019accepte \u00bb, les cookies et autres traceurs seront d\u00e9pos\u00e9s et vous pourrez visualiser les contenus  (<a href=\"\" class=\"consentModule_policy\" target=\"_blank\" title=\"Consulter la politique de protection des donn\u00e9es du fournisseur\">plus d&rsquo;informations<\/a>).<\/p>\n<p>En cliquant sur \u00ab J\u2019accepte tous les cookies \u00bb, vous autorisez des d\u00e9p\u00f4ts de cookies et autres traceurs pour le stockage de vos donn\u00e9es sur nos sites et applications \u00e0 des fins de personnalisation et de ciblage publicitaire.<\/p>\n<p class=\"consentModule_secondaryText\">Vous gardez la possibilit\u00e9 de retirer votre consentement \u00e0 tout moment en consultant notre <a href=\"https:\/\/www.estrepublicain.fr\/protection-des-donnees\" target=\"_blank\" title=\"Consulter notre politique de protection des donn\u00e9es\" rel=\"noopener\">politique de protection des donn\u00e9es<\/a>. <br \/>&#13;<br \/>\n            <a href=\"https:\/\/www.estrepublicain.fr\/sport\/2025\/08\/12\/javascript:Didomi.notice.show()\" class=\"consentModule_cmp\" target=\"_blank\" rel=\"noopener\">G\u00e9rer mes choix<\/a>&#13;\n        <\/p>\n<p>&#13;<br \/>\n                        J&rsquo;accepte&#13;<br \/>\n            J&rsquo;accepte tous les cookies&#13;\n        <\/p>\n<p>Revenir en France repr\u00e9sente, pour ce joueur de grande taille (1,93\u00a0m) et r\u00e9put\u00e9 costaud dans les duels, pass\u00e9 par l\u2019INF Clairefontaine et form\u00e9 \u00e0 l\u2019OGC Nice, une belle opportunit\u00e9 de relancer sa jeune carri\u00e8re, lui qui avait \u00e9t\u00e9 s\u00e9lectionn\u00e9 en \u00e9quipe de France U20 \u00e0 l\u2019automne 2023.<\/p>\n<p>  En attendant Maouassa\u00a0?<\/p>\n<p>Pour l\u2019ASNL, c\u2019est l\u2019occasion, apr\u00e8s la signature <a href=\"https:\/\/www.estrepublicain.fr\/sport\/2025\/07\/03\/nehemiah-fernandez-nouveau-defenseur-de-l-as-nancy-lorraine-passe-par-le-psg-cotoyer-messi-neymar-et-mbappe-ca-permet-d-apprendre-plus-vite\" target=\"_blank\" rel=\"noopener\">en d\u00e9but de mercato de Nehemiah Fernandez<\/a>, de renforcer encore sa d\u00e9fense centrale. Car m\u00eame si l\u2019arri\u00e8re-garde nanc\u00e9ienne avait tenu le choc \u00e0 Rodez (0-0), il \u00e9tait urgent de trouver du renfort dans ce secteur si Nancy veut pouvoir continuer d\u2019\u00e9voluer avec trois centraux. Voil\u00e0 qui pourrait donc ressembler \u00e0 un pari gagnant-gagnant.<\/p>\n<p>La prochaine \u00e9tape dans le mercato nanc\u00e9ien pourrait d\u00e9sormais \u00eatre la signature de Faitout Maouassa.<\/p>\n","protected":false},"excerpt":{"rendered":"Comme nous vous l\u2019avions annonc\u00e9 le week-end dernier , l\u2019ASNL tient sa quatri\u00e8me recrue du mercato. \u00c0 l\u2019issue&hellip;\n","protected":false},"author":2,"featured_media":317627,"comment_status":"","ping_status":"","sticky":false,"template":"","format":"standard","meta":{"footnotes":""},"categories":[9635],"tags":[1111,11,3703,1707,1704,1706,1705,1777,674,107,1701,63,1011,27,775,23100,1702,1703,12,25,517,1700],"class_list":{"0":"post-317626","1":"post","2":"type-post","3":"status-publish","4":"format-standard","5":"has-post-thumbnail","7":"category-nancy","8":"tag-actu","9":"tag-actualites","10":"tag-asnl","11":"tag-edition-luneville","12":"tag-edition-nancy-et-agglomeration","13":"tag-edition-pont-a-mousson","14":"tag-edition-toul","15":"tag-eu","16":"tag-europe","17":"tag-fil-info","18":"tag-fil-info-sport","19":"tag-football","20":"tag-fr","21":"tag-france","22":"tag-grand-est","23":"tag-mercato-football","24":"tag-nancy","25":"tag-nancy-ville-54b","26":"tag-news","27":"tag-republique-francaise","28":"tag-sport","29":"tag-sport-lorrain"},"share_on_mastodon":{"url":"https:\/\/pubeurope.com\/@fr\/115024755618362714","error":""},"_links":{"self":[{"href":"https:\/\/www.europesays.com\/fr\/wp-json\/wp\/v2\/posts\/317626","targetHints":{"allow":["GET"]}}],"collection":[{"href":"https:\/\/www.europesays.com\/fr\/wp-json\/wp\/v2\/posts"}],"about":[{"href":"https:\/\/www.europesays.com\/fr\/wp-json\/wp\/v2\/types\/post"}],"author":[{"embeddable":true,"href":"https:\/\/www.europesays.com\/fr\/wp-json\/wp\/v2\/users\/2"}],"replies":[{"embeddable":true,"href":"https:\/\/www.europesays.com\/fr\/wp-json\/wp\/v2\/comments?post=317626"}],"version-history":[{"count":0,"href":"https:\/\/www.europesays.com\/fr\/wp-json\/wp\/v2\/posts\/317626\/revisions"}],"wp:featuredmedia":[{"embeddable":true,"href":"https:\/\/www.europesays.com\/fr\/wp-json\/wp\/v2\/media\/317627"}],"wp:attachment":[{"href":"https:\/\/www.europesays.com\/fr\/wp-json\/wp\/v2\/media?parent=317626"}],"wp:term":[{"taxonomy":"category","embeddable":true,"href":"https:\/\/www.europesays.com\/fr\/wp-json\/wp\/v2\/categories?post=317626"},{"taxonomy":"post_tag","embeddable":true,"href":"https:\/\/www.europesays.com\/fr\/wp-json\/wp\/v2\/tags?post=317626"}],"curies":[{"name":"wp","href":"https:\/\/api.w.org\/{rel}","templated":true}]}}