{"id":317637,"date":"2025-08-14T02:35:20","date_gmt":"2025-08-14T02:35:20","guid":{"rendered":"https:\/\/www.europesays.com\/fr\/317637\/"},"modified":"2025-08-14T02:35:20","modified_gmt":"2025-08-14T02:35:20","slug":"transfert-du-super-rugby-a-la-pro-d2-ce-puissant-avant-polyvalent-1m95-117-kilos-debarque-chez-un-cador","status":"publish","type":"post","link":"https:\/\/www.europesays.com\/fr\/317637\/","title":{"rendered":"TRANSFERT. Du Super Rugby \u00e0 la Pro D2, ce puissant avant polyvalent (1m95, 117 kilos) d\u00e9barque chez un cador"},"content":{"rendered":"<p>Le FC <a href=\"https:\/\/www.lerugbynistere.fr\/clubs\/fcg-grenoble.php\" ui-sref=\"app.team({teamId: 38})\" alt=\"Grenoble\" data-route=\"app.team\" data-param=\"teamId\" data-id=\"38\" rel=\"nofollow noopener\" target=\"_blank\">Grenoble<\/a> continue de muscler son pack pour la <a href=\"https:\/\/www.lerugbynistere.fr\/championnats\/pro-d2\" ui-sref=\"app.competition({competitionId: 2})\" alt=\"Pro D2\" data-route=\"app.competition\" data-param=\"competitionId\" data-id=\"2\" rel=\"nofollow noopener\" target=\"_blank\">Pro D2<\/a>. Apr\u00e8s le pr\u00eat de\u00a0<a href=\"https:\/\/www.lerugbynistere.fr\/fiches-joueurs\/tristan-labouteley.php\" ui-sref=\"app.player({playerId: 5985})\" alt=\"Tristan Labouteley\" data-route=\"app.player\" data-param=\"playerId\" data-id=\"5985\" rel=\"nofollow noopener\" target=\"_blank\">Tristan Labouteley<\/a> par l&rsquo;<a href=\"https:\/\/www.lerugbynistere.fr\/clubs\/usap-perpignan.php\" ui-sref=\"app.team({teamId: 52})\" alt=\"USAP\" data-route=\"app.team\" data-param=\"teamId\" data-id=\"52\" rel=\"nofollow noopener\" target=\"_blank\">USAP<\/a>, le club is\u00e9rois vient d\u2019annoncer la signature de <a href=\"https:\/\/www.lerugbynistere.fr\/fiches-joueurs\/josh-thompson.php\" ui-sref=\"app.player({playerId: 16076})\" alt=\"Josh Thompson\" data-route=\"app.player\" data-param=\"playerId\" data-id=\"16076\" rel=\"nofollow noopener\" target=\"_blank\">Josh Thompson<\/a>, deuxi\u00e8me ou troisi\u00e8me ligne australien d\u2019origine fidjienne (1m95, 117 kg), pour deux saisons, jusqu\u2019en 2027.<\/p>\n<p>Des <a href=\"https:\/\/www.lerugbynistere.fr\/equipes-nationales\/fidji.php\" ui-sref=\"app.team({teamId: 59})\" alt=\"Fidji\" data-route=\"app.team\" data-param=\"teamId\" data-id=\"59\" rel=\"nofollow noopener\" target=\"_blank\">Fidji<\/a> \u00e0 l\u2019Australie, du XIII au XV<\/p>\n<p>N\u00e9 \u00e0 Suva (Fidji) le 8 d\u00e9cembre 2000, Thompson a d\u2019abord fait ses gammes dans le rugby \u00e0 XIII, int\u00e9grant les acad\u00e9mies des Newcastle Knights puis des Canberra Raiders.\u00a0En 2022, il franchit le pas vers le XV, encha\u00eenant avec les Western Sydney Two Blues puis West Harbour RFC dans le championnat australien.<\/p>\n<p>En ao\u00fbt 2024, la <a href=\"https:\/\/www.lerugbynistere.fr\/clubs\/western-force.php\" ui-sref=\"app.team({teamId: 2304})\" alt=\"Western Force\" data-route=\"app.team\" data-param=\"teamId\" data-id=\"2304\" rel=\"nofollow noopener\" target=\"_blank\">Western Force<\/a> le rep\u00e8re et l\u2019int\u00e8gre \u00e0 son effectif pour le <a href=\"https:\/\/www.lerugbynistere.fr\/championnats\/super-rugby\" ui-sref=\"app.competition({competitionId: 8})\" alt=\"Super Rugby\" data-route=\"app.competition\" data-param=\"competitionId\" data-id=\"8\" rel=\"nofollow noopener\" target=\"_blank\">Super Rugby<\/a> Pacific 2024-2025. Il y dispute ses premi\u00e8res minutes en sortie de banc contre les <a href=\"https:\/\/www.lerugbynistere.fr\/clubs\/waratahs.php\" ui-sref=\"app.team({teamId: 2303})\" alt=\"Waratahs\" data-route=\"app.team\" data-param=\"teamId\" data-id=\"2303\" rel=\"nofollow noopener\" target=\"_blank\">Waratahs<\/a>. <strong>Un passage \u00e9clair mais suffisant pour taper dans l\u2019\u0153il des recruteurs grenoblois.<\/strong><\/p>\n<p>Puissance et polyvalence au menu<\/p>\n<p>\u00ab Josh est un joueur australien d\u2019origine fidjienne, qui nous vient de la Western Force ! C\u2019est un joueur polyvalent 5-6-8, puissant, porteur de balles, qui va nous apporter toute sa puissance. Il n\u2019est pas encore connu en <a href=\"https:\/\/www.lerugbynistere.fr\/equipes-nationales\/xv-de-france.php\" ui-sref=\"app.team({teamId: 65})\" alt=\"France\" data-route=\"app.team\" data-param=\"teamId\" data-id=\"65\" rel=\"nofollow noopener\" target=\"_blank\">France<\/a> car il a jou\u00e9 loin jusqu\u2019\u00e0 pr\u00e9sent (western), et on a h\u00e2te de le voir s\u2019illustrer \u00e0 Grenoble ! La Pro D2 ne fait que se renforcer, et on avait besoin de ce profil, et de sa puissance \u00bb, explique Aubin Hueber, directeur du rugby du FCG.<\/p>\n<p>Grenoble muscle son jeu<\/p>\n<p>Avec ses mensurations et sa capacit\u00e9 \u00e0 jouer sur trois postes de la 2e et 3e ligne, Thompson colle parfaitement au profil physique r\u00e9clam\u00e9 en Pro D2. Port\u00e9 vers l\u2019impact et la conqu\u00eate, <strong>il pourrait rapidement s\u2019imposer comme un atout dans les rucks et sur ballons port\u00e9s.<\/strong><\/p>\n<p>Cette arriv\u00e9e confirme la volont\u00e9 du FCG d&rsquo;\u00eatre une fois encore dans la course au <a href=\"https:\/\/www.lerugbynistere.fr\/championnats\/top-14\" ui-sref=\"app.competition({competitionId: 1})\" alt=\"Top 14\" data-route=\"app.competition\" data-param=\"competitionId\" data-id=\"1\" rel=\"nofollow noopener\" target=\"_blank\">Top 14<\/a>. Grenoble ajoute un nouvel atout dans un secteur de jeu o\u00f9 la densit\u00e9 physique fait souvent la diff\u00e9rence. Et o\u00f9 les Grenoblois ne pourront plus compter sur Muarua (<a href=\"https:\/\/www.lerugbynistere.fr\/clubs\/asm-clermont-auvergne.php\" ui-sref=\"app.team({teamId: 31})\" alt=\"Clermont\" data-route=\"app.team\" data-param=\"teamId\" data-id=\"31\" rel=\"nofollow noopener\" target=\"_blank\">Clermont<\/a>), Lainault (<a href=\"https:\/\/www.lerugbynistere.fr\/clubs\/racing-metro-92.php\" ui-sref=\"app.team({teamId: 29})\" alt=\"Racing 92\" data-route=\"app.team\" data-param=\"teamId\" data-id=\"29\" rel=\"nofollow noopener\" target=\"_blank\">Racing 92<\/a>), Philips (Rouen) et Pieterse (<a href=\"https:\/\/www.lerugbynistere.fr\/equipes-nationales\/japon.php\" ui-sref=\"app.team({teamId: 64})\" alt=\"Japon\" data-route=\"app.team\" data-param=\"teamId\" data-id=\"64\" rel=\"nofollow noopener\" target=\"_blank\">Japon<\/a>).\u00a0<\/p>\n<p>Encore inconnu en France, Thompson aura \u00e0 c\u0153ur de marquer les esprits d\u00e8s ses premi\u00e8res minutes sous le maillot rouge et bleu. Grenoble, lui, esp\u00e8re avoir d\u00e9nich\u00e9 une nouvelle p\u00e9pite venue de l\u2019h\u00e9misph\u00e8re sud.<\/p>\n","protected":false},"excerpt":{"rendered":"Le FC Grenoble continue de muscler son pack pour la Pro D2. Apr\u00e8s le pr\u00eat de\u00a0Tristan Labouteley par&hellip;\n","protected":false},"author":2,"featured_media":317638,"comment_status":"","ping_status":"","sticky":false,"template":"","format":"standard","meta":{"footnotes":""},"categories":[9566],"tags":[1111,11,2430,1777,674,1011,27,2731,12,25],"class_list":{"0":"post-317637","1":"post","2":"type-post","3":"status-publish","4":"format-standard","5":"has-post-thumbnail","7":"category-grenoble","8":"tag-actu","9":"tag-actualites","10":"tag-auvergne-rhone-alpes","11":"tag-eu","12":"tag-europe","13":"tag-fr","14":"tag-france","15":"tag-grenoble","16":"tag-news","17":"tag-republique-francaise"},"share_on_mastodon":{"url":"https:\/\/pubeurope.com\/@fr\/115024791014090954","error":""},"_links":{"self":[{"href":"https:\/\/www.europesays.com\/fr\/wp-json\/wp\/v2\/posts\/317637","targetHints":{"allow":["GET"]}}],"collection":[{"href":"https:\/\/www.europesays.com\/fr\/wp-json\/wp\/v2\/posts"}],"about":[{"href":"https:\/\/www.europesays.com\/fr\/wp-json\/wp\/v2\/types\/post"}],"author":[{"embeddable":true,"href":"https:\/\/www.europesays.com\/fr\/wp-json\/wp\/v2\/users\/2"}],"replies":[{"embeddable":true,"href":"https:\/\/www.europesays.com\/fr\/wp-json\/wp\/v2\/comments?post=317637"}],"version-history":[{"count":0,"href":"https:\/\/www.europesays.com\/fr\/wp-json\/wp\/v2\/posts\/317637\/revisions"}],"wp:featuredmedia":[{"embeddable":true,"href":"https:\/\/www.europesays.com\/fr\/wp-json\/wp\/v2\/media\/317638"}],"wp:attachment":[{"href":"https:\/\/www.europesays.com\/fr\/wp-json\/wp\/v2\/media?parent=317637"}],"wp:term":[{"taxonomy":"category","embeddable":true,"href":"https:\/\/www.europesays.com\/fr\/wp-json\/wp\/v2\/categories?post=317637"},{"taxonomy":"post_tag","embeddable":true,"href":"https:\/\/www.europesays.com\/fr\/wp-json\/wp\/v2\/tags?post=317637"}],"curies":[{"name":"wp","href":"https:\/\/api.w.org\/{rel}","templated":true}]}}