{"id":317639,"date":"2025-08-14T02:37:41","date_gmt":"2025-08-14T02:37:41","guid":{"rendered":"https:\/\/www.europesays.com\/fr\/317639\/"},"modified":"2025-08-14T02:37:41","modified_gmt":"2025-08-14T02:37:41","slug":"accord-total-entre-le-srfc-et-mahdi-camara","status":"publish","type":"post","link":"https:\/\/www.europesays.com\/fr\/317639\/","title":{"rendered":"Accord total entre le SRFC et Mahdi Camara !"},"content":{"rendered":"<p>Les dirigeants du Stade Rennais sont tr\u00e8s actifs depuis le d\u00e9but de l&rsquo;\u00e9t\u00e9. Du c\u00f4t\u00e9 des ventes, plusieurs d\u00e9parts sont encore pr\u00e9vus. <a href=\"https:\/\/www.dailymercato.com\/news\/mercato-rennes-apres-meister-le-grand-menage-continue-avec-8-departs-en-vue\" rel=\"nofollow noopener\" target=\"_blank\">Le SRFC va bel et bien faire un \u00e9norme m\u00e9nage<\/a>, avec pas moins de <strong>8 joueurs pouss\u00e9s vers la sortie<\/strong>. Une situation qui pousse Habib Beye \u00e0 renforcer son effectif.<\/p>\n<p>Pour l&rsquo;instant, <strong>le mercato de Rennes a d\u00e9pens\u00e9 33,25M\u20ac<\/strong> pour recruter Merlin, brassier, Rongier et Frankowski. Alors que le club breton va faire sa rentr\u00e9e en <a href=\"https:\/\/www.dailymercato.com\/ligue-1\" rel=\"nofollow noopener\" target=\"_blank\">Ligue 1<\/a> contre l&rsquo;OM ce vendredi 15 ao\u00fbt, un renfort au milieu est pr\u00e9vu dans les prochains jours.<\/p>\n<p>Le Stade Rennais aura d\u00e9pens\u00e9 40M\u20ac cet \u00e9t\u00e9<\/p>\n<p>Selon Fabrice Hawkins, les responsables du <a href=\"https:\/\/www.dailymercato.com\/club\/stade-rennais-fc-24\" rel=\"nofollow noopener\" target=\"_blank\">SRFC<\/a> et du Stade Brestois sont tomb\u00e9s d&rsquo;accord pour le transfert de Mahdi Camara. <strong>Le milieu de 27 ans pourrait d\u00e9barquer \u00e0 Rennes contre un montant de 8M\u20ac<\/strong>. Une somme plus que correcte, quand on sait que la Premier League \u00e9tait int\u00e9ress\u00e9e par l&rsquo;ex joueur de l&rsquo;ASSE.<\/p>\n<p>Camara a encore r\u00e9alis\u00e9 une saison pleine, et a grandement particip\u00e9 \u00e0 la belle campagne europ\u00e9enne du SB29. Form\u00e9 \u00e0 Saint-Etienne, le milieu relayeur n&rsquo;a jamais connu autre chose que le championnat de France. En revanche, <strong>il apportera \u00e9norm\u00e9ment de stabilit\u00e9 dans l&rsquo;entrejeu du Stade Rennais<\/strong>, avec ses 182 matchs de Ligue 1 et son profil box-to-box.<\/p>\n<blockquote class=\"twitter-tweet\"><p>&#13;<\/p>\n<p dir=\"ltr\" lang=\"fr\">(\ud83d\udd34\u26ab&amp;\ud83d\udd34\ud83c\udff4\u200d\u2620\ufe0f)<\/p>\n<p>\ud83d\udea8Accord total trouv\u00e9 entre Rennes et Brest pour Mahdi Camara \u2705\ud83d\udcdd<\/p>\n<p>\u27a1\ufe0fLe co\u00fbt du transfert avoisine les 8 M\u20ac \ud83d\udcb0 <\/p>\n<p>\u27a1\ufe0fVisite m\u00e9dicale ce soir pour le milieu de terrain\u23f3\ud83d\udc40<a href=\"https:\/\/twitter.com\/hashtag\/BREST?src=hash&amp;ref_src=twsrc%5Etfw\" rel=\"nofollow noopener\" target=\"_blank\">#BREST<\/a> <a href=\"https:\/\/twitter.com\/hashtag\/SRFC?src=hash&amp;ref_src=twsrc%5Etfw\" rel=\"nofollow noopener\" target=\"_blank\">#SRFC<\/a><\/p>\n<p>(<a href=\"https:\/\/twitter.com\/FabriceHawkins?ref_src=twsrc%5Etfw\" rel=\"nofollow noopener\" target=\"_blank\">@FabriceHawkins<\/a>) <a href=\"https:\/\/t.co\/Bg0WGEU7zD\" rel=\"nofollow\">pic.twitter.com\/Bg0WGEU7zD<\/a><\/p>\n<p>&#13;<br \/>\n\u2014 Transfert Radar (@TransfertRadar) <a href=\"https:\/\/twitter.com\/TransfertRadar\/status\/1955656691615436803?ref_src=twsrc%5Etfw\" rel=\"nofollow noopener\" target=\"_blank\">August 13, 2025<\/a><\/p><\/blockquote>\n<p>Supporter st\u00e9phanois, je ne perds pas espoir de revoir les Verts retrouver les sommets. En attendant, je m&rsquo;endes clu remets aux autres clubs historiques du football fran\u00e7ais pour prendre mon mal en patience, et ainsi admirer des clubs comme Strasbourg ou le RC Lens.<\/p>\n<p>            <script async src=\"https:\/\/platform.twitter.com\/widgets.js\" charset=\"utf-8\"><\/script><\/p>\n","protected":false},"excerpt":{"rendered":"Les dirigeants du Stade Rennais sont tr\u00e8s actifs depuis le d\u00e9but de l&rsquo;\u00e9t\u00e9. Du c\u00f4t\u00e9 des ventes, plusieurs&hellip;\n","protected":false},"author":2,"featured_media":317640,"comment_status":"","ping_status":"","sticky":false,"template":"","format":"standard","meta":{"footnotes":""},"categories":[2821],"tags":[1111,11,829,1777,674,1011,27,12,584,25],"class_list":{"0":"post-317639","1":"post","2":"type-post","3":"status-publish","4":"format-standard","5":"has-post-thumbnail","7":"category-rennes","8":"tag-actu","9":"tag-actualites","10":"tag-bretagne","11":"tag-eu","12":"tag-europe","13":"tag-fr","14":"tag-france","15":"tag-news","16":"tag-rennes","17":"tag-republique-francaise"},"share_on_mastodon":{"url":"https:\/\/pubeurope.com\/@fr\/115024798887400605","error":""},"_links":{"self":[{"href":"https:\/\/www.europesays.com\/fr\/wp-json\/wp\/v2\/posts\/317639","targetHints":{"allow":["GET"]}}],"collection":[{"href":"https:\/\/www.europesays.com\/fr\/wp-json\/wp\/v2\/posts"}],"about":[{"href":"https:\/\/www.europesays.com\/fr\/wp-json\/wp\/v2\/types\/post"}],"author":[{"embeddable":true,"href":"https:\/\/www.europesays.com\/fr\/wp-json\/wp\/v2\/users\/2"}],"replies":[{"embeddable":true,"href":"https:\/\/www.europesays.com\/fr\/wp-json\/wp\/v2\/comments?post=317639"}],"version-history":[{"count":0,"href":"https:\/\/www.europesays.com\/fr\/wp-json\/wp\/v2\/posts\/317639\/revisions"}],"wp:featuredmedia":[{"embeddable":true,"href":"https:\/\/www.europesays.com\/fr\/wp-json\/wp\/v2\/media\/317640"}],"wp:attachment":[{"href":"https:\/\/www.europesays.com\/fr\/wp-json\/wp\/v2\/media?parent=317639"}],"wp:term":[{"taxonomy":"category","embeddable":true,"href":"https:\/\/www.europesays.com\/fr\/wp-json\/wp\/v2\/categories?post=317639"},{"taxonomy":"post_tag","embeddable":true,"href":"https:\/\/www.europesays.com\/fr\/wp-json\/wp\/v2\/tags?post=317639"}],"curies":[{"name":"wp","href":"https:\/\/api.w.org\/{rel}","templated":true}]}}