{"id":317660,"date":"2025-08-14T02:53:13","date_gmt":"2025-08-14T02:53:13","guid":{"rendered":"https:\/\/www.europesays.com\/fr\/317660\/"},"modified":"2025-08-14T02:53:13","modified_gmt":"2025-08-14T02:53:13","slug":"il-y-a-une-forte-volonte-de-marseille-et-le-joueur-est-ultra-chaud-pour-venir","status":"publish","type":"post","link":"https:\/\/www.europesays.com\/fr\/317660\/","title":{"rendered":"Il y a une forte volont\u00e9 de Marseille\u2026 et le joueur est ultra chaud pour venir !"},"content":{"rendered":"<p data-start=\"382\" data-end=\"760\"><strong>Bien que les n\u00e9gociations entre l\u2019OM et le Club Bruges pour Joel Ord\u00f3\u00f1ez soient toujours en cours, le d\u00e9fenseur \u00e9quatorien reste une cible prioritaire pour le club phoc\u00e9en. Selon S\u00e9bastien Denis, malgr\u00e9 la forte volont\u00e9 du joueur et du club, des contraintes financi\u00e8res et une gestion d\u00e9licate du recrutement obligent l\u2019OM \u00e0 avancer prudemment pour concr\u00e9tiser ce transfert.<\/strong><\/p>\n<p data-start=\"817\" data-end=\"856\">S\u00e9bastien Denis clarifie la situation :\u00ab Ce qui est s\u00fbr avec Ord\u00f3\u00f1ez, c\u2019est que les discussions sont toujours l\u00e0 entre les clubs\u2026 le contact n\u2019est pas rompu, bien au contraire. Mais forc\u00e9ment\u2026 Ord\u00f3\u00f1ez est un co\u00fbt important. Il faut que Marseille continue de d\u00e9graisser en parall\u00e8le pour pouvoir d\u00e9gager des liquidit\u00e9s. \u00bb Il souligne ainsi que le dossier n\u2019est pas bloqu\u00e9, mais qu\u2019il est subordonn\u00e9 aux ajustements financiers du club.<\/p>\n<p data-start=\"817\" data-end=\"856\">A lire aussi :\u00a0<a href=\"https:\/\/www.footballclubdemarseille.fr\/actu-foot\/mercato-concurrent-om-lille-a-trouve-le-successeur-de-chevalier.html\" rel=\"nofollow noopener\" target=\"_blank\">Mercato concurrent OM : Un nouveau gardien d\u00e9barque au LOSC pour remplacer Chevalier<\/a><\/p>\n<p>Le joueur tr\u00e8s engag\u00e9, l\u2019OM aussi<\/p>\n<p data-start=\"1347\" data-end=\"1387\">Denis insiste sur l\u2019envie du d\u00e9fenseur :\u00ab Il y a une forte volont\u00e9 de Marseille\u2026 et le joueur est ultra chaud pour venir, il en a fait une priorit\u00e9. \u00bb<\/p>\n<p data-start=\"1507\" data-end=\"1738\">L\u2019enthousiasme d\u2019Ord\u00f3\u00f1ez pour le projet marseillais est donc r\u00e9el, tout comme la d\u00e9termination du club \u00e0 le recruter, mais la concr\u00e9tisation de l\u2019op\u00e9ration d\u00e9pendra de nombreux autres facteurs.<\/p>\n<p data-start=\"1507\" data-end=\"1738\">\n<p>\u00a0Un accord encore incertain<\/p>\n<p data-start=\"1781\" data-end=\"1823\">S\u00e9bastien Denis plaide pour un \u00e9quilibre :\u00ab Est-ce qu\u2019il va venir, et est-ce que tout le monde y trouvera son compte, c\u2019est difficile \u00e0 dire aujourd\u2019hui. Pour qu\u2019un transfert aboutisse, il faut que tout le monde soit d\u2019accord\u2026 et ce n\u2019est pas le cas aujourd\u2019hui. \u00bb<\/p>\n<p data-start=\"2055\" data-end=\"2293\">Le contexte financier, les exigences de Bruges, et les ambitions de l\u2019OM compliquent pour l\u2019instant l\u2019issue de ce dossier.<\/p>\n<p data-start=\"2055\" data-end=\"2293\">A lire aussi: <a href=\"https:\/\/www.footballclubdemarseille.fr\/actu-foot\/mercato-concurrent-om-lille-a-trouve-le-successeur-de-chevalier.html\" rel=\"nofollow noopener\" target=\"_blank\">Mercato concurrent OM : Un nouveau gardien d\u00e9barque au LOSC pour remplacer Chevalier<\/a><\/p>\n","protected":false},"excerpt":{"rendered":"Bien que les n\u00e9gociations entre l\u2019OM et le Club Bruges pour Joel Ord\u00f3\u00f1ez soient toujours en cours, le&hellip;\n","protected":false},"author":2,"featured_media":130575,"comment_status":"","ping_status":"","sticky":false,"template":"","format":"standard","meta":{"footnotes":""},"categories":[2814],"tags":[1111,11,1777,674,1011,27,884,12,882,25],"class_list":{"0":"post-317660","1":"post","2":"type-post","3":"status-publish","4":"format-standard","5":"has-post-thumbnail","7":"category-marseille","8":"tag-actu","9":"tag-actualites","10":"tag-eu","11":"tag-europe","12":"tag-fr","13":"tag-france","14":"tag-marseille","15":"tag-news","16":"tag-provence-alpes-cote-dazur","17":"tag-republique-francaise"},"share_on_mastodon":{"url":"https:\/\/pubeurope.com\/@fr\/115024861842988687","error":""},"_links":{"self":[{"href":"https:\/\/www.europesays.com\/fr\/wp-json\/wp\/v2\/posts\/317660","targetHints":{"allow":["GET"]}}],"collection":[{"href":"https:\/\/www.europesays.com\/fr\/wp-json\/wp\/v2\/posts"}],"about":[{"href":"https:\/\/www.europesays.com\/fr\/wp-json\/wp\/v2\/types\/post"}],"author":[{"embeddable":true,"href":"https:\/\/www.europesays.com\/fr\/wp-json\/wp\/v2\/users\/2"}],"replies":[{"embeddable":true,"href":"https:\/\/www.europesays.com\/fr\/wp-json\/wp\/v2\/comments?post=317660"}],"version-history":[{"count":0,"href":"https:\/\/www.europesays.com\/fr\/wp-json\/wp\/v2\/posts\/317660\/revisions"}],"wp:featuredmedia":[{"embeddable":true,"href":"https:\/\/www.europesays.com\/fr\/wp-json\/wp\/v2\/media\/130575"}],"wp:attachment":[{"href":"https:\/\/www.europesays.com\/fr\/wp-json\/wp\/v2\/media?parent=317660"}],"wp:term":[{"taxonomy":"category","embeddable":true,"href":"https:\/\/www.europesays.com\/fr\/wp-json\/wp\/v2\/categories?post=317660"},{"taxonomy":"post_tag","embeddable":true,"href":"https:\/\/www.europesays.com\/fr\/wp-json\/wp\/v2\/tags?post=317660"}],"curies":[{"name":"wp","href":"https:\/\/api.w.org\/{rel}","templated":true}]}}