{"id":317661,"date":"2025-08-14T02:54:34","date_gmt":"2025-08-14T02:54:34","guid":{"rendered":"https:\/\/www.europesays.com\/fr\/317661\/"},"modified":"2025-08-14T02:54:34","modified_gmt":"2025-08-14T02:54:34","slug":"le-departement-place-en-vigilance-jaune-des-ce-mercredi-soir","status":"publish","type":"post","link":"https:\/\/www.europesays.com\/fr\/317661\/","title":{"rendered":"le d\u00e9partement plac\u00e9 en vigilance jaune d\u00e8s ce mercredi soir"},"content":{"rendered":"<p>Cela fait d\u00e9sormais six jours que le Rh\u00f4ne fait face \u00e0 une vague de chaleur d&rsquo;une grande ampleur, avec des temp\u00e9ratures maximales s&rsquo;approchant des 40 \u00b0C. De quoi r\u00e9unir les conditions n\u00e9cessaires \u00e0 l&rsquo;apparition d&rsquo;orages.<\/p>\n<p>Le verdict est d\u00e9sormais connu : ils devraient se manifester en fin de journ\u00e9e, ce mercredi 13 ao\u00fbt. M\u00e9t\u00e9o France a ainsi plac\u00e9 le d\u00e9partement en vigilance jaune orages de 18 heures et \u00e0 23 heures environ.<\/p>\n<p>Selon les pr\u00e9visions, l&rsquo;ensemble du d\u00e9partement pourrait \u00eatre touch\u00e9 par ces orages ou averses orageuses, notamment vers 21 et 22 heures. Ils pourraient \u00eatre accompagn\u00e9s de rafales de vent, de 50 \u00e0 60 km\/h.<\/p>\n<p>Les pr\u00e9cipitations s&rsquo;arr\u00eateront dans la nuit et ne rafra\u00eechiront l&rsquo;air qu&rsquo;\u00e0 la marge. Les temp\u00e9ratures nocturnes devraient s&rsquo;\u00e9chelonner entre 21 \u00b0C au nord du d\u00e9partement et 27 \u00b0C \u00e0 Lyon. Elles repartiront rapidement \u00e0 la hausse ce jeudi, de 32 \u00e0 37 \u00b0C selon M\u00e9t\u00e9o France.<\/p>\n","protected":false},"excerpt":{"rendered":"Cela fait d\u00e9sormais six jours que le Rh\u00f4ne fait face \u00e0 une vague de chaleur d&rsquo;une grande ampleur,&hellip;\n","protected":false},"author":2,"featured_media":317662,"comment_status":"","ping_status":"","sticky":false,"template":"","format":"standard","meta":{"footnotes":""},"categories":[1889],"tags":[1111,11,2430,3152,2757,3153,3154,3155,3156,1777,674,107,1011,27,2428,8423,12,25,2429],"class_list":{"0":"post-317661","1":"post","2":"type-post","3":"status-publish","4":"format-standard","5":"has-post-thumbnail","7":"category-lyon","8":"tag-actu","9":"tag-actualites","10":"tag-auvergne-rhone-alpes","11":"tag-edition-est-lyonnais","12":"tag-edition-lyon-villeurbanne","13":"tag-edition-ouest-lyonnais","14":"tag-edition-sud-lyonnais","15":"tag-edition-tarare","16":"tag-edition-villefranche","17":"tag-eu","18":"tag-europe","19":"tag-fil-info","20":"tag-fr","21":"tag-france","22":"tag-lyon","23":"tag-meteorologie-climat","24":"tag-news","25":"tag-republique-francaise","26":"tag-rhone"},"share_on_mastodon":{"url":"https:\/\/pubeurope.com\/@fr\/115024865954628239","error":""},"_links":{"self":[{"href":"https:\/\/www.europesays.com\/fr\/wp-json\/wp\/v2\/posts\/317661","targetHints":{"allow":["GET"]}}],"collection":[{"href":"https:\/\/www.europesays.com\/fr\/wp-json\/wp\/v2\/posts"}],"about":[{"href":"https:\/\/www.europesays.com\/fr\/wp-json\/wp\/v2\/types\/post"}],"author":[{"embeddable":true,"href":"https:\/\/www.europesays.com\/fr\/wp-json\/wp\/v2\/users\/2"}],"replies":[{"embeddable":true,"href":"https:\/\/www.europesays.com\/fr\/wp-json\/wp\/v2\/comments?post=317661"}],"version-history":[{"count":0,"href":"https:\/\/www.europesays.com\/fr\/wp-json\/wp\/v2\/posts\/317661\/revisions"}],"wp:featuredmedia":[{"embeddable":true,"href":"https:\/\/www.europesays.com\/fr\/wp-json\/wp\/v2\/media\/317662"}],"wp:attachment":[{"href":"https:\/\/www.europesays.com\/fr\/wp-json\/wp\/v2\/media?parent=317661"}],"wp:term":[{"taxonomy":"category","embeddable":true,"href":"https:\/\/www.europesays.com\/fr\/wp-json\/wp\/v2\/categories?post=317661"},{"taxonomy":"post_tag","embeddable":true,"href":"https:\/\/www.europesays.com\/fr\/wp-json\/wp\/v2\/tags?post=317661"}],"curies":[{"name":"wp","href":"https:\/\/api.w.org\/{rel}","templated":true}]}}