{"id":317679,"date":"2025-08-14T03:05:40","date_gmt":"2025-08-14T03:05:40","guid":{"rendered":"https:\/\/www.europesays.com\/fr\/317679\/"},"modified":"2025-08-14T03:05:40","modified_gmt":"2025-08-14T03:05:40","slug":"le-royaume-uni-va-retablir-sa-dissuasion-nucleaire-aeroportee-lexpress","status":"publish","type":"post","link":"https:\/\/www.europesays.com\/fr\/317679\/","title":{"rendered":"le Royaume-Uni va r\u00e9tablir sa dissuasion nucl\u00e9aire a\u00e9roport\u00e9e \u2013 L&rsquo;Express"},"content":{"rendered":"<p class=\"paragraph article-body-paragraph article__item   article-body-paragraph--first \">Les sous-marins ne suffisent plus. Le <a href=\"https:\/\/La France et le Royaume-Uni, nouveaux leaders de l\u2019Europe\" target=\"_self\" rel=\"nofollow\" title=\"https:\/\/La France et le Royaume-Uni, nouveaux leaders de l\u2019Europe\">Royaume-Uni<\/a> va participer \u00e0 la <a href=\"https:\/\/www.lexpress.fr\/monde\/europe\/dissuasion-nucleaire-francaise-la-revolution-qui-vient-CPGZRVTYWNBQRKFMKQT5355ABI\/\" target=\"_self\" rel=\"nofollow noopener\" title=\"https:\/\/www.lexpress.fr\/monde\/europe\/dissuasion-nucleaire-francaise-la-revolution-qui-vient-CPGZRVTYWNBQRKFMKQT5355ABI\/\">dissuasion nucl\u00e9aire<\/a> a\u00e9roport\u00e9e de l\u2019Otan en compl\u00e9ment de la dissuasion par sous-marin dont il dispose aujourd\u2019hui, en achetant douze avions F-35 capables de transporter des ogives nucl\u00e9aires, a indiqu\u00e9 Downing Street mardi 24 juin.<\/p>\n<p class=\"paragraph article-body-paragraph article__item   \">Le Premier ministre britannique <a href=\"https:\/\/www.lexpress.fr\/monde\/europe\/face-a-la-menace-russe-keir-starmer-veut-retablir-la-capacite-de-combat-de-larmee-britannique-YV5X4ARNONH5DO7ZDPBMFGPFUI\/\" target=\"_self\" rel=\"nofollow noopener\" title=\"https:\/\/www.lexpress.fr\/monde\/europe\/face-a-la-menace-russe-keir-starmer-veut-retablir-la-capacite-de-combat-de-larmee-britannique-YV5X4ARNONH5DO7ZDPBMFGPFUI\/\">Keir Starmer<\/a> annoncera mercredi lors du <a href=\"https:\/\/www.lexpress.fr\/monde\/europe\/sommet-de-la-haye-donald-trump-a-deja-rompu-avec-la-politique-du-consensus-a-lotan-MNLPJQIAQVG53K7TMBM4YGUUAE\/\" target=\"_self\" rel=\"nofollow noopener\" title=\"https:\/\/www.lexpress.fr\/monde\/europe\/sommet-de-la-haye-donald-trump-a-deja-rompu-avec-la-politique-du-consensus-a-lotan-MNLPJQIAQVG53K7TMBM4YGUUAE\/\">sommet de l\u2019Alliance \u00e0 La Haye<\/a> cet achat qui constitue, selon son bureau, \u00ab\u00a0le plus grand renforcement du dispositif nucl\u00e9aire du Royaume-Uni depuis une g\u00e9n\u00e9ration\u00a0\u00bb. \u00ab\u00a0Ces avions F-35 \u00e0 double capacit\u00e9 (DCA) vont faire entrer le leader mondial qu\u2019est la Royal Air Force dans une nouvelle \u00e8re, et dissuaderont les menaces hostiles qui p\u00e8sent sur le Royaume-Uni et ses alli\u00e9s\u00a0\u00bb, a d\u00e9clar\u00e9 Keir Starmer dans un communiqu\u00e9.<\/p>\n<p><strong class=\"article-body-link-list__item text-gray-800 article-body-link-list__item--one-item\">LIRE AUSSI : <a class=\"article-body-link-list__item-link\" href=\"https:\/\/www.lexpress.fr\/monde\/europe\/sommet-de-la-haye-donald-trump-a-deja-rompu-avec-la-politique-du-consensus-a-lotan-MNLPJQIAQVG53K7TMBM4YGUUAE\/\" target=\"_blank\" rel=\"noreferrer nofollow noopener\">Sommet de La Haye : \u00ab\u00a0Donald Trump a d\u00e9j\u00e0 rompu avec la politique du consensus \u00e0 l\u2019Otan\u00a0\u00bb<\/a><\/strong><\/p>\n<p class=\"paragraph article-body-paragraph article__item   \">Le secr\u00e9taire g\u00e9n\u00e9ral de l\u2019Alliance Mark Rutte, \u00e9galement cit\u00e9, s\u2019est \u00ab\u00a0vivement f\u00e9licit\u00e9\u00a0\u00bb de cette annonce, qui apporte selon lui une \u00ab\u00a0nouvelle contribution britannique solide \u00e0 l\u2019Otan\u00a0\u00bb.<\/p>\n<p>\u00ab\u00a0Nous ne pouvons plus consid\u00e9rer la paix comme acquise\u00a0\u00bb<\/p>\n<p class=\"paragraph article-body-paragraph article__item   \">Depuis la fin de la Guerre froide, la dissuasion nucl\u00e9aire britannique dans le cadre de l\u2019Alliance atlantique \u00e9tait uniquement assur\u00e9e par les sous-marins de la Royal Navy. A cette \u00e9poque, \u00ab\u00a0il n\u2019y avait plus vraiment d\u2019int\u00e9r\u00eat pour les <a href=\"https:\/\/www.lexpress.fr\/monde\/nucleaire-la-course-mondiale-aux-armements-saccelere-GL2IACGUT5AVXBWPCHZUYLTS7Q\/\" target=\"_self\" rel=\"nofollow noopener\" title=\"https:\/\/www.lexpress.fr\/monde\/nucleaire-la-course-mondiale-aux-armements-saccelere-GL2IACGUT5AVXBWPCHZUYLTS7Q\/\">armes nucl\u00e9aires<\/a> tactiques en Europe, car la menace avait disparu\u00a0\u00bb, explique \u00e0 l\u2019AFP H\u00e9lo\u00efse Fayet, sp\u00e9cialiste du nucl\u00e9aire \u00e0 l\u2019Institut fran\u00e7ais des relations internationales (Ifri).<\/p>\n<p class=\"paragraph article-body-paragraph article__item   \">Cette annonce illustre selon elle \u00ab\u00a0la poursuite de la renucl\u00e9arisation de l\u2019Europe, le retour du besoin d\u2019armes nucl\u00e9aires et le renforcement de la dissuasion de l\u2019Otan, face \u00e0 un adversaire qui est la Russie\u00a0\u00bb, <a href=\"https:\/\/www.lexpress.fr\/monde\/europe\/l-ukraine-hesite-entre-est-et-ouest_1302698.html\" target=\"_self\" rel=\"nofollow noopener\" title=\"https:\/\/www.lexpress.fr\/monde\/europe\/l-ukraine-hesite-entre-est-et-ouest_1302698.html\">en guerre depuis trois ans avec l\u2019Ukraine<\/a>.<\/p>\n<\/p>\n<p class=\"paragraph article-body-paragraph article__item   \">Ces avions de chasse F-35A du constructeur am\u00e9ricain Lockheed Martin sont une variante des F-35B d\u00e9j\u00e0 utilis\u00e9s par le Royaume-Uni, \u00e0 la diff\u00e9rence qu\u2019ils peuvent \u00eatre \u00e9quip\u00e9s d\u2019ogives nucl\u00e9aires en plus de transporter des armes conventionnelles. L\u2019acquisition \u00ab\u00a0d\u2019au moins douze\u00a0\u00bb de ces chasseurs constituait une demande de longue date de l\u2019arm\u00e9e de l\u2019air britannique.<\/p>\n<p class=\"paragraph article-body-paragraph article__item   \">\u00ab\u00a0Dans une \u00e8re d\u2019incertitude radicale o\u00f9 nous ne pouvons plus consid\u00e9rer la paix comme acquise, mon gouvernement investit dans la s\u00e9curit\u00e9 nationale, en veillant \u00e0 ce que nos forces arm\u00e9es disposent de l\u2019\u00e9quipement dont elles ont besoin\u00a0\u00bb, a soulign\u00e9 Keir Starmer.<\/p>\n<p><strong class=\"article-body-link-list__item text-gray-800 article-body-link-list__item--one-item\">LIRE AUSSI : <a class=\"article-body-link-list__item-link\" href=\"https:\/\/www.lexpress.fr\/monde\/europe\/vladimir-poutine-la-guerre-dapres-comment-il-se-prepare-a-attaquer-leurope-BQG4FF5L2JBTRNBR5OUES2VK7M\/\" target=\"_blank\" rel=\"noreferrer nofollow noopener\">Vladimir Poutine, la guerre d&rsquo;apr\u00e8s : comment il se pr\u00e9pare \u00e0 attaquer l&rsquo;Europe<\/a><\/strong>Des armes utilis\u00e9es avec l\u2019accord des Etats-Unis<\/p>\n<p class=\"paragraph article-body-paragraph article__item   \">Le Royaume-Uni s\u2019est d\u00e9j\u00e0 engag\u00e9 lundi \u00e0 atteindre l\u2019objectif fix\u00e9 dans le cadre de l\u2019Otan de consacrer <a href=\"https:\/\/www.lexpress.fr\/monde\/europe\/consacrer-5-de-leur-pib-a-la-defense-ces-pays-de-lotan-qui-rechignent-NLWSYPOAANEUJBZ3WBVMPKNI4Q\/\" target=\"_self\" rel=\"nofollow noopener\" title=\"https:\/\/www.lexpress.fr\/monde\/europe\/consacrer-5-de-leur-pib-a-la-defense-ces-pays-de-lotan-qui-rechignent-NLWSYPOAANEUJBZ3WBVMPKNI4Q\/\">5 % de son Produit int\u00e9rieur brut<\/a> \u00e0 des d\u00e9penses de s\u00e9curit\u00e9. Face \u00e0 la menace russe, et sous pression du pr\u00e9sident Donald Trump, les pays de l\u2019Otan s\u2019appr\u00eatent \u00e0 annoncer \u00e0 La Haye un accord sur cet objectif \u00e0 l\u2019horizon 2035. Londres avait d\u00e9j\u00e0 fait part en f\u00e9vrier de son intention de porter son budget de d\u00e9fense \u00e0 <a href=\"https:\/\/www.lexpress.fr\/monde\/europe\/la-nature-de-la-guerre-a-change-le-royaume-uni-sengage-a-augmenter-ses-depenses-de-defense-en-2027-6G5UFNNSSFF4XKNNVQHFM52QCA\/\" target=\"_self\" rel=\"nofollow noopener\" title=\"https:\/\/www.lexpress.fr\/monde\/europe\/la-nature-de-la-guerre-a-change-le-royaume-uni-sengage-a-augmenter-ses-depenses-de-defense-en-2027-6G5UFNNSSFF4XKNNVQHFM52QCA\/\">2,5 % du PIB d\u2019ici 2027<\/a>, puis \u00e0 3 % apr\u00e8s 2029.<\/p>\n<p class=\"paragraph article-body-paragraph article__item   \">Le ministre britannique de la d\u00e9fense John Healey a pr\u00e9venu mardi que le Royaume-Uni \u00e9tait \u00ab\u00a0confront\u00e9 \u00e0 de nouveaux risques nucl\u00e9aires, d\u2019autres \u00c9tats augmentant, modernisant et diversifiant leurs arsenaux\u00a0\u00bb. Comme le rel\u00e8ve H\u00e9lo\u00efse Fayet de l\u2019Ifri, le \u00ab\u00a0Royaume-Uni renforce ainsi sa contribution \u00e0 la dissuasion nucl\u00e9aire de l\u2019Otan d\u2019une fa\u00e7on qui n\u2019est pas ind\u00e9pendante, mais de concert avec les \u00c9tats-Unis\u00a0\u00bb.<\/p>\n<p><strong class=\"article-body-link-list__item text-gray-800 article-body-link-list__item--one-item\">LIRE AUSSI : <a class=\"article-body-link-list__item-link\" href=\"https:\/\/www.lexpress.fr\/economie\/politique-economique\/defense-les-lignes-budgetaires-ne-protegent-pas-de-lennemi-par-nicolas-bouzou-Q4EVCUDW7BFM7IXNTNHP4G6I5M\/\" target=\"_blank\" rel=\"noreferrer nofollow noopener\">D\u00e9fense : les lignes budg\u00e9taires ne prot\u00e8gent pas de l\u2019ennemi, par Nicolas Bouzou<\/a><\/strong><\/p>\n<p class=\"paragraph article-body-paragraph article__item   \">Sept membres de <a href=\"https:\/\/www.lexpress.fr\/monde\/europe\/face-a-vladimir-poutine-comment-lotan-est-redevenue-une-machine-de-guerre-A43W5PC6RVE4LP3RD7BNC6GXYY\/\" target=\"_self\" rel=\"nofollow noopener\" title=\"https:\/\/www.lexpress.fr\/monde\/europe\/face-a-vladimir-poutine-comment-lotan-est-redevenue-une-machine-de-guerre-A43W5PC6RVE4LP3RD7BNC6GXYY\/\">l\u2019Otan<\/a>, dont les Etats-Unis, l\u2019Allemagne ou l\u2019Italie, disposent actuellement d\u2019avions \u00e0 double capacit\u00e9 permettant de transporter des ogives nucl\u00e9aires am\u00e9ricaines B61, stock\u00e9es sur le sol europ\u00e9en, et qui devraient \u00eatre \u00e9galement celles utilis\u00e9es par le Royaume-Uni. Mais lorsqu\u2019ils en seront \u00e0 nouveau \u00e9quip\u00e9s, les Britanniques \u00ab\u00a0n\u2019auront pas le contr\u00f4le sur ces armes, qui servent dans le cadre de l\u2019Otan et ne peuvent \u00eatre utilis\u00e9es qu\u2019avec l\u2019accord des Etats-Unis\u00a0\u00bb, souligne H\u00e9lo\u00efse Fayet.<\/p>\n<p class=\"paragraph article-body-paragraph article__item    article__text__endpicto\">D\u00e9but juin, le Royaume-Uni a annonc\u00e9 la construction de jusqu\u2019\u00e0 <a href=\"https:\/\/www.lexpress.fr\/monde\/europe\/sous-marins-nucleaire-usine-de-munitions-le-plan-du-royaume-uni-pour-faire-face-a-la-russie-762Q3IZCIVCKBNUXI64JTM5IGU\/\" target=\"_self\" rel=\"nofollow noopener\" title=\"https:\/\/www.lexpress.fr\/monde\/europe\/sous-marins-nucleaire-usine-de-munitions-le-plan-du-royaume-uni-pour-faire-face-a-la-russie-762Q3IZCIVCKBNUXI64JTM5IGU\/\">douze sous-marins nucl\u00e9aires d\u2019attaque et six usines de munitions<\/a>, afin de r\u00e9armer le pays face \u00e0 la \u00ab\u00a0menace\u00a0\u00bb pos\u00e9e notamment par la Russie. Il s\u2019agit de douze sous-marins \u00e0 propulsion nucl\u00e9aire dot\u00e9s d\u2019armes conventionnelles, dans le cadre de <a href=\"https:\/\/www.lexpress.fr\/monde\/sous-marins-nucleaires-pourquoi-laustralie-pourrait-regretter-davoir-annule-son-contrat-avec-la-FFZXVDCVQ5D7FBBWM3VJ7HJHGE\/\" target=\"_self\" rel=\"nofollow noopener\" title=\"https:\/\/www.lexpress.fr\/monde\/sous-marins-nucleaires-pourquoi-laustralie-pourrait-regretter-davoir-annule-son-contrat-avec-la-FFZXVDCVQ5D7FBBWM3VJ7HJHGE\/\">l\u2019alliance militaire Aukus<\/a>, avec les Etats-Unis et l\u2019Australie. Keir Starmer avait \u00e9galement confirm\u00e9 que le Royaume-Uni d\u00e9penserait quinze milliards de livres sterling (17,7 milliards d\u2019euros) pour son programme d\u2019ogives nucl\u00e9aires.<\/p>\n","protected":false},"excerpt":{"rendered":"Les sous-marins ne suffisent plus. Le Royaume-Uni va participer \u00e0 la dissuasion nucl\u00e9aire a\u00e9roport\u00e9e de l\u2019Otan en compl\u00e9ment&hellip;\n","protected":false},"author":2,"featured_media":317680,"comment_status":"","ping_status":"","sticky":false,"template":"","format":"standard","meta":{"footnotes":""},"categories":[1588],"tags":[11,1777,674,74,12,473,1853,1851,1850,1852],"class_list":{"0":"post-317679","1":"post","2":"type-post","3":"status-publish","4":"format-standard","5":"has-post-thumbnail","7":"category-royaume-uni","8":"tag-actualites","9":"tag-eu","10":"tag-europe","11":"tag-monde","12":"tag-news","13":"tag-royaume-uni","14":"tag-royaume-uni-de-grande-bretagne-et-dirlande-du-nord","15":"tag-uk","16":"tag-united-kingdom","17":"tag-united-kingdom-of-great-britain-and-northern-ireland"},"share_on_mastodon":{"url":"https:\/\/pubeurope.com\/@fr\/115024908955692577","error":""},"_links":{"self":[{"href":"https:\/\/www.europesays.com\/fr\/wp-json\/wp\/v2\/posts\/317679","targetHints":{"allow":["GET"]}}],"collection":[{"href":"https:\/\/www.europesays.com\/fr\/wp-json\/wp\/v2\/posts"}],"about":[{"href":"https:\/\/www.europesays.com\/fr\/wp-json\/wp\/v2\/types\/post"}],"author":[{"embeddable":true,"href":"https:\/\/www.europesays.com\/fr\/wp-json\/wp\/v2\/users\/2"}],"replies":[{"embeddable":true,"href":"https:\/\/www.europesays.com\/fr\/wp-json\/wp\/v2\/comments?post=317679"}],"version-history":[{"count":0,"href":"https:\/\/www.europesays.com\/fr\/wp-json\/wp\/v2\/posts\/317679\/revisions"}],"wp:featuredmedia":[{"embeddable":true,"href":"https:\/\/www.europesays.com\/fr\/wp-json\/wp\/v2\/media\/317680"}],"wp:attachment":[{"href":"https:\/\/www.europesays.com\/fr\/wp-json\/wp\/v2\/media?parent=317679"}],"wp:term":[{"taxonomy":"category","embeddable":true,"href":"https:\/\/www.europesays.com\/fr\/wp-json\/wp\/v2\/categories?post=317679"},{"taxonomy":"post_tag","embeddable":true,"href":"https:\/\/www.europesays.com\/fr\/wp-json\/wp\/v2\/tags?post=317679"}],"curies":[{"name":"wp","href":"https:\/\/api.w.org\/{rel}","templated":true}]}}