{"id":317684,"date":"2025-08-14T03:08:11","date_gmt":"2025-08-14T03:08:11","guid":{"rendered":"https:\/\/www.europesays.com\/fr\/317684\/"},"modified":"2025-08-14T03:08:11","modified_gmt":"2025-08-14T03:08:11","slug":"riolo-revient-sur-leviction-de-donnarumma-au-psg-2","status":"publish","type":"post","link":"https:\/\/www.europesays.com\/fr\/317684\/","title":{"rendered":"Riolo revient sur l&rsquo;\u00e9viction de Donnarumma au PSG"},"content":{"rendered":"<p class=\"mb-4 text-lg md:leading-8 break-words\">Alors que les regards sont braqu\u00e9s sur Udine et <a href=\"https:\/\/rmcsport.bfmtv.com\/football\/supercoupe-d-europe\/direct-psg-tottenham-suivez-la-supercoupe-d-europe-a-udine-en-live_LS-202508130320.html\" rel=\"nofollow noopener\" target=\"_blank\" data-ylk=\"slk:la finale de la Supercoupe d&#039;Europe entre le PSG et Tottenham;elm:context_link;itc:0;sec:content-canvas\" class=\"link \">la finale de la Supercoupe d&rsquo;Europe entre le PSG et Tottenham<\/a>, Gianluigi Donnarumma demeure l&rsquo;un des sujets de discussion r\u00e9currents pour les supporters parisiens. Non-retenu dans le groupe pour ce premier gros rendez-vous de la saison des champions d&rsquo;Europe, l&rsquo;Italien s&rsquo;est vu indiquer &#8211; d&rsquo;autant plus avec l&rsquo;arriv\u00e9e de <a href=\"https:\/\/fr.news.yahoo.com\/sport\/psg-peut-apporter-beaucoup-lenthousiasme-192126696.html\" data-ylk=\"slk:Lucas Chevalier;elm:context_link;itc:0;sec:content-canvas;outcm:mb_qualified_link;_E:mb_qualified_link;ct:story;\" class=\"link  yahoo-link\" target=\"_blank\" rel=\"noopener\">Lucas Chevalier<\/a> &#8211; la porte de sortie. Une indication bien<a href=\"https:\/\/fr.news.yahoo.com\/sport\/psg-d%C3%A9%C3%A7u-attrist%C3%A9-donnarumma-r%C3%A8gle-193317433.html\" data-ylk=\"slk:comprise par le portier de 26 ans, lequel a post\u00e9;elm:context_link;itc:0;sec:content-canvas;outcm:mb_qualified_link;_E:mb_qualified_link;ct:story;\" class=\"link  yahoo-link\" target=\"_blank\" rel=\"noopener\"> comprise par le portier de 26 ans, lequel a post\u00e9 <\/a>un message sur ses r\u00e9seaux sociaux pour acter son d\u00e9part.<\/p>\n<p>Riolo valide un Luis Enrioque \u00ab\u00a0clair et net\u00a0\u00bb<\/p>\n<p class=\"mb-4 text-lg md:leading-8 break-words\">Ce mercredi dans l&rsquo;\u00e9mission l&rsquo;After Foot sur RMC, Daniel Riolo est revenu sur cette fin d&rsquo;histoire tumultueuse. Et selon lui, il ne s&rsquo;agit pas d&rsquo;un probl\u00e8me de prolongation de contrat que lui aurait ou ne lui aurait pas formul\u00e9e le PSG.<\/p>\n<p class=\"mb-4 text-lg md:leading-8 break-words\">\u00ab\u00a0L&rsquo;entra\u00eeneur <a href=\"https:\/\/rmcsport.bfmtv.com\/football\/clubs\/paris-saint-germain\/luis-enrique_DN-202308300457.html\" rel=\"nofollow noopener\" target=\"_blank\" data-ylk=\"slk:Luis Enrique;elm:context_link;itc:0;sec:content-canvas\" class=\"link \">Luis Enrique<\/a> a expliqu\u00e9 qu&rsquo;il ne voulait pas le garder parce que le joueur ne lui convient pas, pourquoi continuer \u00e0 parler de prolongation de contrat\u00a0\u00bb, a gliss\u00e9 le membre de l&rsquo;After. \u00ab\u00a0Luis Enrique a eu le m\u00e9rite d&rsquo;\u00eatre honn\u00eate. Il a \u00e9t\u00e9 clair et net, il ne voulait plus de ce profil, basta. <a href=\"https:\/\/fr.news.yahoo.com\/sport\/cela-donne-cr%C3%A9dibilit%C3%A9-au-psg-182348654.html\" data-ylk=\"slk:Pour une fois que la communication est claire;elm:context_link;itc:0;sec:content-canvas;outcm:mb_qualified_link;_E:mb_qualified_link;ct:story;\" class=\"link  yahoo-link\" target=\"_blank\" rel=\"noopener\">Pour une fois que la communication est claire<\/a>&#8230;\u00a0\u00bb<\/p>\n<p>\u00ab\u00a0Donnarumma n&rsquo;est pas le profil qu&rsquo;il veut avoir dans l&rsquo;\u00e9quipe, il lui dit au revoir mon gars\u00a0\u00bb<\/p>\n<p class=\"mb-4 text-lg md:leading-8 break-words\">L&rsquo;\u00e9ditorialiste de RMC Sport reconnait toutefois que <a href=\"https:\/\/rmcsport.bfmtv.com\/football\/gianluigi-donnarumma_DN-202108310517.html\" rel=\"nofollow noopener\" target=\"_blank\" data-ylk=\"slk:Gianluigi Donnarumma;elm:context_link;itc:0;sec:content-canvas\" class=\"link \">Gianluigi Donnarumma<\/a> \u00ab\u00a0a des raisons de l&rsquo;avoir mauvaise aujourd&rsquo;hui\u00a0\u00bb, mais \u00ab\u00a0comme l&rsquo;a tr\u00e8s bien dit <a href=\"https:\/\/fr.news.yahoo.com\/sport\/psg-marquinhos-%C3%A0-mbapp%C3%A9-nombreux-052922008.html\" data-ylk=\"slk:Marquinhos;elm:context_link;itc:0;sec:content-canvas;outcm:mb_qualified_link;_E:mb_qualified_link;ct:story;\" class=\"link  yahoo-link\" target=\"_blank\" rel=\"noopener\">Marquinhos<\/a>, le football est dor\u00e9navant priv\u00e9 d&rsquo;affect\u00a0\u00bb.<\/p>\n<p class=\"mb-4 text-lg md:leading-8 break-words\">\u00ab\u00a0<a href=\"https:\/\/fr.news.yahoo.com\/sport\/psg-situation-incroyable-d%C3%A9part-fracassant-085553427.html\" data-ylk=\"slk:La fa\u00e7on dont l&#039;Italien avait quitt\u00e9 Milan;elm:context_link;itc:0;sec:content-canvas;outcm:mb_qualified_link;_E:mb_qualified_link;ct:story;\" class=\"link  yahoo-link\" target=\"_blank\" rel=\"noopener\">La fa\u00e7on dont l&rsquo;Italien avait quitt\u00e9 Milan<\/a>, les supporters lui en veulent encore\u00a0\u00bb, poursuit Daniel Riolo. \u00ab\u00a0Ce n&rsquo;est pas nouveau, chaque \u00e9t\u00e9 le football nous offre ce genre de sc\u00e9narios o\u00f9 on parle de trahisons etc. C&rsquo;est chacun pour sa gueule.\u00a0\u00bb<\/p>\n<p class=\"mb-4 text-lg md:leading-8 break-words\">Avant de conclure: \u00ab\u00a0Luis Enrique est le king aujourd&rsquo;hui, Donnarumma n&rsquo;est pas le profil qu&rsquo;il veut avoir dans l&rsquo;\u00e9quipe, il lui dit &lsquo;au revoir mon gars, va \u00e0 City, Pep Guardiola va te faire jouer&rsquo; et c&rsquo;est comme \u00e7a. Moi je n&rsquo;en veux pas \u00e0 grand-monde dans cette histoire, c&rsquo;est la vie. On peut d\u00e9crypter les rouages de l&rsquo;histoire, mais il ne faut pas pleurer ou s&rsquo;apitoyer.\u00a0\u00bb<\/p>\n<p class=\"mb-4 text-lg md:leading-8 break-words\"><a href=\"https:\/\/rmcsport.bfmtv.com\/football\/clubs\/paris-saint-germain\/luis-enrique-a-eu-le-merite-d-etre-honnete-riolo-revient-sur-l-eviction-de-donnarumma-au-psg_AV-202508130511.html#xtor=AL-68\" rel=\"nofollow noopener\" target=\"_blank\" data-ylk=\"slk:Article original publi\u00e9 sur RMC Sport;elm:context_link;itc:0;sec:content-canvas\" class=\"link \">Article original publi\u00e9 sur RMC Sport<\/a><\/p>\n","protected":false},"excerpt":{"rendered":"Alors que les regards sont braqu\u00e9s sur Udine et la finale de la Supercoupe d&rsquo;Europe entre le PSG&hellip;\n","protected":false},"author":2,"featured_media":317685,"comment_status":"","ping_status":"","sticky":false,"template":"","format":"standard","meta":{"footnotes":""},"categories":[1586],"tags":[11,39104,1777,674,1779,1011,27,10528,45611,4668,921,791,8628,12,93,25,1778,364],"class_list":{"0":"post-317684","1":"post","2":"type-post","3":"status-publish","4":"format-standard","5":"has-post-thumbnail","7":"category-europe","8":"tag-actualites","9":"tag-daniel-riolo","10":"tag-eu","11":"tag-europe","12":"tag-european-union","13":"tag-fr","14":"tag-france","15":"tag-gianluigi-donnarumma","16":"tag-le-portier","17":"tag-lucas-chevalier","18":"tag-luis-enrique","19":"tag-marquinhos","20":"tag-milan","21":"tag-news","22":"tag-psg","23":"tag-republique-francaise","24":"tag-ue","25":"tag-union-europeenne"},"share_on_mastodon":{"url":"https:\/\/pubeurope.com\/@fr\/115024920825942285","error":""},"_links":{"self":[{"href":"https:\/\/www.europesays.com\/fr\/wp-json\/wp\/v2\/posts\/317684","targetHints":{"allow":["GET"]}}],"collection":[{"href":"https:\/\/www.europesays.com\/fr\/wp-json\/wp\/v2\/posts"}],"about":[{"href":"https:\/\/www.europesays.com\/fr\/wp-json\/wp\/v2\/types\/post"}],"author":[{"embeddable":true,"href":"https:\/\/www.europesays.com\/fr\/wp-json\/wp\/v2\/users\/2"}],"replies":[{"embeddable":true,"href":"https:\/\/www.europesays.com\/fr\/wp-json\/wp\/v2\/comments?post=317684"}],"version-history":[{"count":0,"href":"https:\/\/www.europesays.com\/fr\/wp-json\/wp\/v2\/posts\/317684\/revisions"}],"wp:featuredmedia":[{"embeddable":true,"href":"https:\/\/www.europesays.com\/fr\/wp-json\/wp\/v2\/media\/317685"}],"wp:attachment":[{"href":"https:\/\/www.europesays.com\/fr\/wp-json\/wp\/v2\/media?parent=317684"}],"wp:term":[{"taxonomy":"category","embeddable":true,"href":"https:\/\/www.europesays.com\/fr\/wp-json\/wp\/v2\/categories?post=317684"},{"taxonomy":"post_tag","embeddable":true,"href":"https:\/\/www.europesays.com\/fr\/wp-json\/wp\/v2\/tags?post=317684"}],"curies":[{"name":"wp","href":"https:\/\/api.w.org\/{rel}","templated":true}]}}