{"id":317692,"date":"2025-08-14T03:14:13","date_gmt":"2025-08-14T03:14:13","guid":{"rendered":"https:\/\/www.europesays.com\/fr\/317692\/"},"modified":"2025-08-14T03:14:13","modified_gmt":"2025-08-14T03:14:13","slug":"ce-joueur-de-pro-d2-qui-pourrait-exploser-en-top-14-lors-de-cette-saison-2025-2026","status":"publish","type":"post","link":"https:\/\/www.europesays.com\/fr\/317692\/","title":{"rendered":"Ce joueur de Pro D2 qui pourrait exploser en Top 14 lors de cette saison 2025 \/ 2026 !"},"content":{"rendered":"<p>Arriv\u00e9 en France en 2019 par la porte du Stade Fran\u00e7ais, o\u00f9 il a \u00e9t\u00e9 form\u00e9, Veresa Ramototabua a connu ses premi\u00e8res minutes en Top 14 lors de la saison 2022-2023. Mais c\u2019est sous le maillot de Mont-de-Marsan, en Pro D2, que le troisi\u00e8me ligne a v\u00e9ritablement explos\u00e9.<\/p>\n<p>Joueur massif et polyvalent, capable d\u2019\u00e9voluer \u00e0 tous les postes de la troisi\u00e8me ligne, il viendra \u00e9pauler Abraham Papali\u2019i dans un r\u00f4le de d\u00e9m\u00e9nageur, taill\u00e9 pour briser les d\u00e9fenses et multiplier les t\u00e2ches d\u00e9fensives.<\/p>\n<p><strong>Julien Tastet, qui l\u2019a dirig\u00e9 dans les Landes, ne tarit pas d\u2019\u00e9loges sur son ancien prot\u00e9g\u00e9 :<\/strong><\/p>\n<p>\u00ab C\u2019est un gar\u00e7on que j\u2019ai entra\u00een\u00e9 et que je connais bien. Il est tr\u00e8s costaud, il met \u00e9norm\u00e9ment d\u2019intensit\u00e9 dans les contacts tant offensivement que d\u00e9fensivement. \u00bb<\/p>\n<p>Avec son gabarit impressionnant, Ramototabua s\u2019annonce comme une arme de percussion pour le CO.<\/p>\n<p>Son pass\u00e9 r\u00e9cent plaide pour lui : malgr\u00e9 une blessure \u00e0 la fin de son aventure avec Oyonnax, l\u2019international fidjien a su revenir \u00e0 son meilleur niveau.<\/p>\n<p>\u00c0 25 ans, il poss\u00e8de d\u00e9j\u00e0 une solide exp\u00e9rience et un profil rare, capable de m\u00ealer puissance brute et activit\u00e9 incessante sur le terrain.<\/p>\n<p>Autant d\u2019atouts qui pourraient bien en faire l\u2019une des recrues marquantes de la saison du Castres Olympique.<\/p>\n","protected":false},"excerpt":{"rendered":"Arriv\u00e9 en France en 2019 par la porte du Stade Fran\u00e7ais, o\u00f9 il a \u00e9t\u00e9 form\u00e9, Veresa Ramototabua&hellip;\n","protected":false},"author":2,"featured_media":317693,"comment_status":"","ping_status":"","sticky":false,"template":"","format":"standard","meta":{"footnotes":""},"categories":[1416],"tags":[1011,27,479,1468,60],"class_list":{"0":"post-317692","1":"post","2":"type-post","3":"status-publish","4":"format-standard","5":"has-post-thumbnail","7":"category-rugby","8":"tag-fr","9":"tag-france","10":"tag-rugby","11":"tag-rugby-football","12":"tag-sports"},"share_on_mastodon":{"url":"https:\/\/pubeurope.com\/@fr\/115024944387473817","error":""},"_links":{"self":[{"href":"https:\/\/www.europesays.com\/fr\/wp-json\/wp\/v2\/posts\/317692","targetHints":{"allow":["GET"]}}],"collection":[{"href":"https:\/\/www.europesays.com\/fr\/wp-json\/wp\/v2\/posts"}],"about":[{"href":"https:\/\/www.europesays.com\/fr\/wp-json\/wp\/v2\/types\/post"}],"author":[{"embeddable":true,"href":"https:\/\/www.europesays.com\/fr\/wp-json\/wp\/v2\/users\/2"}],"replies":[{"embeddable":true,"href":"https:\/\/www.europesays.com\/fr\/wp-json\/wp\/v2\/comments?post=317692"}],"version-history":[{"count":0,"href":"https:\/\/www.europesays.com\/fr\/wp-json\/wp\/v2\/posts\/317692\/revisions"}],"wp:featuredmedia":[{"embeddable":true,"href":"https:\/\/www.europesays.com\/fr\/wp-json\/wp\/v2\/media\/317693"}],"wp:attachment":[{"href":"https:\/\/www.europesays.com\/fr\/wp-json\/wp\/v2\/media?parent=317692"}],"wp:term":[{"taxonomy":"category","embeddable":true,"href":"https:\/\/www.europesays.com\/fr\/wp-json\/wp\/v2\/categories?post=317692"},{"taxonomy":"post_tag","embeddable":true,"href":"https:\/\/www.europesays.com\/fr\/wp-json\/wp\/v2\/tags?post=317692"}],"curies":[{"name":"wp","href":"https:\/\/api.w.org\/{rel}","templated":true}]}}