{"id":317695,"date":"2025-08-14T03:17:17","date_gmt":"2025-08-14T03:17:17","guid":{"rendered":"https:\/\/www.europesays.com\/fr\/317695\/"},"modified":"2025-08-14T03:17:17","modified_gmt":"2025-08-14T03:17:17","slug":"moto2-david-alonso-se-sent-plus-complet-a-lheure-dattaquer-la-2e-moitie-de-saison","status":"publish","type":"post","link":"https:\/\/www.europesays.com\/fr\/317695\/","title":{"rendered":"Moto2 : David Alonso se sent \u00ab\u202fplus complet\u202f\u00bb \u00e0 l&rsquo;heure d\u2019attaquer la 2e moiti\u00e9 de saison"},"content":{"rendered":"<p class=\"my-0 py-2 [&amp;_strong:has(+br)]:inline-block [&amp;_strong:has(+br)]:pb-2\">\n<strong>Le Team Aspar Team, comme les autres \u00e9quipes du plateau<br \/>\nMoto2, retrouve l\u2019action ce week-end en Autriche, pour la treizi\u00e8me<br \/>\nmanche du championnat du monde. Apr\u00e8s trois semaines de tr\u00eave<br \/>\nestivale, David Alonso et Dani Holgado abordent cette seconde<br \/>\nmoiti\u00e9 de campagne avec ambition et confiance. Les deux rookies ont<br \/>\nsign\u00e9 une premi\u00e8re partie de saison prometteuse\u202f: Holgado s\u2019est<br \/>\nd\u00e9j\u00e0 invit\u00e9 plusieurs fois dans la lutte pour le podium \u2013 quatri\u00e8me<br \/>\nau Qatar et \u00e0 Brno \u2013 tandis qu\u2019Alonso a d\u00e9croch\u00e9 son premier top-3<br \/>\nau Grand Prix de Grande-Bretagne. Ils rehaussent donc leurs<br \/>\nambitions pour terminer cette saison en tant que rookie en<br \/>\nbeaut\u00e9.<\/strong><\/p>\n<p class=\"my-0 py-2 [&amp;_strong:has(+br)]:inline-block [&amp;_strong:has(+br)]:pb-2\">\nActuel 13e du classement g\u00e9n\u00e9ral avec 60 points, Dani Holgado<br \/>\nconserve un l\u00e9ger avantage sur son co\u00e9quipier, 16e avec 43 unit\u00e9s.<br \/>\nL\u2019an pass\u00e9, les deux hommes avaient brill\u00e9 sur le Red Bull Ring en<br \/>\nMoto3, Alonso signant la victoire devant Holgado, troisi\u00e8me. Ce<br \/>\nweek-end, ils esp\u00e8rent transformer ce souvenir en nouvelle<br \/>\nperformance, malgr\u00e9 la concurrence et les exigences de la cat\u00e9gorie<br \/>\ninterm\u00e9diaire.<\/p>\n<p class=\"my-0 py-2 [&amp;_strong:has(+br)]:inline-block [&amp;_strong:has(+br)]:pb-2\">\nPour Holgado, la pause a \u00e9t\u00e9 mise \u00e0 profit pour progresser<br \/>\ntechniquement\u202f: \u00ab\u202fNous arrivons en Autriche avec beaucoup<br \/>\nd\u2019envie apr\u00e8s le repos estival. Nous avons pu nous ressourcer,<br \/>\nrecharger les batteries et travailler sur certains aspects de<br \/>\npilotage que je dois am\u00e9liorer sur la Moto2. Il faut profiter et<br \/>\ncontinuer d\u2019apprendre au maximum des pilotes les plus rapides, pour<br \/>\nconstruire un grand week-end et viser les positions de t\u00eate\u202f\u00bb,<br \/>\nexplique-t-il <a href=\"https:\/\/www.teamaspar.com\/es\/moto-2\/noticias\/el-cfmoto-inde-aspar-team-regresa-al-trabajo-con-energias-renovadas\" rel=\"nofollow noopener\" target=\"_blank\"><br \/>\nvia des propos relay\u00e9s par son \u00e9quipe<\/a>.<\/p>\n<p><a href=\"https:\/\/www.europesays.com\/fr\/wp-content\/uploads\/2025\/08\/thumb_11762_post_xlarge-scaled.jpeg\"><br \/>\n<img loading=\"lazy\" decoding=\"async\" aria-describedby=\"caption-attachment-1317649\" class=\"wp-image-1317649\" src=\"https:\/\/www.europesays.com\/fr\/wp-content\/uploads\/2025\/08\/thumb_11762_post_xlarge-scaled.jpeg\" alt=\"David Alonso\" width=\"665\" height=\"443\"  \/><\/a><\/p>\n<p id=\"caption-attachment-1317649\" class=\"wp-caption-text\">\u00a9 Team<br \/>\nAspar<\/p>\n<p class=\"my-0 py-2 [&amp;_strong:has(+br)]:inline-block [&amp;_strong:has(+br)]:pb-2\">\nDavid Alonso, qui a d\u00e9croch\u00e9 le meilleur r\u00e9sultat d\u2019un rookie cette<br \/>\nsaison, tire un bilan positif de ses premiers mois en Moto2, mais<br \/>\nne se satisfait pas de ce qu\u2019il a d\u00e9j\u00e0 construit. \u00ab\u202fNous<br \/>\nentamons la deuxi\u00e8me moiti\u00e9 de saison apr\u00e8s trois semaines qui nous<br \/>\nont permis d\u2019analyser en profondeur la premi\u00e8re partie de l\u2019ann\u00e9e.<br \/>\nNous avons pu identifier o\u00f9 nous avons plus de marge de<br \/>\nprogression, les points faibles sur lesquels travailler pendant<br \/>\nl\u2019\u00e9t\u00e9. Nous arrivons en Autriche en \u00e9tant plus complets, avec pour<br \/>\nobjectif de ne pas uniquement chercher des r\u00e9sultats, mais de<br \/>\nfournir un travail constant et intense d\u00e8s le d\u00e9but et en<br \/>\nqualifications. Avec \u00e7a, les r\u00e9sultats viendront forc\u00e9ment\u202f\u00bb,<br \/>\nconfie le pilote colombien.<\/p>\n<p class=\"my-0 py-2 [&amp;_strong:has(+br)]:inline-block [&amp;_strong:has(+br)]:pb-2\">\nDevant eux, Manu Gonz\u00e1lez domine toujours le championnat, avec 25<br \/>\npoints d\u2019avance sur Ar\u00f3n Canet. Le troisi\u00e8me homme, Barry Baltus, a<br \/>\nprofit\u00e9 de son podium \u00e0 Brno pour se rapprocher, tandis que Diogo<br \/>\nMoreira et Jake Dixon compl\u00e8tent le top-5. Parmi eux, seuls Dixon<br \/>\n(deux fois) et Canet (une fois, en Styrie) ont d\u00e9j\u00e0 go\u00fbt\u00e9 au podium<br \/>\nsur le Red Bull Ring.<\/p>\n<p class=\"my-0 py-2 [&amp;_strong:has(+br)]:inline-block [&amp;_strong:has(+br)]:pb-2\">\nPour Alonso et Holgado, l\u2019enjeu en Styrie sera de capitaliser sur<br \/>\nles enseignements de la premi\u00e8re moiti\u00e9 de saison pour s\u2019affirmer<br \/>\ndavantage dans le groupe de t\u00eate, et pourquoi pas, r\u00e9\u00e9diter leur<br \/>\nsucc\u00e8s commun de l\u2019an pass\u00e9, mais cette fois au guidon d\u2019une<br \/>\nMoto2.<\/p>\n","protected":false},"excerpt":{"rendered":"Le Team Aspar Team, comme les autres \u00e9quipes du plateau Moto2, retrouve l\u2019action ce week-end en Autriche, pour&hellip;\n","protected":false},"author":2,"featured_media":317696,"comment_status":"","ping_status":"","sticky":false,"template":"","format":"standard","meta":{"footnotes":""},"categories":[1413],"tags":[1011,27,1457,1456,60],"class_list":{"0":"post-317695","1":"post","2":"type-post","3":"status-publish","4":"format-standard","5":"has-post-thumbnail","7":"category-moto","8":"tag-fr","9":"tag-france","10":"tag-moto","11":"tag-motocycle","12":"tag-sports"},"share_on_mastodon":{"url":"https:\/\/pubeurope.com\/@fr\/115024956190962215","error":""},"_links":{"self":[{"href":"https:\/\/www.europesays.com\/fr\/wp-json\/wp\/v2\/posts\/317695","targetHints":{"allow":["GET"]}}],"collection":[{"href":"https:\/\/www.europesays.com\/fr\/wp-json\/wp\/v2\/posts"}],"about":[{"href":"https:\/\/www.europesays.com\/fr\/wp-json\/wp\/v2\/types\/post"}],"author":[{"embeddable":true,"href":"https:\/\/www.europesays.com\/fr\/wp-json\/wp\/v2\/users\/2"}],"replies":[{"embeddable":true,"href":"https:\/\/www.europesays.com\/fr\/wp-json\/wp\/v2\/comments?post=317695"}],"version-history":[{"count":0,"href":"https:\/\/www.europesays.com\/fr\/wp-json\/wp\/v2\/posts\/317695\/revisions"}],"wp:featuredmedia":[{"embeddable":true,"href":"https:\/\/www.europesays.com\/fr\/wp-json\/wp\/v2\/media\/317696"}],"wp:attachment":[{"href":"https:\/\/www.europesays.com\/fr\/wp-json\/wp\/v2\/media?parent=317695"}],"wp:term":[{"taxonomy":"category","embeddable":true,"href":"https:\/\/www.europesays.com\/fr\/wp-json\/wp\/v2\/categories?post=317695"},{"taxonomy":"post_tag","embeddable":true,"href":"https:\/\/www.europesays.com\/fr\/wp-json\/wp\/v2\/tags?post=317695"}],"curies":[{"name":"wp","href":"https:\/\/api.w.org\/{rel}","templated":true}]}}