{"id":317703,"date":"2025-08-14T03:21:10","date_gmt":"2025-08-14T03:21:10","guid":{"rendered":"https:\/\/www.europesays.com\/fr\/317703\/"},"modified":"2025-08-14T03:21:10","modified_gmt":"2025-08-14T03:21:10","slug":"michel-sardou-ras-le-bol-des-fiestas-ce-ministere-dont-le-voisinage-ne-supporte-plus-les-lacs-du-connemara","status":"publish","type":"post","link":"https:\/\/www.europesays.com\/fr\/317703\/","title":{"rendered":"Michel Sardou : \u00ab\u00a0ras le bol des fiestas\u00a0\u00bb, ce minist\u00e8re dont le voisinage ne supporte plus \u00ab\u00a0Les lacs du Connemara\u00a0\u00bb"},"content":{"rendered":"<p>      R\u00e9sum\u00e9<\/p>\n<p>Le minist\u00e8re d\u00e9l\u00e9gu\u00e9 charg\u00e9 des Relations avec le Parlement est au c\u0153ur d&rsquo;une pol\u00e9mique \u00e0 cause de f\u00eates bruyantes r\u00e9currentes dans ses jardins, provoquant l&rsquo;exasp\u00e9ration des riverains parisiens.<\/p>\n<p>        Sommaire<\/p>\n<p>Depuis le 23 d\u00e9cembre dernier, <strong>Patrick Mignola a succ\u00e9d\u00e9 \u00e0 Nathalie Delattre<\/strong> au poste de minist\u00e8re d\u00e9l\u00e9gu\u00e9 charg\u00e9 des Relations avec le parlement. L&rsquo;homme politique, qui \u00e9tait par le pass\u00e9 pr\u00e9sident du groupe MoDem \u00e0 l&rsquo;Assembl\u00e9e nationale mais \u00e9galement maire de La Revoire (Savoie), fait pol\u00e9mique. En effet, dans une enqu\u00eate publi\u00e9e par Le canard encha\u00een\u00e9 ce mercredi, de nombreux riverains de la tr\u00e8s chic rue de Varenne <strong>se plaignent du comportement du ministre et de ses \u00e9quipes<\/strong>.<\/p>\n<p>En effet, selon nos confr\u00e8res, Patrick Mignola aurait transform\u00e9 son minist\u00e8re, situ\u00e9 \u00e0 l&rsquo;h\u00f4tel de Clermont, <strong>en v\u00e9ritable guinguette<\/strong> ! R\u00e9sultat, \u00ab\u00a0le jardin de l&rsquo;h\u00f4tel de Clermont, situ\u00e9 rue de Varenne, \u00e0 Paris, <strong>est devenu un lieu incontournable de teufs<\/strong>\u00ab\u00a0. Les habitants du VIIe arrondissement, exc\u00e9d\u00e9s, ne supportent plus le bruit qui retentit tous les soirs\u2026<\/p>\n<p>Rachida Dati va-t-elle se payer Patrick Mignola ?<\/p>\n<p><strong>\u00ab\u00a0Le son est \u00e0 fond, souvent jusqu&rsquo;\u00e0 1 heure du matin\u00a0\u00bb <\/strong>peste l&rsquo;un d&rsquo;entre eux. Il pointe du doigt \u00ab\u00a0les invit\u00e9s enivr\u00e9s (qui) chantent Les Lacs du Connemara dans les jardins chaque semaine\u00a0\u00bb. Malgr\u00e9 lui, <strong>Michel Sardou se retrouve m\u00eal\u00e9 aux folles soir\u00e9es<\/strong> organis\u00e9es par le minist\u00e8re des relations avec le Parlement. Le riverain, exc\u00e9d\u00e9, assure n&rsquo;avoir jamais connu pareils d\u00e9bordements avec les autres ministres qui s&rsquo;y sont succ\u00e9d\u00e9s depuis son emm\u00e9nagement il y a dix ans. Avant Patrick Mignola, <a href=\"https:\/\/www.public.fr\/exclu-public-franck-riester-sest-marie-avec-son-professeur-dhistoire-geographie-prefere\" target=\"_blank\" rel=\"noopener\">Franck Riester<\/a>, Olivier V\u00e9ran ou encore <a href=\"https:\/\/vsd.fr\/27757-lantiseche-de-christophe-castaner-le-keke-du-gouvernement-a-ete-adoube-par-emmanuel-macron-pour-diriger-le-parti-de-la-republique-en-marche-lrem\/\" target=\"_blank\" rel=\"noopener\">Christophe Castaner<\/a> ont occup\u00e9 ce minist\u00e8re quelque peu confidentiel.<\/p>\n<p>Patrick Mignola, prot\u00e9g\u00e9 du Premier ministre Fran\u00e7ois Bayrou, <strong>serait toutefois dans le viseur de Rachida Dati<\/strong>. Les riverains exc\u00e9d\u00e9s n&rsquo;ont pas h\u00e9sit\u00e9 \u00e0 taper du poing sur la table en allant se plaindre aupr\u00e8s de <strong>la sulfureuse et influente ministre de la Culture<\/strong>. Mais cette derni\u00e8re va-t-elle vraiment r\u00e9ussir \u00e0 mettre un stop \u00e0 ces f\u00eates r\u00e9guli\u00e8res et tr\u00e8s bruyantes ? <a href=\"https:\/\/www.public.fr\/le-president-de-lina-suspendu-de-ses-fonctions-par-rachida-dati-apres-avoir-achete-de-la-cocaine-a-un-mineur\" target=\"_blank\" rel=\"noopener\">Ce mardi, elle n&rsquo;a pas h\u00e9sit\u00e9 \u00e0 suspendre, sans d\u00e9lai, le patron de l&rsquo;INA<\/a>. Quand Rachida Dati s&rsquo;en m\u00eale\u2026<\/p>\n<p>      Mentionn\u00e9s dans cet article<\/p>\n<p>      Sur le m\u00eame sujet<\/p>\n","protected":false},"excerpt":{"rendered":"R\u00e9sum\u00e9 Le minist\u00e8re d\u00e9l\u00e9gu\u00e9 charg\u00e9 des Relations avec le Parlement est au c\u0153ur d&rsquo;une pol\u00e9mique \u00e0 cause de&hellip;\n","protected":false},"author":2,"featured_media":317704,"comment_status":"","ping_status":"","sticky":false,"template":"","format":"standard","meta":{"footnotes":""},"categories":[1359],"tags":[58,59,1011,27,303,30040,973,2634,417],"class_list":{"0":"post-317703","1":"post","2":"type-post","3":"status-publish","4":"format-standard","5":"has-post-thumbnail","7":"category-people","8":"tag-divertissement","9":"tag-entertainment","10":"tag-fr","11":"tag-france","12":"tag-justice","13":"tag-michel-sardou","14":"tag-people","15":"tag-plainte","16":"tag-rachida-dati"},"share_on_mastodon":{"url":"https:\/\/pubeurope.com\/@fr\/115024971902049588","error":""},"_links":{"self":[{"href":"https:\/\/www.europesays.com\/fr\/wp-json\/wp\/v2\/posts\/317703","targetHints":{"allow":["GET"]}}],"collection":[{"href":"https:\/\/www.europesays.com\/fr\/wp-json\/wp\/v2\/posts"}],"about":[{"href":"https:\/\/www.europesays.com\/fr\/wp-json\/wp\/v2\/types\/post"}],"author":[{"embeddable":true,"href":"https:\/\/www.europesays.com\/fr\/wp-json\/wp\/v2\/users\/2"}],"replies":[{"embeddable":true,"href":"https:\/\/www.europesays.com\/fr\/wp-json\/wp\/v2\/comments?post=317703"}],"version-history":[{"count":0,"href":"https:\/\/www.europesays.com\/fr\/wp-json\/wp\/v2\/posts\/317703\/revisions"}],"wp:featuredmedia":[{"embeddable":true,"href":"https:\/\/www.europesays.com\/fr\/wp-json\/wp\/v2\/media\/317704"}],"wp:attachment":[{"href":"https:\/\/www.europesays.com\/fr\/wp-json\/wp\/v2\/media?parent=317703"}],"wp:term":[{"taxonomy":"category","embeddable":true,"href":"https:\/\/www.europesays.com\/fr\/wp-json\/wp\/v2\/categories?post=317703"},{"taxonomy":"post_tag","embeddable":true,"href":"https:\/\/www.europesays.com\/fr\/wp-json\/wp\/v2\/tags?post=317703"}],"curies":[{"name":"wp","href":"https:\/\/api.w.org\/{rel}","templated":true}]}}