{"id":317705,"date":"2025-08-14T03:23:10","date_gmt":"2025-08-14T03:23:10","guid":{"rendered":"https:\/\/www.europesays.com\/fr\/317705\/"},"modified":"2025-08-14T03:23:10","modified_gmt":"2025-08-14T03:23:10","slug":"mirepoix-dedicace-trois-plumes-la-meme-passion","status":"publish","type":"post","link":"https:\/\/www.europesays.com\/fr\/317705\/","title":{"rendered":"Mirepoix. D\u00e9dicace : trois plumes, la m\u00eame passion"},"content":{"rendered":"<p>Le lundi 18 ao\u00fbt, de 9 h 30 \u00e0 12 h 30, la librairie des Couverts de Coralie Lourde accueillera les trois auteurs toulousains de 6 Mains \u00c9ditions : Jean-Claude Farenc, Laurent Ives et Michel Kiefer. Amis de longue date et amoureux des mots, ils ont d\u2019abord longtemps \u00e9crit ensemble des chansons avant de se lancer dans une aventure litt\u00e9raire pour le moins originale : r\u00e9diger \u00e0 six mains romans et nouvelles, ancr\u00e9s dans la r\u00e9gion Occitanie.<\/p>\n<p>Leur m\u00e9thode de travail intrigue autant qu\u2019elle s\u00e9duit : un sc\u00e9nario d\u00e9taill\u00e9, presque comme un story-board, des fiches signal\u00e9tiques pour chaque personnage, puis un d\u00e9coupage de la trame narrative en chapitres. Chacun \u00e9crit une premi\u00e8re version avant une s\u00e9ance de confrontation et de synth\u00e8se \u2013 toujours r\u00e9alis\u00e9e par un auteur diff\u00e9rent. De cette alchimie naissent des textes aux univers vari\u00e9s, parfois dramatiques, mais toujours nourris d\u2019une complicit\u00e9 joyeuse : \u00ab\u00a0On rit du matin au soir en \u00e9crivant, m\u00eame quand nos histoires sont graves\u00a0\u00bb, confient-ils.<\/p>\n<p>Anciens professionnels venus d\u2019horizons vari\u00e9s \u2013 imprimerie pour Michel, orthophonie pour Jean-Claude, ing\u00e9nierie du son et musique pour Laurent \u2013 ils trouvent dans cette \u00e9criture collective un stimulant permanent : \u00ab\u00a0On essaie toujours d\u2019\u00e9pater les deux autres\u00a0\u00bb. Leur maison d\u2019\u00e9dition ind\u00e9pendante leur donne la libert\u00e9 de choisir le rythme, la qualit\u00e9 du papier et de la mise en page.<\/p>\n<p>Actuellement, ils ont d\u00e9j\u00e0 publi\u00e9 quatre romans, de styles bien diff\u00e9rents. In liber libertas, leur premier livre est une dystopie men\u00e9e par Adrien Galv\u00e8s, un h\u00e9ros particuli\u00e8rement charismatique. Il fallait retrouver Nadia est un roman policier, assez sombre, qui a remport\u00e9 le prix du polar du Salon du livre de Castres 2024, Huit femmes aux premi\u00e8res loges est un recueil de huit nouvelles sur la vie de concierges d\u2019immeuble et Le fils Mauveterre est un roman historique qui se d\u00e9roule en 1895 pr\u00e8s de Carmaux sur les terres de Jean Jaur\u00e8s.<\/p>\n<p>Les \u00e9changes avec les lecteurs sont au c\u0153ur de la d\u00e9marche de notre trio d\u2019auteurs : courriers, rencontres en librairies et salons, ateliers d\u2019\u00e9criture, projets avec des \u00e9l\u00e8ves\u2026 Autant de perspectives qui nourrissent leur cr\u00e9ativit\u00e9. Le 18 ao\u00fbt, ils partageront leur univers et leur passion \u00e0 Mirepoix, lors d\u2019un rendez-vous convivial qui promet autant de d\u00e9couvertes que de sourires.<\/p>\n","protected":false},"excerpt":{"rendered":"Le lundi 18 ao\u00fbt, de 9 h 30 \u00e0 12 h 30, la librairie des Couverts de Coralie&hellip;\n","protected":false},"author":2,"featured_media":317706,"comment_status":"","ping_status":"","sticky":false,"template":"","format":"standard","meta":{"footnotes":""},"categories":[1357],"tags":[1379,58,59,1011,27,1380],"class_list":{"0":"post-317705","1":"post","2":"type-post","3":"status-publish","4":"format-standard","5":"has-post-thumbnail","7":"category-livres","8":"tag-books","9":"tag-divertissement","10":"tag-entertainment","11":"tag-fr","12":"tag-france","13":"tag-livres"},"share_on_mastodon":{"url":"https:\/\/pubeurope.com\/@fr\/115024979762857406","error":""},"_links":{"self":[{"href":"https:\/\/www.europesays.com\/fr\/wp-json\/wp\/v2\/posts\/317705","targetHints":{"allow":["GET"]}}],"collection":[{"href":"https:\/\/www.europesays.com\/fr\/wp-json\/wp\/v2\/posts"}],"about":[{"href":"https:\/\/www.europesays.com\/fr\/wp-json\/wp\/v2\/types\/post"}],"author":[{"embeddable":true,"href":"https:\/\/www.europesays.com\/fr\/wp-json\/wp\/v2\/users\/2"}],"replies":[{"embeddable":true,"href":"https:\/\/www.europesays.com\/fr\/wp-json\/wp\/v2\/comments?post=317705"}],"version-history":[{"count":0,"href":"https:\/\/www.europesays.com\/fr\/wp-json\/wp\/v2\/posts\/317705\/revisions"}],"wp:featuredmedia":[{"embeddable":true,"href":"https:\/\/www.europesays.com\/fr\/wp-json\/wp\/v2\/media\/317706"}],"wp:attachment":[{"href":"https:\/\/www.europesays.com\/fr\/wp-json\/wp\/v2\/media?parent=317705"}],"wp:term":[{"taxonomy":"category","embeddable":true,"href":"https:\/\/www.europesays.com\/fr\/wp-json\/wp\/v2\/categories?post=317705"},{"taxonomy":"post_tag","embeddable":true,"href":"https:\/\/www.europesays.com\/fr\/wp-json\/wp\/v2\/tags?post=317705"}],"curies":[{"name":"wp","href":"https:\/\/api.w.org\/{rel}","templated":true}]}}