{"id":317707,"date":"2025-08-14T03:24:24","date_gmt":"2025-08-14T03:24:24","guid":{"rendered":"https:\/\/www.europesays.com\/fr\/317707\/"},"modified":"2025-08-14T03:24:24","modified_gmt":"2025-08-14T03:24:24","slug":"ce-serait-marrant-joel-tout-le-monde-veut-prendre-sa-place-devoile-lautre-jeu-de-cyril-feraud-auquel-il-aimerait-participer-programme-tv-net","status":"publish","type":"post","link":"https:\/\/www.europesays.com\/fr\/317707\/","title":{"rendered":"&quot;Ce serait marrant&quot; : Jo\u00ebl (Tout le monde veut prendre sa place) d\u00e9voile l&#039;autre jeu de Cyril F\u00e9raud auquel il aimerait participer &#8211; programme-tv.net"},"content":{"rendered":"<ol>\n<li><a href=\"https:\/\/news.google.com\/rss\/articles\/CBMi_gFBVV95cUxQNWlfY1JGeW0tVi1HME5naHY1eTVBT3o0OXlBTHZHcXJEUHVIVHRVN0h4ajNoZUk2a1hiTTVucl9JY0kyaldCbThXTE12LVZmM243QkladzVYTEVLR2ZjZHctaEI1c3NvT1VYbjNVX0hiQ2JtZ1B2R1FmYnRMTnZaZnZzdUNNbFNoWWI3blNsSnlXdzVDYXJjbkg5bDBRcG1nRXpKMFJFX0Zjd25rUkV4S2RZYjRYVWNyTmkyWkFFUzRQcElGZHgycWRrZm95WjgtSTF6LUlIMWpCQ0VCNUxGM1ZBRV81MHRpd1lvMmtxX3hNYWhqTTA4ZVpYdG5FZw?oc=5\" target=\"_blank\" rel=\"nofollow noopener\">\u00ab\u00a0Ce serait marrant\u00a0\u00bb : Jo\u00ebl (Tout le monde veut prendre sa place) d\u00e9voile l&rsquo;autre jeu de Cyril F\u00e9raud auquel il aimerait participer<\/a>&nbsp;&nbsp;programme-tv.net<\/li>\n<li><a href=\"https:\/\/news.google.com\/rss\/articles\/CBMikAFBVV95cUxNU2dVd1FYMV9kLXJmX0lxQ1BWcEw3UWE2aGRVZjVHYVpiSk1LUVo4dC04d2lsVHlOQkNYVmxyZzBqcnU0SE9IMHFlWnNBcDBuZ0ExYmpGU2YtaHBkWnpIcG0xNVNpU0xwbDNlOTN3Ym54aFRFWEYtem0ta1lDUm9JdW5ZVmIwb29ub3czaUg4ZXk?oc=5\" target=\"_blank\" rel=\"nofollow noopener\">\u00c9mission du mardi 12 ao\u00fbt 2025 en replay &#8211; Tout le monde veut prendre sa place<\/a>&nbsp;&nbsp;France TV<\/li>\n<li><a href=\"https:\/\/news.google.com\/rss\/articles\/CBMi8wFBVV95cUxPZTlJcVluR1VtS0JkR1d4eFk5eHhuakdzMV9FT1hkWmpMal9HX09uV2JvUnBuVHFxcWoxdS1KNldtSEcxdENlWTA5MU9aRUMtTXFCTGhJeV9UTnBIUzRxSm9pcXZTMWxSZTNvVnpMUkFFSmRYWHA2TkI5U2hacGd3XzludmxrTUlIeEpLcmkyb0NFOVkzOEttRk5yTGN2RDNUaUdySlFMTmRqSjQxQnhVYV9zcG5EOXQ0U1BmSmxvNFJUV2JpMUxuYmVpOUZXam12bnpsamJfZ2Q3cTBqZHIyeGFKTDZXQUZrVi0zVFhWMGpCbk0?oc=5\" target=\"_blank\" rel=\"nofollow noopener\">Tout le monde veut prendre sa place : \u00e9limin\u00e9, Jo\u00ebl r\u00e9v\u00e8le l\u2019impact de l\u2019\u00e9mission sur son couple<\/a>&nbsp;&nbsp;T\u00e9l\u00e9 7 Jours<\/li>\n<li><a href=\"https:\/\/news.google.com\/rss\/articles\/CBMihgJBVV95cUxPUDYyb3VqamFnOTdlVmQ5TzV0Q2NLVnk1OVZPZDZjSUxGaThMNTd3bGJoeUhSQ2NVSGR2ZXBiX0tHTHphT0JRN3NwS01JMjJGN3RxcXk4eFJndndpU0RNeDF3cmtIZnU0Rlp3d3JlMTc0bjg0cE1KNWpEUXNQR2p6c09IaUdMSmZ4Vml5R3ZJZFE5SFFOUlJGaEQxaXpxNXFyYmEzZXhNTklBaVdGcDY5b1JtM005R24yMlFNQ2J1cGhEbHVZY3kwOHBsS2Nvck9aV250RHg4aTNHZHN2SnRCaGdCNldxRG5KX0llVlJwaDNsUVFEWjNaazA5dktUa1A1UUpzYTdR?oc=5\" target=\"_blank\" rel=\"nofollow noopener\">Jo\u00ebl (Tout le monde veut prendre sa place) d\u00e9voile l&rsquo;appel de Cyril F\u00e9raud apr\u00e8s son \u00e9limination : \u00ab\u00a0Il a essay\u00e9 de me remonter le moral\u00a0\u00bb<\/a>&nbsp;&nbsp;programme-tv.net<\/li>\n<li><a href=\"https:\/\/news.google.com\/rss\/articles\/CBMiwAJBVV95cUxOVWlKV0xTYkVacUhIbWlzNHNzeTQyRFNWaHRKVkw2cDkzLU1pSzZqZHhESklkR0lTUkZpWkZEcnNxSW5ScHhKNEJIaGhMSXBpMlNqdVF1TVU3OVpqSTRnUm1WQ3p2WXE4WDB2X2xBdlJ1bkZrSHpZX18yTjlIU2J6ZGpfVlEwVWkzcEdab01DcWR0a1dnbGUxQjBsTXpkZWFrckFTQjQza3h4dXJfNnlVeFZiT2xDQXRoYmR6ckpaWDhBekF2RkdDZTg4elVfOFpjeFVIbVhkWGh2c3RTU3U5VzBheVMwdnJtcWRBbUhFaUdzRTlfbU9wcnQ5cW84NGVOYTFXcVh1U2ZWTzV1bFdrd2ZSM1hhME42SlN1bGo4OWE0MDhnUTBsWEJvby1UNUJkOVRzQ1diMGtLcFhwbm1YYg?oc=5\" target=\"_blank\" rel=\"nofollow noopener\">ENTRETIEN. Jo\u00ebl, \u00e9limin\u00e9 de \u00ab Tout le monde veut prendre sa place \u00bb : \u00abJ\u2019avais moins envie de jouer\u00bb<\/a>&nbsp;&nbsp;Programme TV Ouest-France<\/li>\n<\/ol>\n","protected":false},"excerpt":{"rendered":"\u00ab\u00a0Ce serait marrant\u00a0\u00bb : Jo\u00ebl (Tout le monde veut prendre sa place) d\u00e9voile l&rsquo;autre jeu de Cyril F\u00e9raud&hellip;\n","protected":false},"author":2,"featured_media":1445,"comment_status":"","ping_status":"","sticky":false,"template":"","format":"standard","meta":{"footnotes":""},"categories":[1356],"tags":[58,59,1011,27,252,1364],"class_list":{"0":"post-317707","1":"post","2":"type-post","3":"status-publish","4":"format-standard","5":"has-post-thumbnail","7":"category-television","8":"tag-divertissement","9":"tag-entertainment","10":"tag-fr","11":"tag-france","12":"tag-television","13":"tag-tv"},"share_on_mastodon":{"url":"https:\/\/pubeurope.com\/@fr\/115024983861955411","error":""},"_links":{"self":[{"href":"https:\/\/www.europesays.com\/fr\/wp-json\/wp\/v2\/posts\/317707","targetHints":{"allow":["GET"]}}],"collection":[{"href":"https:\/\/www.europesays.com\/fr\/wp-json\/wp\/v2\/posts"}],"about":[{"href":"https:\/\/www.europesays.com\/fr\/wp-json\/wp\/v2\/types\/post"}],"author":[{"embeddable":true,"href":"https:\/\/www.europesays.com\/fr\/wp-json\/wp\/v2\/users\/2"}],"replies":[{"embeddable":true,"href":"https:\/\/www.europesays.com\/fr\/wp-json\/wp\/v2\/comments?post=317707"}],"version-history":[{"count":0,"href":"https:\/\/www.europesays.com\/fr\/wp-json\/wp\/v2\/posts\/317707\/revisions"}],"wp:featuredmedia":[{"embeddable":true,"href":"https:\/\/www.europesays.com\/fr\/wp-json\/wp\/v2\/media\/1445"}],"wp:attachment":[{"href":"https:\/\/www.europesays.com\/fr\/wp-json\/wp\/v2\/media?parent=317707"}],"wp:term":[{"taxonomy":"category","embeddable":true,"href":"https:\/\/www.europesays.com\/fr\/wp-json\/wp\/v2\/categories?post=317707"},{"taxonomy":"post_tag","embeddable":true,"href":"https:\/\/www.europesays.com\/fr\/wp-json\/wp\/v2\/tags?post=317707"}],"curies":[{"name":"wp","href":"https:\/\/api.w.org\/{rel}","templated":true}]}}