{"id":317708,"date":"2025-08-14T03:25:13","date_gmt":"2025-08-14T03:25:13","guid":{"rendered":"https:\/\/www.europesays.com\/fr\/317708\/"},"modified":"2025-08-14T03:25:13","modified_gmt":"2025-08-14T03:25:13","slug":"la-moindre-etincelle-un-concert-damir-annule-a-la-derniere-minute-la-raison-devoilee","status":"publish","type":"post","link":"https:\/\/www.europesays.com\/fr\/317708\/","title":{"rendered":"\u201cLa moindre \u00e9tincelle\u2026\u201d : un concert d\u2019Amir annul\u00e9 \u00e0 la derni\u00e8re minute, la raison d\u00e9voil\u00e9e"},"content":{"rendered":"<p>Le public de <strong>Casteljaloux<\/strong> (Lot-et-Garonne)<br \/>\nattendait ce rendez-vous avec le <a href=\"https:\/\/www.closermag.fr\/people\/genocide-en-cours-amir-au-coeur-dune-fronde-geante-le-chanteur-se-fait-tout-petit-3564511\" target=\"_blank\" rel=\"noopener\"><br \/>\nchanteur Amir<\/a>. Ce mercredi 13 ao\u00fbt, <a href=\"https:\/\/www.closermag.fr\/people\/amir-bloque-en-israel-le-chanteur-a-trouve-le-subterfuge-pour-retrouver-sa-famille-en-france-3557080\" target=\"_blank\" rel=\"noopener\"><br \/>\nAmir<\/a> devait se produire en <strong>plein air lors d\u2019un concert<br \/>\ngratuit<\/strong> organis\u00e9 par le Casino de la ville. L\u2019\u00e9v\u00e9nement<br \/>\npromettait de rassembler une foule importante au c\u0153ur de l\u2019\u00e9t\u00e9.<br \/>\nMais \u00e0 quelques heures seulement du spectacle, <strong>tout a<br \/>\nbascul\u00e9.<\/strong><\/p>\n<p>Ce mardi soir, dans une vid\u00e9o post\u00e9e sur ses r\u00e9seaux sociaux, le<br \/>\n<a href=\"https:\/\/www.closermag.fr\/people\/amir-aux-francofolies-malgre-lappel-au-boycott-le-chanteur-ne-sest-pas-degonfle-3565305\" target=\"_blank\" rel=\"noopener\"><br \/>\nchanteur franco-isra\u00e9lien<\/a> a pris la parole pour<br \/>\n<strong>annoncer<\/strong> lui-m\u00eame la <strong>mauvaise<br \/>\nnouvelle<\/strong> \u00e0 ses fans. \u201cSalut les amis, j\u2019esp\u00e8re que<br \/>\nvous allez bien. Pour ma part, j\u2019ai <strong>une nouvelle qui n\u2019est<br \/>\npas terrible \u00e0 vous annoncer<\/strong>.\u2019\u2019 a-t-il commenc\u00e9,<br \/>\nvisiblement <strong>d\u00e9\u00e7u<\/strong>.<\/p>\n<p>Un arr\u00eat\u00e9 municipal qui change tout pour Amir<\/p>\n<p>L\u2019artiste Amir r\u00e9v\u00e8le que la d\u00e9cision <strong>d\u2019annuler le<br \/>\nconcert ne vient pas de lui<\/strong>, mais <strong>d\u2019un arr\u00eat\u00e9<br \/>\nmunicipal<\/strong> pris par la pr\u00e9fecture. En cause : des <a href=\"https:\/\/www.closermag.fr\/vecu\/faits_divers\/incendie-monstre-dans-laube-feux-hors-de-controle-cette-prevision-qui-ne-dit-rien-de-bon-3569645\" target=\"_blank\" rel=\"noopener\"><br \/>\nrisques d\u2019incendie<\/a> jug\u00e9s trop <strong>\u00e9lev\u00e9s<\/strong> dans la<br \/>\nzone bois\u00e9e proche du site. \u201cLa <strong>moindre<br \/>\n\u00e9tincelle<\/strong> peut lancer un gros <strong>d\u00e9part de<br \/>\nfeu.<\/strong> \u00c9videmment, <strong>personne ne veut prendre ces<br \/>\nrisques<\/strong>.\u2019\u2019 explique Amir dans sa vid\u00e9o. L\u2019\u00e9v\u00e9nement,<br \/>\nqui devait \u00eatre un grand moment festif et gratuit, est donc<br \/>\n<strong>report\u00e9<\/strong> \u00e0 une date ult\u00e9rieure.<\/p>\n<p>De son c\u00f4t\u00e9, la maire de Casteljaloux, Julie Castillo, a<br \/>\n\u00e9galement communiqu\u00e9 sur Facebook. Elle pr\u00e9cise que la<br \/>\nville est \u201c<strong>cat\u00e9goris\u00e9e \u00e0 dominante<br \/>\nforesti\u00e8re<\/strong>\u2019\u2019 et que la configuration du site rendrait<br \/>\n\u201c<strong>impossible<\/strong>\u2019\u2019 l\u2019\u00e9vacuation rapide du<br \/>\npublic en cas d\u2019incendie. La zone de stationnement, situ\u00e9e dans une<br \/>\npartie bois\u00e9e, est elle aussi <strong>jug\u00e9e \u00e0 risque.<\/strong> \u00c0<br \/>\ncela s\u2019ajoute la <strong>forte chaleur<\/strong> annonc\u00e9e pour la<br \/>\njourn\u00e9e, avec des temp\u00e9ratures pouvant devenir<br \/>\n<strong>dangereuses<\/strong> pour les spectateurs expos\u00e9s plusieurs<br \/>\nheures.<\/p>\n<p>Partie remise pour le chanteur et son<br \/>\npublic<\/p>\n<p>Malgr\u00e9 la d\u00e9ception, Amir a tenu \u00e0 rassurer ses fans :<br \/>\n<strong>ce n\u2019est que partie remise.<\/strong> \u201cJe vous embrasse.<br \/>\nPrenez soin de vous. <strong>Passez un bel \u00e9t\u00e9 tout en<br \/>\ns\u00e9curit\u00e9.<\/strong> \u00c0 bient\u00f4t.\u2019\u2019 conclut-il. <a href=\"https:\/\/www.closermag.fr\/people\/amir-papa-pour-la-troisieme-fois-lital-a-accouche-mais-le-mystere-demeure-3521577\" target=\"_blank\" rel=\"noopener\"><br \/>\nL\u2019interpr\u00e8te de J\u2019ai cherch\u00e9<\/a> esp\u00e8re vite retrouver son<br \/>\npublic dans des conditions plus s\u00fbres.<\/p>\n<p>Cette annulation s\u2019inscrit dans un contexte<br \/>\n<strong>m\u00e9t\u00e9orologique<\/strong> tendu. Depuis plusieurs jours, la<br \/>\nr\u00e9gion est plac\u00e9e en vigilance orange feux de for\u00eat. Les<br \/>\norganisateurs d\u2019\u00e9v\u00e9nements en plein air sont <strong>contraints de<br \/>\ns\u2019adapter<\/strong> aux d\u00e9cisions pr\u00e9fectorales pour <strong>\u00e9viter<br \/>\ntout risque.<\/strong> Un \u00e9t\u00e9 marqu\u00e9 par la<br \/>\n<strong>prudence<\/strong> mais qui n\u2019emp\u00eache pas l\u2019attente<br \/>\ngrandissante du <strong>retour d\u2019Amir sur sc\u00e8ne.<\/strong><\/p>\n","protected":false},"excerpt":{"rendered":"Le public de Casteljaloux (Lot-et-Garonne) attendait ce rendez-vous avec le chanteur Amir. Ce mercredi 13 ao\u00fbt, Amir devait&hellip;\n","protected":false},"author":2,"featured_media":317709,"comment_status":"","ping_status":"","sticky":false,"template":"","format":"standard","meta":{"footnotes":""},"categories":[1355],"tags":[33287,548,58,59,1011,27,1361,873],"class_list":{"0":"post-317708","1":"post","2":"type-post","3":"status-publish","4":"format-standard","5":"has-post-thumbnail","7":"category-musique","8":"tag-amir","9":"tag-article-simple","10":"tag-divertissement","11":"tag-entertainment","12":"tag-fr","13":"tag-france","14":"tag-music","15":"tag-musique"},"share_on_mastodon":{"url":"https:\/\/pubeurope.com\/@fr\/115024987722445065","error":""},"_links":{"self":[{"href":"https:\/\/www.europesays.com\/fr\/wp-json\/wp\/v2\/posts\/317708","targetHints":{"allow":["GET"]}}],"collection":[{"href":"https:\/\/www.europesays.com\/fr\/wp-json\/wp\/v2\/posts"}],"about":[{"href":"https:\/\/www.europesays.com\/fr\/wp-json\/wp\/v2\/types\/post"}],"author":[{"embeddable":true,"href":"https:\/\/www.europesays.com\/fr\/wp-json\/wp\/v2\/users\/2"}],"replies":[{"embeddable":true,"href":"https:\/\/www.europesays.com\/fr\/wp-json\/wp\/v2\/comments?post=317708"}],"version-history":[{"count":0,"href":"https:\/\/www.europesays.com\/fr\/wp-json\/wp\/v2\/posts\/317708\/revisions"}],"wp:featuredmedia":[{"embeddable":true,"href":"https:\/\/www.europesays.com\/fr\/wp-json\/wp\/v2\/media\/317709"}],"wp:attachment":[{"href":"https:\/\/www.europesays.com\/fr\/wp-json\/wp\/v2\/media?parent=317708"}],"wp:term":[{"taxonomy":"category","embeddable":true,"href":"https:\/\/www.europesays.com\/fr\/wp-json\/wp\/v2\/categories?post=317708"},{"taxonomy":"post_tag","embeddable":true,"href":"https:\/\/www.europesays.com\/fr\/wp-json\/wp\/v2\/tags?post=317708"}],"curies":[{"name":"wp","href":"https:\/\/api.w.org\/{rel}","templated":true}]}}