{"id":317710,"date":"2025-08-14T03:26:13","date_gmt":"2025-08-14T03:26:13","guid":{"rendered":"https:\/\/www.europesays.com\/fr\/317710\/"},"modified":"2025-08-14T03:26:13","modified_gmt":"2025-08-14T03:26:13","slug":"box-office-hebdo-evanouis-etend-son-emprise","status":"publish","type":"post","link":"https:\/\/www.europesays.com\/fr\/317710\/","title":{"rendered":"Box-office hebdo : \u00c9vanouis \u00e9tend son emprise"},"content":{"rendered":"<p>                                <a href=\"https:\/\/www.boxofficepro.fr\/wp-content\/uploads\/sites\/2\/2025\/08\/Evanouis-BD.jpg\" target=\"_blank\" rel=\"noopener nofollow\"><img width=\"600\" height=\"251\" src=\"https:\/\/www.europesays.com\/fr\/wp-content\/uploads\/2025\/08\/Evanouis-BD-600x251.jpg\" class=\"attachment-mobile size-mobile wp-post-image\" alt=\"\" decoding=\"async\" fetchpriority=\"high\"  \/><\/a><br \/>\n                                \u00c9vanouis \u00a9 Warner Bros.                            <\/p>\n<p><strong>L\u2019\u00e9pouvante de Warner se distingue, au sein d\u2019une fr\u00e9quentation qui souffle plut\u00f4t\u2026 du froid.\u00a0\u00a0<\/strong><\/p>\n<p><strong>\u00c9vanouis <\/strong>cl\u00f4ture sa premi\u00e8re semaine \u00e0 plus de 281 000 entr\u00e9es. De quoi r\u00e9aliser la troisi\u00e8me meilleure 1e semaine de l\u2019ann\u00e9e pour un titre d\u2019horreur, avec une saisissante moyenne de 30 entr\u00e9es par s\u00e9ance (e\/s). Pour rappel, Destination Bloodlines et Sinners avaient respectivement r\u00e9uni 328 000 et 340 000 spectateurs sur leur 1e semaine, mais avec une moyenne de 20 (e\/s) pour le premier, et de 27 (e\/s) pour le second. Actuellement, ils cumulent chacun plus d\u20191 million (M) de tickets.\u00a0<\/p>\n<p>\u00c0 l\u2019autre extr\u00e9mit\u00e9 du top 20, <strong>Jujutsu Kaisen : Tr\u00e9sor cach\u00e9 \/ Mort pr\u00e9matur\u00e9e \u2013 Le Film<\/strong> confirme l\u2019impact de l\u2019anime \u00e9v\u00e9nementiel. Distribu\u00e9 sous visa exceptionnel le week-end dernier, il aura attir\u00e9 en moyenne 65 fans par s\u00e9ance. En d\u00e9cembre 2024, \u00e9galement distribu\u00e9 par Sony Pictures, Solo Leveling -ReAwakening- r\u00e9alisait 75 e\/s. Mais difficile de retrouver les sommets atteints par le distributeur avec Demon Slayer: Kimetsu No Yaiba \u2013 En route vers l\u2019entra\u00eenement des piliers et ses 317 e\/s en f\u00e9vrier 2024<\/p>\n<p>Parmi les continuations \u2013 qui repr\u00e9sentent 68 % du top 20 hebdomadaire \u2013, <strong>Dragons <\/strong>est aux portes des 2,5 M d\u2019entr\u00e9es au terme de sa 8e semaine. <strong>F1 Le Film<\/strong> se distingue toujours avec 21 e\/s sur sa 7e semaine, quasi-assur\u00e9 de d\u00e9passer la ligne des 3 M de tickets d\u2019ici une dizaine de jours. D\u00e9sormais hors top 20, <strong>Mission : Impossible \u2013 The Final Reckoning<\/strong> attire pour sa part toujours une moyenne de 22 spectateurs sur les 290 s\u00e9ances programm\u00e9es lors de sa 12e semaine.<br \/>Enfin, toujours hors top 20, signalons le joli score obtenu par Carlotta Films avec la reprise de <strong>Yi Yi<\/strong> d\u2019Edward Yang. Diffus\u00e9 sur 383 s\u00e9ances, il \u00e9coule pr\u00e8s de 8 700 tickets, au rythme de 23 par s\u00e9ance. \u00c0 sa sortie en septembre 2000 sous banni\u00e8re Diaphana, ce Prix de la mise en sc\u00e8ne du Festival de Cannes avait r\u00e9uni 264 000 spectateurs.<\/p>\n<p>Le top 20 hebdomadaire totalise 1,87 M d\u2019entr\u00e9es, en recul de pr\u00e8s de 19 % par rapport \u00e0 la semaine derni\u00e8re. La semaine \u00e9quivalente de l\u2019\u00e9t\u00e9 2024 en r\u00e9alisait le double, port\u00e9 par les puissantes continuations de Deadpool &amp; Wolverine, Le Comte de Monte-Cristo et Moi, moche et m\u00e9chant 4, sans oublier Vice-Versa 2 qui attirait encore plus de 225 000 spectateurs au terme de sa 8e semaine d\u2019exploitation<\/p>\n<p><strong>\u00c0 lire aussi \u2502<\/strong><a href=\"https:\/\/www.boxofficepro.fr\/box-office-week-end-evanouis-frappe-fort\/\" target=\"_blank\" rel=\"noreferrer noopener nofollow\"><strong>Box-office week-end : \u00c9vanouis frappe fort<\/strong><\/a><\/p>\n<p><strong>Entr\u00e9es cumul\u00e9es du 6 au 12 ao\u00fbt 2025 :<\/strong><\/p>\n<p><a href=\"https:\/\/www.boxofficepro.fr\/wp-content\/uploads\/sites\/2\/2025\/08\/TOP-20-HEBDO-1.png\" target=\"_blank\" rel=\" noreferrer noopener nofollow\"><img loading=\"lazy\" decoding=\"async\" width=\"1024\" height=\"842\" src=\"https:\/\/www.europesays.com\/fr\/wp-content\/uploads\/2025\/08\/TOP-20-HEBDO-1-1024x842.png\" alt=\"\" class=\"wp-image-31498\"  \/><\/a>Sources chiffres : Distributeurs | S\u00e9ances : Showtimes Dashboard by The Boxoffice Company<\/p>\n<p>                                <a href=\"https:\/\/www.boxofficepro.fr\/wp-content\/uploads\/sites\/2\/2025\/08\/Evanouis-BD.jpg\" target=\"_blank\" rel=\"noopener nofollow\"><img width=\"600\" height=\"251\" src=\"https:\/\/www.europesays.com\/fr\/wp-content\/uploads\/2025\/08\/Evanouis-BD-600x251.jpg\" class=\"attachment-mobile size-mobile wp-post-image\" alt=\"\" decoding=\"async\" fetchpriority=\"high\"  \/><\/a><br \/>\n                                \u00c9vanouis \u00a9 Warner Bros.                            <\/p>\n","protected":false},"excerpt":{"rendered":"\u00c9vanouis \u00a9 Warner Bros. L\u2019\u00e9pouvante de Warner se distingue, au sein d\u2019une fr\u00e9quentation qui souffle plut\u00f4t\u2026 du froid.\u00a0\u00a0&hellip;\n","protected":false},"author":2,"featured_media":317711,"comment_status":"","ping_status":"","sticky":false,"template":"","format":"standard","meta":{"footnotes":""},"categories":[1354],"tags":[58,59,1346,1011,27,1360],"class_list":{"0":"post-317710","1":"post","2":"type-post","3":"status-publish","4":"format-standard","5":"has-post-thumbnail","7":"category-films","8":"tag-divertissement","9":"tag-entertainment","10":"tag-films","11":"tag-fr","12":"tag-france","13":"tag-movies"},"share_on_mastodon":{"url":"https:\/\/pubeurope.com\/@fr\/115024991775648862","error":""},"_links":{"self":[{"href":"https:\/\/www.europesays.com\/fr\/wp-json\/wp\/v2\/posts\/317710","targetHints":{"allow":["GET"]}}],"collection":[{"href":"https:\/\/www.europesays.com\/fr\/wp-json\/wp\/v2\/posts"}],"about":[{"href":"https:\/\/www.europesays.com\/fr\/wp-json\/wp\/v2\/types\/post"}],"author":[{"embeddable":true,"href":"https:\/\/www.europesays.com\/fr\/wp-json\/wp\/v2\/users\/2"}],"replies":[{"embeddable":true,"href":"https:\/\/www.europesays.com\/fr\/wp-json\/wp\/v2\/comments?post=317710"}],"version-history":[{"count":0,"href":"https:\/\/www.europesays.com\/fr\/wp-json\/wp\/v2\/posts\/317710\/revisions"}],"wp:featuredmedia":[{"embeddable":true,"href":"https:\/\/www.europesays.com\/fr\/wp-json\/wp\/v2\/media\/317711"}],"wp:attachment":[{"href":"https:\/\/www.europesays.com\/fr\/wp-json\/wp\/v2\/media?parent=317710"}],"wp:term":[{"taxonomy":"category","embeddable":true,"href":"https:\/\/www.europesays.com\/fr\/wp-json\/wp\/v2\/categories?post=317710"},{"taxonomy":"post_tag","embeddable":true,"href":"https:\/\/www.europesays.com\/fr\/wp-json\/wp\/v2\/tags?post=317710"}],"curies":[{"name":"wp","href":"https:\/\/api.w.org\/{rel}","templated":true}]}}