{"id":317712,"date":"2025-08-14T03:27:17","date_gmt":"2025-08-14T03:27:17","guid":{"rendered":"https:\/\/www.europesays.com\/fr\/317712\/"},"modified":"2025-08-14T03:27:17","modified_gmt":"2025-08-14T03:27:17","slug":"des-lapins-apercus-avec-des-tentacules-poussant-sur-leur-tete-inquietent-les-habitants","status":"publish","type":"post","link":"https:\/\/www.europesays.com\/fr\/317712\/","title":{"rendered":"Des lapins aper\u00e7us avec des tentacules poussant sur leur t\u00eate inqui\u00e8tent les habitants"},"content":{"rendered":"<p><strong>Des lapins avec une apparence pr\u00e9occupante ont \u00e9t\u00e9 aper\u00e7us dans le Colorado. Les responsables de la faune sauvage ont identifi\u00e9 la cause.<\/strong><\/p>\n<p>\u00c0 Fort Collins, dans le <a href=\"https:\/\/www.demotivateur.fr\/article\/colorado-elle-assiste-a-un-epique-combat-au-sabre-laser-sous-la-neige-depuis-son-balcon-24164\" rel=\"nofollow noopener\" target=\"_blank\">Colorado<\/a>, des promeneurs ont rep\u00e9r\u00e9 des <a href=\"https:\/\/www.demotivateur.fr\/animaux\/un-camion-transportant-4-000-lapins-vers-l-abattoir-finit-dans-le-fosse-les-animaux-s-enfuient-dans-la-nature-43872\" rel=\"nofollow noopener\" target=\"_blank\">lapins<\/a> pr\u00e9sentant des excroissances. Elles se pr\u00e9sentent sous forme de protub\u00e9rances noires \u00ab ressemblant \u00e0 des tentacules sortant de leur t\u00eate \u00bb, d\u00e9crit CNN et repris par le site <a href=\"https:\/\/www.eastidahonews.com\/2025\/08\/rabbits-with-tentacles-or-horns-growing-from-their-heads-spotted-in-colorado\/\" target=\"_blank\" rel=\"noopener nofollow\">East Idaho News<\/a>.<\/p>\n<p>Ces protub\u00e9rances soul\u00e8vent des inqui\u00e9tudes au sein de la population. Le Colorado Parks and Wildlife (CPW), le centre responsable de la faune, affirme que la cause de ces tentacules est un virus.<\/p>\n<p><img decoding=\"async\" loading=\"lazy\" src=\"https:\/\/www.europesays.com\/fr\/wp-content\/uploads\/2025\/08\/lapin-Kyle-Kempf-iStock-.jpg\" width=\"660\" height=\"440\" alt=\"Lapin dans l'herbe\" caption=\"false\"\/>Cr\u00e9dit photo :\u00a0Kyle Kempf\/ iStock<\/p>\n<p>Cependant, le centre a \u00e9galement avanc\u00e9 que ce virus n\u2019est pas dangereux pour les humains et les animaux domestiques. Toutefois, le CPW invite la population \u00e0 ne pas s\u2019approcher des lapins ni \u00e0 les toucher.<\/p>\n<p>\u00ab On aurait dit que c&rsquo;\u00e9taient des piquants noirs \u00bb<\/p>\n<p><img decoding=\"async\" loading=\"lazy\" src=\"https:\/\/www.europesays.com\/fr\/wp-content\/uploads\/2025\/08\/fort-collins-Wirestock-iStock-.jpg\" width=\"660\" height=\"439\" alt=\"Fort Collins, Colorado\" caption=\"false\"\/>Fort Collins, Colorado. Cr\u00e9dit photo :\u00a0Wirestock\/ iStock<\/p>\n<p>Ce n\u2019est que tr\u00e8s r\u00e9cemment que les habitants de Fort Collins ont commenc\u00e9 \u00e0 remarquer l\u2019apparence inhabituelle des lapins. Une habitante, Susan Mansfield, a d\u00e9clar\u00e9 aux m\u00e9dias locaux avoir vu un lapin avec des \u00e9pines noires ou des \u00ab piquants \u00bb autour de la bouche.<\/p>\n<blockquote><p>&#13;<\/p>\n<p>\u00ab On aurait dit que c&rsquo;\u00e9taient des piquants noirs ou des cure-dents noirs qui d\u00e9passaient de sa bouche. Je pensais que \u00e7a s\u2019en irait pendant l&rsquo;hiver, mais non. C\u2019est revenu l\u2019ann\u00e9e suivante et \u00e7a a repouss\u00e9 \u00bb, raconte-elle.<\/p>\n<p>&#13;\n<\/p><\/blockquote>\n<p><img decoding=\"async\" loading=\"lazy\" src=\"https:\/\/www.europesays.com\/fr\/wp-content\/uploads\/2025\/08\/COVER.jpeg\" width=\"660\" height=\"371\" alt=\"Lapin avec protub\u00e9rances sur le visage\" caption=\"false\"\/>Cr\u00e9dit photo : CNN<\/p>\n<p>Selon les responsables de la faune sauvage, ces excroissances sont caus\u00e9es par un virus qui provoque des protub\u00e9rances qui ressemblent \u00e0 des verrues. Elles se nichent sur le visage ou la t\u00eate des lapins. Ces excroissances seraient ainsi similaires \u00e0 celles des cellules canc\u00e9reuses b\u00e9nignes. Cependant, aucun traitement n\u2019est connu, pr\u00e9cise le CPW. Par ailleurs, ces protub\u00e9rances ne seraient pas nocives pour les lapins, sauf si elles se d\u00e9veloppent sur des zones sensibles comme la bouche ou les yeux, avance encore le centre.<\/p>\n<p>Le virus se propage entre les lapins mais ne serait pas contagieux pour les humains et les autres animaux sauvages. Malgr\u00e9 tout, les autorit\u00e9s recommandent de ne pas s\u2019approcher des lapins porteurs du virus et de rester \u00e0 l\u2019\u00e9cart.<\/p>\n","protected":false},"excerpt":{"rendered":"Des lapins avec une apparence pr\u00e9occupante ont \u00e9t\u00e9 aper\u00e7us dans le Colorado. Les responsables de la faune sauvage&hellip;\n","protected":false},"author":2,"featured_media":317713,"comment_status":"","ping_status":"","sticky":false,"template":"","format":"standard","meta":{"footnotes":""},"categories":[10],"tags":[1011,27,72,71],"class_list":{"0":"post-317712","1":"post","2":"type-post","3":"status-publish","4":"format-standard","5":"has-post-thumbnail","7":"category-sante","8":"tag-fr","9":"tag-france","10":"tag-health","11":"tag-sante"},"share_on_mastodon":{"url":"https:\/\/pubeurope.com\/@fr\/115024995585440454","error":""},"_links":{"self":[{"href":"https:\/\/www.europesays.com\/fr\/wp-json\/wp\/v2\/posts\/317712","targetHints":{"allow":["GET"]}}],"collection":[{"href":"https:\/\/www.europesays.com\/fr\/wp-json\/wp\/v2\/posts"}],"about":[{"href":"https:\/\/www.europesays.com\/fr\/wp-json\/wp\/v2\/types\/post"}],"author":[{"embeddable":true,"href":"https:\/\/www.europesays.com\/fr\/wp-json\/wp\/v2\/users\/2"}],"replies":[{"embeddable":true,"href":"https:\/\/www.europesays.com\/fr\/wp-json\/wp\/v2\/comments?post=317712"}],"version-history":[{"count":0,"href":"https:\/\/www.europesays.com\/fr\/wp-json\/wp\/v2\/posts\/317712\/revisions"}],"wp:featuredmedia":[{"embeddable":true,"href":"https:\/\/www.europesays.com\/fr\/wp-json\/wp\/v2\/media\/317713"}],"wp:attachment":[{"href":"https:\/\/www.europesays.com\/fr\/wp-json\/wp\/v2\/media?parent=317712"}],"wp:term":[{"taxonomy":"category","embeddable":true,"href":"https:\/\/www.europesays.com\/fr\/wp-json\/wp\/v2\/categories?post=317712"},{"taxonomy":"post_tag","embeddable":true,"href":"https:\/\/www.europesays.com\/fr\/wp-json\/wp\/v2\/tags?post=317712"}],"curies":[{"name":"wp","href":"https:\/\/api.w.org\/{rel}","templated":true}]}}