{"id":317719,"date":"2025-08-14T03:31:15","date_gmt":"2025-08-14T03:31:15","guid":{"rendered":"https:\/\/www.europesays.com\/fr\/317719\/"},"modified":"2025-08-14T03:31:15","modified_gmt":"2025-08-14T03:31:15","slug":"hippisme-le-gouvernement-preconise-un-plan-deconomies-et-un-changement-de-statut-du-pmu-13-08-2025-a-1843","status":"publish","type":"post","link":"https:\/\/www.europesays.com\/fr\/317719\/","title":{"rendered":"Hippisme: le gouvernement pr\u00e9conise un plan d&rsquo;\u00e9conomies et un changement de statut du PMU &#8211; 13\/08\/2025 \u00e0 18:43"},"content":{"rendered":"<p>\n Le gouvernement pr\u00e9conise mercredi une r\u00e9forme de la fili\u00e8re hippique, pour faire face \u00e0 la baisse des paris, comprenant \u00ab\u00a0un plan d&rsquo;\u00e9conomies structurelles\u00a0\u00bb et une r\u00e9novation de la gouvernance du PMU afin de \u00ab\u00a0faire \u00e9voluer son statut\u00a0\u00bb.\n<\/p>\n<p>        <img fetchpriority=\"high\" decoding=\"async\" src=\"https:\/\/www.europesays.com\/fr\/wp-content\/uploads\/2025\/08\/9799f2ff72077b3d2f73c22633cbcf7f-760x507.jpg\" alt=\"( AFP \/ JULIE SEBADELHA )\" loading=\"eager\" width=\"760\" height=\"507\" style=\"max-width: 100%!important; height: auto;\"\/><\/p>\n<p class=\"c-image-news__legend\">( AFP \/ JULIE SEBADELHA )<\/p>\n<p>\n N\u00e9 en 1930, le PMU est un Groupement d&rsquo;int\u00e9r\u00eat \u00e9conomique (GIE) d\u00e9tenu par France Galop et la SETF (Soci\u00e9t\u00e9 d&rsquo;encouragement \u00e0 l&rsquo;\u00e9levage du trotteur fran\u00e7ais) qui se partagent \u00e0 parts \u00e9gales le b\u00e9n\u00e9fice net (8% des mises) pour financer la fili\u00e8re hippique et ses 40.000 emplois.\n<\/p>\n<p>\n Les joueurs empochent 75% des mises sous forme de gains tandis que l&rsquo;Etat en re\u00e7oit 9%.\n<\/p>\n<p>\n Selon le bilan 2024 de l&rsquo;Autorit\u00e9 nationale des jeux (ANJ), le PMU a enregistr\u00e9 6,6 milliards d&rsquo;euros de mises l&rsquo;an dernier, pour 1,7 milliard de produit brut des jeux (diff\u00e9rence entre les mises des joueurs et leurs gains), en baisse de 2% sur un an.\n<\/p>\n<p>\n Selon France Galop, les mises sont en baisse de 4% depuis le d\u00e9but de l&rsquo;ann\u00e9e.\n<\/p>\n<p>\n Mercredi, le gouvernement a d\u00e9sign\u00e9 Eric Woerth, d\u00e9put\u00e9 de l\u2019Oise, pour diriger la r\u00e9daction d\u2019un \u00ab\u00a0Pacte PMU 2030\u00a0\u00bb.\n<\/p>\n<p>\n Il s&rsquo;appuie sur un rapport de l\u2019Inspection G\u00e9n\u00e9rale des Finances (IGF) qui confirme \u00ab\u00a0la tendance \u00e0 la baisse des enjeux du pari hippique\u00a0\u00bb, selon un communiqu\u00e9 des minist\u00e8res de l&rsquo;Agriculture et des Comptes publics.\n<\/p>\n<p>\n \u00ab\u00a0Cette strat\u00e9gie implique d\u2019engager un plan d\u2019\u00e9conomies structurelles dans la fili\u00e8re\u00a0\u00bb, selon le communiqu\u00e9. En particulier, les soci\u00e9t\u00e9s m\u00e8res, France Galop et Soci\u00e9t\u00e9 d\u2019encouragement \u00e0 l\u2019\u00e9levage du trotteur fran\u00e7ais (SETF), \u00ab\u00a0doivent poursuivre les efforts d\u2019\u00e9conomies et de r\u00e9duction p\u00e9renne des charges en favorisant davantage la mutualisation de leurs services, et d\u00e9gager, en parall\u00e8le, de nouvelles recettes hors-paris\u00a0\u00bb, est-il pr\u00e9cis\u00e9.\n<\/p>\n<p>\n L\u2019\u00c9tat a \u00ab\u00a0fait part aux soci\u00e9t\u00e9s m\u00e8res de sa volont\u00e9 d\u2019accompagner cette transformation et de travailler aux c\u00f4t\u00e9s des acteurs de la fili\u00e8re\u00a0\u00bb.\n<\/p>\n<p>\n \u00ab\u00a0Cette ambition implique de r\u00e9nover la gouvernance du PMU et notamment de faire \u00e9voluer son statut vers celui d\u2019un GIE commercial\u00a0\u00bb, selon le communiqu\u00e9.\n<\/p>\n<p>\n M. Woerth aura pour mission \u00ab\u00a0de formaliser un accord strat\u00e9gique avec les soci\u00e9t\u00e9s m\u00e8res en s\u2019appuyant sur les recommandations de l\u2019IGF, de d\u00e9finir le contenu du Pacte PMU 2030, de proposer une r\u00e9forme de la gouvernance du PMU et de fixer la cl\u00e9 de r\u00e9partition entre les soci\u00e9t\u00e9s m\u00e8res, et de formaliser le mandat de la prochaine \u00e9quipe de direction du PMU\u00a0\u00bb.<\/p>\n","protected":false},"excerpt":{"rendered":"Le gouvernement pr\u00e9conise mercredi une r\u00e9forme de la fili\u00e8re hippique, pour faire face \u00e0 la baisse des paris,&hellip;\n","protected":false},"author":2,"featured_media":317720,"comment_status":"","ping_status":"","sticky":false,"template":"","format":"standard","meta":{"footnotes":""},"categories":[6],"tags":[400,398,408,35,405,33,34,1011,27,403,402,399,404,401,406,407],"class_list":{"0":"post-317719","1":"post","2":"type-post","3":"status-publish","4":"format-standard","5":"has-post-thumbnail","7":"category-economie","8":"tag-action-cac-40","9":"tag-bourse-de-paris","10":"tag-boursorama","11":"tag-business","12":"tag-cotations","13":"tag-economie","14":"tag-economy","15":"tag-fr","16":"tag-france","17":"tag-indices-devises","18":"tag-investir","19":"tag-investissement","20":"tag-marche-boursier","21":"tag-sicav","22":"tag-trackers","23":"tag-warrants"},"share_on_mastodon":{"url":"https:\/\/pubeurope.com\/@fr\/115025011394829565","error":""},"_links":{"self":[{"href":"https:\/\/www.europesays.com\/fr\/wp-json\/wp\/v2\/posts\/317719","targetHints":{"allow":["GET"]}}],"collection":[{"href":"https:\/\/www.europesays.com\/fr\/wp-json\/wp\/v2\/posts"}],"about":[{"href":"https:\/\/www.europesays.com\/fr\/wp-json\/wp\/v2\/types\/post"}],"author":[{"embeddable":true,"href":"https:\/\/www.europesays.com\/fr\/wp-json\/wp\/v2\/users\/2"}],"replies":[{"embeddable":true,"href":"https:\/\/www.europesays.com\/fr\/wp-json\/wp\/v2\/comments?post=317719"}],"version-history":[{"count":0,"href":"https:\/\/www.europesays.com\/fr\/wp-json\/wp\/v2\/posts\/317719\/revisions"}],"wp:featuredmedia":[{"embeddable":true,"href":"https:\/\/www.europesays.com\/fr\/wp-json\/wp\/v2\/media\/317720"}],"wp:attachment":[{"href":"https:\/\/www.europesays.com\/fr\/wp-json\/wp\/v2\/media?parent=317719"}],"wp:term":[{"taxonomy":"category","embeddable":true,"href":"https:\/\/www.europesays.com\/fr\/wp-json\/wp\/v2\/categories?post=317719"},{"taxonomy":"post_tag","embeddable":true,"href":"https:\/\/www.europesays.com\/fr\/wp-json\/wp\/v2\/tags?post=317719"}],"curies":[{"name":"wp","href":"https:\/\/api.w.org\/{rel}","templated":true}]}}