{"id":317721,"date":"2025-08-14T03:32:09","date_gmt":"2025-08-14T03:32:09","guid":{"rendered":"https:\/\/www.europesays.com\/fr\/317721\/"},"modified":"2025-08-14T03:32:09","modified_gmt":"2025-08-14T03:32:09","slug":"guerre-catastrophes-le-gouvernement-va-bientot-diffuser-son-guide-de-survie-aux-francais-face-aux-crises","status":"publish","type":"post","link":"https:\/\/www.europesays.com\/fr\/317721\/","title":{"rendered":"Guerre, catastrophes\u2026 Le gouvernement va bient\u00f4t diffuser son guide de survie aux Fran\u00e7ais face aux crises"},"content":{"rendered":"<p>            Par<br \/>\n        <strong><br \/>\n            <a href=\"https:\/\/actu.fr\/auteur\/jade-lacroix\" title=\"Consulter tous les articles de Jade Lacroix\" rel=\"nofollow noopener\" target=\"_blank\">Jade Lacroix<\/a><br \/>\n        <\/strong><\/p>\n<p>        Publi\u00e9 le<\/p>\n<p>            13 ao\u00fbt 2025 \u00e0 20h27        <\/p>\n<p>Annonc\u00e9 en mars dernier, on va enfin conna\u00eetre la date du manuel destin\u00e9\u00a0\u00e0 <strong>pr\u00e9parer la population en cas de crise majeure<\/strong>. Comprenant 63 actions, il \u00e9tait jusqu\u2019alors en cours de pr\u00e9paration par le gouvernement.\u00a0<\/p>\n<p>Un livret pour pr\u00e9parer les Fran\u00e7ais \u00e0 toutes les crises<\/p>\n<p class=\" wall-content\">Comme <a href=\"https:\/\/actu.fr\/societe\/accident-nucleaire-crue-epidemie-un-manuel-bientot-distribue-aux-francais-pour-se-preparer-en-cas-de-crise_62388766.html\" rel=\"nofollow noopener\" target=\"_blank\">nous l\u2019expliquions en mars dernier<\/a>, ce livret est r\u00e9alis\u00e9 par le Secr\u00e9tariat g\u00e9n\u00e9ral de la d\u00e9fense et de la s\u00e9curit\u00e9 nationale (SGDSN). Il devait \u00eatre finalis\u00e9 au printemps et s\u2019inscrit \u00ab\u2009dans le cadre de la strat\u00e9gie nationale de r\u00e9silience\u2009\u00bb d\u2019avril 2022. Selon les informations de <a href=\"https:\/\/rmc.bfmtv.com\/actualites\/societe\/info-rmc-tous-resilients-le-manuel-de-survie-du-gouvernement-sera-distribue-a-l-automne_AV-202508130140.html\" rel=\"nofollow noopener\" target=\"_blank\">RMC<\/a>, ce livret s\u2019intitulera \u00ab\u00a0Tous r\u00e9silients\u00a0\u00bb.<\/p>\n<p class=\" wall-content\">Une strat\u00e9gie qui ambitionne de \u00ab\u2009mieux pr\u00e9parer la France, ses entreprises et ses citoyens \u00e0 ces chocs, \u00e0 tenir dans la dur\u00e9e, collectivement et en profondeur face aux crises\u2009\u00bb.<\/p>\n<p class=\" wall-content\">Les crises \u00e9voqu\u00e9es sont diverses : <strong>accident industriel ou fuite radioactive<\/strong>, crue ou \u00e9pid\u00e9mie.<\/p>\n<p>Une guide pour aussi se pr\u00e9parer \u00e0 la guerre ?\u00a0<\/p>\n<p class=\" wall-content\">Le livret \u00e9voque \u00e9galement le cas du conflit arm\u00e9, mais il ne vise \u00ab\u2009absolument pas\u2009\u00bb \u00e0 pr\u00e9parer la population \u00e0 la perspective d\u2019une guerre, contrairement \u00e0 la Su\u00e8de qui a \u00e9dit\u00e9 l\u2019an pass\u00e9 une brochure similaire pour ses citoyens.<\/p>\n<p class=\" wall-content\">D\u00e9velopp\u00e9e apr\u00e8s la pand\u00e9mie de Covid-19, la \u00ab\u2009strat\u00e9gie nationale de r\u00e9silience\u2009\u00bb d\u00e9finit <strong>63 actions<\/strong> autour de trois objectifs\u2009: pr\u00e9parer l\u2019\u00c9tat face aux crises, d\u00e9velopper les moyens d\u2019y faire face et \u00ab\u2009adapter la communication publique aux enjeux de la r\u00e9silience\u2009\u00bb.<\/p>\n<p class=\" wall-content\">Ce livret a pour ambition d\u2019expliquer aux Fran\u00e7ais comment se prot\u00e9ger et de les inciter \u00e0 s\u2019engager au profit de la collectivit\u00e9, qu\u2019il s\u2019agisse des pompiers, <a href=\"https:\/\/actu.fr\/societe\/mobiliser-le-jour-venu-pourquoi-emmanuel-macron-veut-doubler-les-rangs-de-la-reserve-de-l-armee_62151666.html\" rel=\"nofollow noopener\" target=\"_blank\">de la r\u00e9serve militaire<\/a>, sanitaire ou encore de la S\u00e9curit\u00e9 civile.<\/p>\n<p class=\" wall-content\">Un <a href=\"https:\/\/www.info.gouv.fr\/risques\" rel=\"nofollow noopener\" target=\"_blank\">site officiel, qui existe d\u00e9j\u00e0 et est accessible ici<\/a>, \u00e9voque d\u00e8s \u00e0 pr\u00e9sent cette culture du risque et des menaces que le gouvernement souhaite inculquer, qu\u2019il s\u2019agisse des risques naturels, technologiques, sanitaires, \u00e9pid\u00e9miques, cybers ou terroristes.<\/p>\n<p>Quand sera-t-il diffus\u00e9 ?<\/p>\n<p class=\" wall-content\">Apr\u00e8s l\u2019annonce de ce livret, aucune date officielle de diffusion n\u2019avait circul\u00e9. Contact\u00e9 par actu.fr, Matignon a pr\u00e9cis\u00e9 les derni\u00e8res avanc\u00e9es du livret. \u00ab\u00a0Le projet de document est d\u00e9sormais dans <strong>sa phase de finalisation<\/strong> \u00bb, assure le cabinet du Premier ministre.\u00a0<\/p>\n<p class=\" wall-content\">Il sera diffus\u00e9 \u00ab <strong>dans les prochaines semaines<\/strong>, afin que les Fran\u00e7ais puissent s\u2019en approprier les conseils dans la perspective de la journ\u00e9e nationale de la r\u00e9silience, programm\u00e9e le 13 octobre\u00a0\u00bb. Soit avant l\u2019automne.<\/p>\n<p class=\" wall-content\">Cette journ\u00e9e a pour objectif d\u2019informer chaque citoyen sur les risques majeurs qui l\u2019entourent et sur les comportements de sauvegarde \u00e0 adopter, ainsi que les modalit\u00e9s d\u2019alerte en cas d\u2019\u00e9v\u00e9nement grave.<\/p>\n<p class=\" wall-content\">Suivez toute l\u2019actualit\u00e9 de vos villes et m\u00e9dias favoris en vous inscrivant \u00e0 <a href=\"https:\/\/moncompte.actu.fr\" title=\"D\u00e9couvez Mon Actu\" rel=\"nofollow noopener\" data-trk=\"{&quot;cta&quot;:{&quot;action&quot;:&quot;https:\\\/\\\/moncompte.actu.fr&quot;,&quot;category&quot;:&quot;mon compte&quot;,&quot;from&quot;:&quot;article footer&quot;,&quot;name&quot;:&quot;Mon actu&quot;,&quot;type&quot;:&quot;cta&quot;}}\" target=\"_blank\">Mon Actu<\/a>.<\/p>\n","protected":false},"excerpt":{"rendered":"Par Jade Lacroix Publi\u00e9 le 13 ao\u00fbt 2025 \u00e0 20h27 Annonc\u00e9 en mars dernier, on va enfin conna\u00eetre&hellip;\n","protected":false},"author":2,"featured_media":317722,"comment_status":"","ping_status":"","sticky":false,"template":"","format":"standard","meta":{"footnotes":""},"categories":[5],"tags":[11,1813,1011,27,14,12,104,28],"class_list":{"0":"post-317721","1":"post","2":"type-post","3":"status-publish","4":"format-standard","5":"has-post-thumbnail","7":"category-international","8":"tag-actualites","9":"tag-armee","10":"tag-fr","11":"tag-france","12":"tag-international","13":"tag-news","14":"tag-societe","15":"tag-world"},"share_on_mastodon":{"url":"https:\/\/pubeurope.com\/@fr\/115025015221515714","error":""},"_links":{"self":[{"href":"https:\/\/www.europesays.com\/fr\/wp-json\/wp\/v2\/posts\/317721","targetHints":{"allow":["GET"]}}],"collection":[{"href":"https:\/\/www.europesays.com\/fr\/wp-json\/wp\/v2\/posts"}],"about":[{"href":"https:\/\/www.europesays.com\/fr\/wp-json\/wp\/v2\/types\/post"}],"author":[{"embeddable":true,"href":"https:\/\/www.europesays.com\/fr\/wp-json\/wp\/v2\/users\/2"}],"replies":[{"embeddable":true,"href":"https:\/\/www.europesays.com\/fr\/wp-json\/wp\/v2\/comments?post=317721"}],"version-history":[{"count":0,"href":"https:\/\/www.europesays.com\/fr\/wp-json\/wp\/v2\/posts\/317721\/revisions"}],"wp:featuredmedia":[{"embeddable":true,"href":"https:\/\/www.europesays.com\/fr\/wp-json\/wp\/v2\/media\/317722"}],"wp:attachment":[{"href":"https:\/\/www.europesays.com\/fr\/wp-json\/wp\/v2\/media?parent=317721"}],"wp:term":[{"taxonomy":"category","embeddable":true,"href":"https:\/\/www.europesays.com\/fr\/wp-json\/wp\/v2\/categories?post=317721"},{"taxonomy":"post_tag","embeddable":true,"href":"https:\/\/www.europesays.com\/fr\/wp-json\/wp\/v2\/tags?post=317721"}],"curies":[{"name":"wp","href":"https:\/\/api.w.org\/{rel}","templated":true}]}}