{"id":317723,"date":"2025-08-14T03:33:12","date_gmt":"2025-08-14T03:33:12","guid":{"rendered":"https:\/\/www.europesays.com\/fr\/317723\/"},"modified":"2025-08-14T03:33:12","modified_gmt":"2025-08-14T03:33:12","slug":"les-parents-mis-en-examen","status":"publish","type":"post","link":"https:\/\/www.europesays.com\/fr\/317723\/","title":{"rendered":"les parents mis en examen"},"content":{"rendered":"<p>            Par<br \/>\n        <strong><br \/>\n            <a href=\"https:\/\/actu.fr\/auteur\/journaliste-cv\" title=\"Consulter tous les articles de R\u00e9daction Challans\" target=\"_blank\" rel=\"noopener\">R\u00e9daction Challans<\/a><br \/>\n        <\/strong><\/p>\n<p>        Publi\u00e9 le<\/p>\n<p>            13 ao\u00fbt 2025 \u00e0 17h48<br \/>\n        ; mis \u00e0 jour le 13 ao\u00fbt 2025 \u00e0 17h53    <\/p>\n<p>Le corps inerte d\u2019un nourrisson a \u00e9t\u00e9 retrouv\u00e9 dimanche 10 ao\u00fbt, dans un jardin \u00e0 la<a href=\"https:\/\/actu.fr\/pays-de-la-loire\/la-chapelle-palluau_85055\" target=\"_blank\" rel=\"noopener\"> <b>Chapelle-Palluau <\/b><\/a><b>(Vend\u00e9e)<\/b> selon les <a href=\"https:\/\/www.ouest-france.fr\/faits-divers\/meurtres\/info-ouest-france-bebe-tue-et-enterre-en-vendee-une-plainte-deposee-par-le-pere-contre-le-samu-28856dae-781c-11f0-8593-bf87e5e5ed2a?utm_content=link&amp;utm_term=OuestFranceChallans&amp;utm_campaign=facebook&amp;utm_source=nonli&amp;utm_medium=Social\" target=\"_blank\" rel=\"noopener\">informations de Ouest-France. <\/a>Les deux parents \u00e2g\u00e9s d\u2019une vingtaine d\u2019ann\u00e9es ont \u00e9t\u00e9 aussit\u00f4t plac\u00e9s en garde \u00e0 vue. Pr\u00e9sent\u00e9s \u00e0 un juge d\u2019instruction en d\u00e9but de semaine, ils ont tous les deux \u00e9t\u00e9 mis en examen, pour homicide volontaire pour le papa, et pour privation de soins pour la maman. Selon les premi\u00e8res constatations, il pourrait s\u2019agit d\u2019un d\u00e9ni de grossesse.<\/p>\n<p>Une plainte contre le Samu 85<\/p>\n<p class=\" wall-content\">Une plainte aurait \u00e9t\u00e9 d\u00e9pos\u00e9e par le p\u00e8re contre le Samu de Vend\u00e9e : la femme se plaignait de douleurs au ventre et les secours ne se seraient pas d\u00e9plac\u00e9s.<\/p>\n<p class=\" wall-content\">Le b\u00e9b\u00e9 serait n\u00e9 en vie. On ne connait pour l\u2019heure pas la cause de d\u00e9c\u00e8s du b\u00e9b\u00e9. Une autopsie devrait \u00eatre pratiqu\u00e9e.<\/p>\n<p class=\" wall-content\">Suivez toute l\u2019actualit\u00e9 de vos villes et m\u00e9dias favoris en vous inscrivant \u00e0 <a href=\"https:\/\/moncompte.actu.fr\" title=\"D\u00e9couvez Mon Actu\" rel=\"nofollow noopener\" data-trk=\"{&quot;cta&quot;:{&quot;action&quot;:&quot;https:\\\/\\\/moncompte.actu.fr&quot;,&quot;category&quot;:&quot;mon compte&quot;,&quot;from&quot;:&quot;article footer&quot;,&quot;name&quot;:&quot;Mon actu&quot;,&quot;type&quot;:&quot;cta&quot;}}\" target=\"_blank\">Mon Actu<\/a>.<\/p>\n","protected":false},"excerpt":{"rendered":"Par R\u00e9daction Challans Publi\u00e9 le 13 ao\u00fbt 2025 \u00e0 17h48 ; mis \u00e0 jour le 13 ao\u00fbt 2025&hellip;\n","protected":false},"author":2,"featured_media":317724,"comment_status":"","ping_status":"","sticky":false,"template":"","format":"standard","meta":{"footnotes":""},"categories":[4],"tags":[11,118,1011,27,12,20971,25],"class_list":{"0":"post-317723","1":"post","2":"type-post","3":"status-publish","4":"format-standard","5":"has-post-thumbnail","7":"category-france","8":"tag-actualites","9":"tag-faits-divers","10":"tag-fr","11":"tag-france","12":"tag-news","13":"tag-nord-ouest-vendee","14":"tag-republique-francaise"},"share_on_mastodon":{"url":"https:\/\/pubeurope.com\/@fr\/115025019086599802","error":""},"_links":{"self":[{"href":"https:\/\/www.europesays.com\/fr\/wp-json\/wp\/v2\/posts\/317723","targetHints":{"allow":["GET"]}}],"collection":[{"href":"https:\/\/www.europesays.com\/fr\/wp-json\/wp\/v2\/posts"}],"about":[{"href":"https:\/\/www.europesays.com\/fr\/wp-json\/wp\/v2\/types\/post"}],"author":[{"embeddable":true,"href":"https:\/\/www.europesays.com\/fr\/wp-json\/wp\/v2\/users\/2"}],"replies":[{"embeddable":true,"href":"https:\/\/www.europesays.com\/fr\/wp-json\/wp\/v2\/comments?post=317723"}],"version-history":[{"count":0,"href":"https:\/\/www.europesays.com\/fr\/wp-json\/wp\/v2\/posts\/317723\/revisions"}],"wp:featuredmedia":[{"embeddable":true,"href":"https:\/\/www.europesays.com\/fr\/wp-json\/wp\/v2\/media\/317724"}],"wp:attachment":[{"href":"https:\/\/www.europesays.com\/fr\/wp-json\/wp\/v2\/media?parent=317723"}],"wp:term":[{"taxonomy":"category","embeddable":true,"href":"https:\/\/www.europesays.com\/fr\/wp-json\/wp\/v2\/categories?post=317723"},{"taxonomy":"post_tag","embeddable":true,"href":"https:\/\/www.europesays.com\/fr\/wp-json\/wp\/v2\/tags?post=317723"}],"curies":[{"name":"wp","href":"https:\/\/api.w.org\/{rel}","templated":true}]}}