{"id":317730,"date":"2025-08-14T03:40:11","date_gmt":"2025-08-14T03:40:11","guid":{"rendered":"https:\/\/www.europesays.com\/fr\/317730\/"},"modified":"2025-08-14T03:40:11","modified_gmt":"2025-08-14T03:40:11","slug":"a-la-seyne-quand-un-ancien-policier-de-terrain-prend-la-plume","status":"publish","type":"post","link":"https:\/\/www.europesays.com\/fr\/317730\/","title":{"rendered":"A La Seyne, quand un ancien policier de terrain prend la plume"},"content":{"rendered":"<p>Il fut un temps militaire au sein de la Marine, mais c\u2019est en tant que policier que Serge Supersac fit sa vie professionnelle. Ce retrait\u00e9, passionn\u00e9 de plong\u00e9e, garde encore aujourd\u2019hui ce plaisir du rapport \u00e0 l\u2019humain, qui ne l\u2019a jamais quitt\u00e9 tout au long de sa carri\u00e8re. Dans son dernier ouvrage, paru ce mois-ci, Comment j\u2019ai gard\u00e9 la paix?, aux \u00e9ditions Le Lys Bleu, Serge Supersac revient sur son parcours de policier au service de la population.<\/p>\n<p>\u00ab\u00a0J\u2019ai fait 45 ans de carri\u00e8re dans la police, raconte-t-il. C\u2019est un m\u00e9tier qui m\u2019a passionn\u00e9, j\u2019\u00e9tais toujours soucieux de bien le faire. J\u2019y ai acquis de nombreuses comp\u00e9tences et exp\u00e9riences du terrain, et termin\u00e9 ma carri\u00e8re \u00e0 l\u2019Institut national des hautes \u00e9tudes de s\u00e9curit\u00e9. Un institut de recherche rattach\u00e9 au minist\u00e8re de l\u2019Int\u00e9rieur qui s\u2019occupe de faire des \u00e9tudes de terrain, appuy\u00e9 par cinq policiers, des sociologues, des politologues et des \u00e9conomistes. Ce m\u00e9tier m\u2019aura passionn\u00e9 et appris jusqu\u2019au bout.\u00a0\u00bb<\/p>\n<p>L\u2019\u00e9volution du r\u00f4le des policiers depuis des si\u00e8cles<\/p>\n<p>Son premier ouvrage, Pour en finir avec les dealers (2010, Grasset), a \u00e9t\u00e9 suivi en 2020 d\u2019un second opus sur la prohibition, plus d\u00e9velopp\u00e9 et sans contrainte d\u2019\u00e9criture cette fois. L\u2019\u00e9crivain seynois, dans son dernier livre, nous plonge dans le quotidien du policier de terrain, apr\u00e8s avoir dress\u00e9 une frise, tr\u00e8s int\u00e9ressante, sur l\u2019\u00e9volution du r\u00f4le de la profession au fil de ces derniers si\u00e8cles.<\/p>\n<p>\u00ab\u00a0Ce bouquin part d\u2019un besoin d\u2019\u00e9crire sur un sujet qui me touche depuis de tr\u00e8s nombreuses ann\u00e9es. Celui de la relation police\/population. Je suis davantage dans la technique de police, plut\u00f4t que dans l\u2019id\u00e9ologie polici\u00e8re. Parce qu\u2019il ne doit pas y avoir d\u2019id\u00e9ologie dans la police, lorsque l\u2019on met en place des actions, \u00e7a fonctionne ou cela ne fonctionne pas, point barre. Un policier ne doit \u00eatre ni gentil, ni m\u00e9chant, il doit \u00eatre efficace! Cette relation police\/population, cela fait 25 ans que je travaille dessus.\u00a0\u00bb<\/p>\n<p>\u00ab\u00a0Le probl\u00e8me d\u2019aujourd\u2019hui, c\u2019est que la police de proximit\u00e9 doit r\u00e9pondre \u00e0 des objectifs et passe moins de temps qu\u2019avant \u00e0 parler avec les habitants. Les instances s\u2019abritent derri\u00e8re un manque d\u2019effectif, alors que ce n\u2019est pas le cas.\u00a0\u00bb<\/p>\n<p>En 2015, Serge Supersac devient DCPP, Dispositif de coh\u00e9sion police population; il mettra en application ce qu\u2019il avait couch\u00e9 sur papier quelques ann\u00e9es auparavant, \u00e0 l\u2019institut.<\/p>\n<p>\u00ab\u00a0C\u2019est un drame que la police ait \u00e9t\u00e9 instrumentalis\u00e9e\u00a0\u00bb<\/p>\n<p>Dans Comment j\u2019ai gard\u00e9 la paix?, l\u2019ancien policier revient aussi sur ses ann\u00e9es en tant que r\u00e9serviste, au sein des quartiers toulonnais de Sainte-Musse, de Pontcarral et de la Beaucaire. Huit ann\u00e9es, non arm\u00e9, seul, sur des terrains incandescents, dont il d\u00e9peint, bien loin des clich\u00e9s, un tout autre visage du lien police\/population.<\/p>\n<p>\u00ab\u00a0J\u2019ai \u00e9crit de vraies histoires, que j\u2019ai v\u00e9cues sur le terrain, de mes d\u00e9buts comme gardien de la paix \u00e0 ma fin de carri\u00e8re comme lanceur d\u2019alerte. Des t\u00e9moignages. Les gens \u00e9taient vraiment gentils avec moi. Vous savez, lorsque l\u2019on entend dans les m\u00e9dias, comme lors de la campagne pr\u00e9sidentielle de 2002, que les plaintes sont en hausse, c\u2019est simplement que lorsque la population reprend confiance en la police, elle ose venir porter plainte, tout simplement. En aucun cas, cela provient d\u2019un \u00e9chec cuisant des op\u00e9rations de forces de l\u2019ordre sur place. C\u2019est un drame pour la police d\u2019avoir \u00e9t\u00e9 instrumentalis\u00e9e par les politiques depuis les ann\u00e9es 1980.\u00a0\u00bb<\/p>\n<p>Le service public prenait tout son sens, de la m\u00e8re de famille compl\u00e8tement largu\u00e9e devant la convocation de son fils, au r\u00e8glement de comptes avec filature et interpellation par la CRIM. Un poste isol\u00e9, qui jusqu\u2019en 2022, servira de maillon fort sur la cha\u00eene de la protection publique et de justice de proximit\u00e9. Serge Supersac encha\u00eene avec enthousiasme les anecdotes v\u00e9cues, d\u00e9peint les habitants qui l\u2019ont touch\u00e9 et le milieu de cette profession exaltante, que l\u2019\u00e9crivain affectionne encore aujourd\u2019hui.<\/p>\n<p>&gt;Comment j\u2019ai gard\u00e9 la paix?, par Serge Supersac, aux \u00c9ditions Le Lys Bleu (19,90 euros) disponible dans toutes les librairies.<\/p>\n","protected":false},"excerpt":{"rendered":"Il fut un temps militaire au sein de la Marine, mais c\u2019est en tant que policier que Serge&hellip;\n","protected":false},"author":2,"featured_media":317731,"comment_status":"","ping_status":"","sticky":false,"template":"","format":"standard","meta":{"footnotes":""},"categories":[9619],"tags":[1111,11,1777,674,1011,27,12,882,25,2310,3366],"class_list":{"0":"post-317730","1":"post","2":"type-post","3":"status-publish","4":"format-standard","5":"has-post-thumbnail","7":"category-toulon","8":"tag-actu","9":"tag-actualites","10":"tag-eu","11":"tag-europe","12":"tag-fr","13":"tag-france","14":"tag-news","15":"tag-provence-alpes-cote-dazur","16":"tag-republique-francaise","17":"tag-toulon","18":"tag-vie-locale"},"share_on_mastodon":{"url":"https:\/\/pubeurope.com\/@fr\/115025047130676871","error":""},"_links":{"self":[{"href":"https:\/\/www.europesays.com\/fr\/wp-json\/wp\/v2\/posts\/317730","targetHints":{"allow":["GET"]}}],"collection":[{"href":"https:\/\/www.europesays.com\/fr\/wp-json\/wp\/v2\/posts"}],"about":[{"href":"https:\/\/www.europesays.com\/fr\/wp-json\/wp\/v2\/types\/post"}],"author":[{"embeddable":true,"href":"https:\/\/www.europesays.com\/fr\/wp-json\/wp\/v2\/users\/2"}],"replies":[{"embeddable":true,"href":"https:\/\/www.europesays.com\/fr\/wp-json\/wp\/v2\/comments?post=317730"}],"version-history":[{"count":0,"href":"https:\/\/www.europesays.com\/fr\/wp-json\/wp\/v2\/posts\/317730\/revisions"}],"wp:featuredmedia":[{"embeddable":true,"href":"https:\/\/www.europesays.com\/fr\/wp-json\/wp\/v2\/media\/317731"}],"wp:attachment":[{"href":"https:\/\/www.europesays.com\/fr\/wp-json\/wp\/v2\/media?parent=317730"}],"wp:term":[{"taxonomy":"category","embeddable":true,"href":"https:\/\/www.europesays.com\/fr\/wp-json\/wp\/v2\/categories?post=317730"},{"taxonomy":"post_tag","embeddable":true,"href":"https:\/\/www.europesays.com\/fr\/wp-json\/wp\/v2\/tags?post=317730"}],"curies":[{"name":"wp","href":"https:\/\/api.w.org\/{rel}","templated":true}]}}