{"id":317736,"date":"2025-08-14T03:49:09","date_gmt":"2025-08-14T03:49:09","guid":{"rendered":"https:\/\/www.europesays.com\/fr\/317736\/"},"modified":"2025-08-14T03:49:09","modified_gmt":"2025-08-14T03:49:09","slug":"ligue-2-comment-le-stade-lavallois-se-prepare-a-jouer-dans-la-fournaise-grenobloise","status":"publish","type":"post","link":"https:\/\/www.europesays.com\/fr\/317736\/","title":{"rendered":"Ligue 2\u00a0: comment le Stade Lavallois se pr\u00e9pare \u00e0 jouer dans la fournaise grenobloise\u00a0?"},"content":{"rendered":"<p>Les footballeurs du Stade Lavallois vont avoir chaud, tr\u00e8s chaud ce vendredi soir \u00e0 Grenoble lors de la 2e journ\u00e9e de Ligue 2. Mardi et mercredi, l&rsquo;Is\u00e8re \u00e9tait plac\u00e9e en vigilance rouge canicule par M\u00e9t\u00e9o France. Les Tango se pr\u00e9parent \u00e0 jouer dans des conditions difficiles.<\/p>\n<p>38 degr\u00e9s annonc\u00e9s vendredi apr\u00e8s-midi \u00e0 Grenoble, autour des 30 degr\u00e9s encore en soir\u00e9e. L&rsquo;entra\u00eeneur du Stade Lavallois, Olivier Frapolli a pr\u00e9venu ses joueurs avant le match de son \u00e9quipe en Is\u00e8re lors de la 2e journ\u00e9e de Ligue 2 : \u00ab\u00a0M\u00e9t\u00e9o France annonce des temp\u00e9ratures caniculaires \u00e0 Grenoble et en plus, il y a tr\u00e8s peu d&rsquo;air dans le stade donc ce sera un param\u00e8tre important.\u00a0\u00bb<\/p>\n<p>Du coup, le milieu de terrain Titouan Thomas va prendre ses pr\u00e9cautions\u00a0: \u00ab\u00a0bien r\u00e9cup\u00e9rer, beaucoup boire. M\u00eame ici \u00e0 Laval, il fait tr\u00e8s chaud, surtout en fin de journ\u00e9e donc il faut s&rsquo;habituer \u00e0 \u00e7a et se mettre dans la t\u00eate qu&rsquo;il fera tr\u00e8s chaud\u00a0\u00bb. Mardi, les joueurs lavallois se sont entra\u00een\u00e9s expr\u00e8s\u00a0en fin d&rsquo;apr\u00e8s-midi afin de s&rsquo;habituer \u00e0 la chaleur. La saison pass\u00e9e, le Stade Lavallois avait jou\u00e9 \u00e0 Grenoble \u00e0 la m\u00eame p\u00e9riode et il faisait d\u00e9j\u00e0 chaud. Le d\u00e9fenseur Owen Kouassi avait eu des crampes \u00e0 l&rsquo;heure de jeu rappelle l&rsquo;entra\u00eeneur des Tango.<\/p>\n<p>En cas de <strong>vigilance rouge Canicule,\u00a0le match sera tout simplement report\u00e9<\/strong>. Le coach lavallois avoue n&rsquo;avoir pas pens\u00e9 \u00e0 cette \u00e9ventualit\u00e9\u00a0: \u00ab\u00a0on ne s&rsquo;est pas pos\u00e9 la question et pour l&rsquo;instant, je n&rsquo;ai jamais \u00e9t\u00e9 confront\u00e9 \u00e0 cette situation.\u00a0\u00bb<\/p>\n<p>Toute l&rsquo;\u00e9quipe lavalloise prend le TGV en direction de Lyon ce jeudi en d\u00e9but d&rsquo;apr\u00e8s-midi. Selon les annonces de M\u00e9t\u00e9o France,\u00a0les Mayennais pourraient bien \u00eatre contraints de faire demi-tour.<\/p>\n","protected":false},"excerpt":{"rendered":"Les footballeurs du Stade Lavallois vont avoir chaud, tr\u00e8s chaud ce vendredi soir \u00e0 Grenoble lors de la&hellip;\n","protected":false},"author":2,"featured_media":317737,"comment_status":"","ping_status":"","sticky":false,"template":"","format":"standard","meta":{"footnotes":""},"categories":[9566],"tags":[1111,11,2430,1777,674,1011,27,2731,12,25],"class_list":{"0":"post-317736","1":"post","2":"type-post","3":"status-publish","4":"format-standard","5":"has-post-thumbnail","7":"category-grenoble","8":"tag-actu","9":"tag-actualites","10":"tag-auvergne-rhone-alpes","11":"tag-eu","12":"tag-europe","13":"tag-fr","14":"tag-france","15":"tag-grenoble","16":"tag-news","17":"tag-republique-francaise"},"share_on_mastodon":{"url":"https:\/\/pubeurope.com\/@fr\/115025081979594099","error":""},"_links":{"self":[{"href":"https:\/\/www.europesays.com\/fr\/wp-json\/wp\/v2\/posts\/317736","targetHints":{"allow":["GET"]}}],"collection":[{"href":"https:\/\/www.europesays.com\/fr\/wp-json\/wp\/v2\/posts"}],"about":[{"href":"https:\/\/www.europesays.com\/fr\/wp-json\/wp\/v2\/types\/post"}],"author":[{"embeddable":true,"href":"https:\/\/www.europesays.com\/fr\/wp-json\/wp\/v2\/users\/2"}],"replies":[{"embeddable":true,"href":"https:\/\/www.europesays.com\/fr\/wp-json\/wp\/v2\/comments?post=317736"}],"version-history":[{"count":0,"href":"https:\/\/www.europesays.com\/fr\/wp-json\/wp\/v2\/posts\/317736\/revisions"}],"wp:featuredmedia":[{"embeddable":true,"href":"https:\/\/www.europesays.com\/fr\/wp-json\/wp\/v2\/media\/317737"}],"wp:attachment":[{"href":"https:\/\/www.europesays.com\/fr\/wp-json\/wp\/v2\/media?parent=317736"}],"wp:term":[{"taxonomy":"category","embeddable":true,"href":"https:\/\/www.europesays.com\/fr\/wp-json\/wp\/v2\/categories?post=317736"},{"taxonomy":"post_tag","embeddable":true,"href":"https:\/\/www.europesays.com\/fr\/wp-json\/wp\/v2\/tags?post=317736"}],"curies":[{"name":"wp","href":"https:\/\/api.w.org\/{rel}","templated":true}]}}