{"id":317738,"date":"2025-08-14T03:51:10","date_gmt":"2025-08-14T03:51:10","guid":{"rendered":"https:\/\/www.europesays.com\/fr\/317738\/"},"modified":"2025-08-14T03:51:10","modified_gmt":"2025-08-14T03:51:10","slug":"rennes-le-chateau-palmares-du-11e-festival-international-du-film-insolite","status":"publish","type":"post","link":"https:\/\/www.europesays.com\/fr\/317738\/","title":{"rendered":"Rennes-le-Ch\u00e2teau. Palmar\u00e8s du 11e festival international du film insolite"},"content":{"rendered":"<p>La 11e \u00e9dition du festival international du film insolite s\u2019est d\u00e9roul\u00e9e durant cinq jours. Les cin\u00e9philes, passionn\u00e9s et curieux se sont retrouv\u00e9s sur divers sites de la Haute-vall\u00e9e de l\u2019Aude autour du th\u00e8me du min\u00e9ral sur des courts et longs m\u00e9trages en et hors comp\u00e9tition, expositions, \u0153uvres po\u00e9tiques ou spirituelles. Une excellente \u00e9dition, malgr\u00e9 la chaleur accablante des journ\u00e9es, qui para\u00eet \u00eatre \u00ab\u00a0une famille\u00a0\u00bb, insolite certes, comme le d\u00e9clarait Sma\u00efn lors de son allocution.<\/p>\n<p>Le palmar\u00e8s a \u00e9t\u00e9 d\u00e9cern\u00e9 ce mardi 12 ao\u00fbt au soir, dans le domaine de l\u2019abb\u00e9 Sauni\u00e8re.<\/p>\n<p>Jury documentaire et court m\u00e9trage, pr\u00e9sid\u00e9 par Claire Nebout et compos\u00e9 d\u2019Anne Goudon, Pauline Jannon et C\u00e9dric L\u00e9pine, a d\u00e9cern\u00e9 le prix du jury au film Le sang et la boue, de Jean-Gabriel Leynaud (sortie le <b>mercredi 27 ao\u00fbt<\/b>). Le coup de c\u0153ur du jury a \u00e9t\u00e9 pour M\u00e9mories of an unborn sun de Marcel Mrejan.<\/p>\n<p>Le prix du court m\u00e9trage, par le jury compos\u00e9 de Claire Nebout, Rapha\u00ebl Thiery, Vanessa Archambault, R\u00e9gine Arniaud et Gautier Roos, a \u00e9t\u00e9 d\u00e9cern\u00e9 au film L\u2019enfant \u00e0 la peau blanche, de Simon Panay. Le prix du film d\u2019animation a \u00e9t\u00e9 remis \u00e0 Detlev de Ferdinand Ehrhardt et le coup de c\u0153ur du jury \u00e0 Geekette en d\u00e9tresse de Renaud Para.<\/p>\n<p>Le prix sp\u00e9cial du sc\u00e9nario a \u00e9t\u00e9 d\u00e9cern\u00e9 \u00e0 Inventaire, une fiction de 2025 de Christel Henon, musique Pixaplay avec V\u00e9ronique M\u00e9riadec et Geoffroy Thiebault.<\/p>\n<p>Le prix du public a \u00e9t\u00e9 d\u00e9cern\u00e9 \u00e0 L\u2019embryon de Ma\u00efra Schmitt.<\/p>\n<p>Le prix de la musique de film insolite, dont le jury \u00e9tait pr\u00e9sid\u00e9 par Sma\u00efn avec Franck Nizier, a \u00e9t\u00e9 attribu\u00e9 aux compositeurs suivants : en long m\u00e9trage L\u2019homme d\u2019argile d\u2019Ana\u00efs Tellenne (musique sign\u00e9e Amaury Chabauty) ; en court-m\u00e9trage On weary wing go by d\u2019Anu-laura Tuttelberg, musique sign\u00e9e par Maarja Nuut ; en documentaires, L\u2019odyss\u00e9e des min\u00e9raux de JTM, musique sign\u00e9e par Marc Siffert.<\/p>\n<p>Le prix de la jeunesse, court m\u00e9trage, a \u00e9t\u00e9 attribu\u00e9 par les coll\u00e9giens et lyc\u00e9ens, sous la houlette de Sma\u00efn, \u00e0 Detlev de Ferdinand Ehrhardt ; une mention a \u00e9t\u00e9 d\u00e9cern\u00e9e \u00e0 \u00c9cr\u00e9m\u00e9, r\u00e9alisation \u00c9cole Kourtrajm\u00e9.<\/p>\n<p>Le jury compos\u00e9 d\u2019Alban Nelva-Pasqual et Julia Wahl a d\u00e9cern\u00e9 \u00e0 Entendre les \u00e9chos de C\u00e9dric Martin, le prix du sc\u00e9nario du court m\u00e9trage insolite.<\/p>\n<p>Enfin, le prix du public revient \u00e0 L\u2019odyss\u00e9e des min\u00e9raux de JTM.<\/p>\n","protected":false},"excerpt":{"rendered":"La 11e \u00e9dition du festival international du film insolite s\u2019est d\u00e9roul\u00e9e durant cinq jours. Les cin\u00e9philes, passionn\u00e9s et&hellip;\n","protected":false},"author":2,"featured_media":317739,"comment_status":"","ping_status":"","sticky":false,"template":"","format":"standard","meta":{"footnotes":""},"categories":[2821],"tags":[1111,11,829,1777,674,1011,27,12,584,25],"class_list":{"0":"post-317738","1":"post","2":"type-post","3":"status-publish","4":"format-standard","5":"has-post-thumbnail","7":"category-rennes","8":"tag-actu","9":"tag-actualites","10":"tag-bretagne","11":"tag-eu","12":"tag-europe","13":"tag-fr","14":"tag-france","15":"tag-news","16":"tag-rennes","17":"tag-republique-francaise"},"share_on_mastodon":{"url":"https:\/\/pubeurope.com\/@fr\/115025089861834872","error":""},"_links":{"self":[{"href":"https:\/\/www.europesays.com\/fr\/wp-json\/wp\/v2\/posts\/317738","targetHints":{"allow":["GET"]}}],"collection":[{"href":"https:\/\/www.europesays.com\/fr\/wp-json\/wp\/v2\/posts"}],"about":[{"href":"https:\/\/www.europesays.com\/fr\/wp-json\/wp\/v2\/types\/post"}],"author":[{"embeddable":true,"href":"https:\/\/www.europesays.com\/fr\/wp-json\/wp\/v2\/users\/2"}],"replies":[{"embeddable":true,"href":"https:\/\/www.europesays.com\/fr\/wp-json\/wp\/v2\/comments?post=317738"}],"version-history":[{"count":0,"href":"https:\/\/www.europesays.com\/fr\/wp-json\/wp\/v2\/posts\/317738\/revisions"}],"wp:featuredmedia":[{"embeddable":true,"href":"https:\/\/www.europesays.com\/fr\/wp-json\/wp\/v2\/media\/317739"}],"wp:attachment":[{"href":"https:\/\/www.europesays.com\/fr\/wp-json\/wp\/v2\/media?parent=317738"}],"wp:term":[{"taxonomy":"category","embeddable":true,"href":"https:\/\/www.europesays.com\/fr\/wp-json\/wp\/v2\/categories?post=317738"},{"taxonomy":"post_tag","embeddable":true,"href":"https:\/\/www.europesays.com\/fr\/wp-json\/wp\/v2\/tags?post=317738"}],"curies":[{"name":"wp","href":"https:\/\/api.w.org\/{rel}","templated":true}]}}