{"id":317740,"date":"2025-08-14T03:53:41","date_gmt":"2025-08-14T03:53:41","guid":{"rendered":"https:\/\/www.europesays.com\/fr\/317740\/"},"modified":"2025-08-14T03:53:41","modified_gmt":"2025-08-14T03:53:41","slug":"strasbourg-refuse-31-me-pour-dilane-bakwa","status":"publish","type":"post","link":"https:\/\/www.europesays.com\/fr\/317740\/","title":{"rendered":"Strasbourg refuse 31 M\u20ac pour Dilane Bakwa"},"content":{"rendered":"<p><a href=\"https:\/\/www.footmercato.net\/a785642075825659833-strasbourg-refuse-une-grosse-offre-pour-dilane-bakwa\" rel=\"nofollow noopener\" target=\"_blank\">Apr\u00e8s une premi\u00e8re offre \u00e0 28 M\u20ac (24 + 4 de bonus)<\/a>, <a href=\"https:\/\/www.footmercato.net\/club\/nottingham-forest-fc\/\" rel=\"nofollow noopener\" target=\"_blank\">Nottingham Forest<\/a> est reparti \u00e0 l\u2019assaut pour <a href=\"https:\/\/www.footmercato.net\/joueur\/dilane-bakwa\/\" rel=\"nofollow noopener\" target=\"_blank\">Dilane Bakwa<\/a> (22 ans). D\u2019apr\u00e8s <a href=\"https:\/\/www.lequipe.fr\/Football\/Actualites\/Mercato-strasbourg-refuse-une-offre-de-31-m-et-8364-de-nottingham-forest-pour-dilane-bakwa\/1584935\" rel=\"nofollow noopener\" target=\"_blank\">L\u2019Equipe<\/a>, <a href=\"https:\/\/www.footmercato.net\/club\/rc-strasbourg-alsace\/\" rel=\"nofollow noopener\" target=\"_blank\">Strasbourg<\/a> a repouss\u00e9 une seconde proposition de 31 M\u20ac cette fois, bonus compris, de la part du club anglais.<\/p>\n<p>            La suite apr\u00e8s cette publicit\u00e9<\/p>\n<p>Le Racing a bien l\u2019intention de conserver son jeune ailier, arriv\u00e9 de Bordeaux pour 10 M\u20ac il y a deux ans. Sous contrat jusqu\u2019en 2027, Bakwa est devenu une valeur sur du club alsacien (11 buts et 18 passes d\u00e9cisives ne 66 matchs toutes comp\u00e9titions confondues).<\/p>\n<p>\n    Pub. le 13\/08\/2025 17:37<br \/>\n            &#8211; MAJ le 14\/08\/2025 02:44\n    <\/p>\n","protected":false},"excerpt":{"rendered":"Apr\u00e8s une premi\u00e8re offre \u00e0 28 M\u20ac (24 + 4 de bonus), Nottingham Forest est reparti \u00e0 l\u2019assaut&hellip;\n","protected":false},"author":2,"featured_media":306499,"comment_status":"","ping_status":"","sticky":false,"template":"","format":"standard","meta":{"footnotes":""},"categories":[2820],"tags":[1111,11,1777,674,1011,27,775,12,25,640],"class_list":{"0":"post-317740","1":"post","2":"type-post","3":"status-publish","4":"format-standard","5":"has-post-thumbnail","7":"category-strasbourg","8":"tag-actu","9":"tag-actualites","10":"tag-eu","11":"tag-europe","12":"tag-fr","13":"tag-france","14":"tag-grand-est","15":"tag-news","16":"tag-republique-francaise","17":"tag-strasbourg"},"share_on_mastodon":{"url":"https:\/\/pubeurope.com\/@fr\/115025097773073844","error":""},"_links":{"self":[{"href":"https:\/\/www.europesays.com\/fr\/wp-json\/wp\/v2\/posts\/317740","targetHints":{"allow":["GET"]}}],"collection":[{"href":"https:\/\/www.europesays.com\/fr\/wp-json\/wp\/v2\/posts"}],"about":[{"href":"https:\/\/www.europesays.com\/fr\/wp-json\/wp\/v2\/types\/post"}],"author":[{"embeddable":true,"href":"https:\/\/www.europesays.com\/fr\/wp-json\/wp\/v2\/users\/2"}],"replies":[{"embeddable":true,"href":"https:\/\/www.europesays.com\/fr\/wp-json\/wp\/v2\/comments?post=317740"}],"version-history":[{"count":0,"href":"https:\/\/www.europesays.com\/fr\/wp-json\/wp\/v2\/posts\/317740\/revisions"}],"wp:featuredmedia":[{"embeddable":true,"href":"https:\/\/www.europesays.com\/fr\/wp-json\/wp\/v2\/media\/306499"}],"wp:attachment":[{"href":"https:\/\/www.europesays.com\/fr\/wp-json\/wp\/v2\/media?parent=317740"}],"wp:term":[{"taxonomy":"category","embeddable":true,"href":"https:\/\/www.europesays.com\/fr\/wp-json\/wp\/v2\/categories?post=317740"},{"taxonomy":"post_tag","embeddable":true,"href":"https:\/\/www.europesays.com\/fr\/wp-json\/wp\/v2\/tags?post=317740"}],"curies":[{"name":"wp","href":"https:\/\/api.w.org\/{rel}","templated":true}]}}