{"id":317744,"date":"2025-08-14T03:56:35","date_gmt":"2025-08-14T03:56:35","guid":{"rendered":"https:\/\/www.europesays.com\/fr\/317744\/"},"modified":"2025-08-14T03:56:35","modified_gmt":"2025-08-14T03:56:35","slug":"loire-atlantique-ca-sest-passe-le-13-aout-1995-guy-scherrer-quitte-la-presidence-de-la-2","status":"publish","type":"post","link":"https:\/\/www.europesays.com\/fr\/317744\/","title":{"rendered":"Loire Atlantique &#8211; \u00c7a s\u2019est pass\u00e9 le 13\u00a0ao\u00fbt 1995\u00a0: Guy Scherrer quitte la pr\u00e9sidence de la"},"content":{"rendered":"<p>Coup de tonnerre lundi 14\u00a0ao\u00fbt 1995\u00a0: <strong>\u00ab\u00a0Guy Scherrer quitte la BN\u00a0\u00bb,<\/strong> titre Ouest-France. L\u2019annonce, parvenue la veille, dimanche 13\u00a0ao\u00fbt, n\u2019a m\u00eame pas encore \u00e9t\u00e9 officialis\u00e9e, lit-on. Mais les faits sont l\u00e0. Guy Scherrer, 54\u00a0ans, figure nantaise et patron du FC Nantes \u00e0 l\u2019\u00e9poque, quitte la pr\u00e9sidence du conseil d\u2019administration de la Biscuiterie nantaise. Pourquoi cette annonce, <a href=\"https:\/\/www.ouest-france.fr\/pays-de-la-loire\/lepoque-pdg-il-redonne-le-sourire-au-choco-bn-3929130\" target=\"_self\" rel=\"noopener\">apr\u00e8s quinze ans pass\u00e9s \u00e0 la t\u00eate de <\/a> <strong> <a href=\"https:\/\/www.ouest-france.fr\/pays-de-la-loire\/lepoque-pdg-il-redonne-le-sourire-au-choco-bn-3929130\" target=\"_self\" rel=\"noopener\">\u00ab\u00a0la BN\u00a0\u00bb<\/a> <\/strong>\u00a0? Myst\u00e8re. Celui qui a \u00e9t\u00e9 \u00e9lu <strong>\u00ab\u00a0\u00ab\u00a0homme de l\u2019ann\u00e9e\u00a0\u00bb par Le Nouvel \u00c9conomiste en mars\u00a01995,<\/strong> rappelle Ouest-France, <strong>reste discret sur les raisons de son d\u00e9part\u00a0\u00bb.<\/strong><\/p>\n<p><strong>Lire aussi. <\/strong> <a href=\"https:\/\/www.ouest-france.fr\/pays-de-la-loire\/lepoque-pdg-il-redonne-le-sourire-au-choco-bn-3929130\" target=\"_self\" rel=\"noopener\">\u00c0 l\u2019\u00e9poque PDG, Guy Scherrer a redonn\u00e9 \u00ab\u00a0le sourire\u00a0\u00bb au choco BN<\/a><\/p>\n<p>Reste qu\u2019en 1995, malgr\u00e9 une ann\u00e9e 1994 <strong>\u00ab\u00a0satisfaisante\u00a0\u00bb, <\/strong>l\u2019entreprise alors <strong>\u00ab\u00a0totalement sous contr\u00f4le \u00e9tranger\u00a0\u00bb, <\/strong>est sous tension. <strong>\u00ab\u00a0Guy Scherrer avait d\u00fb mettre en place plusieurs plans de r\u00e9organisation de l\u2019entreprise\u00a0\u00bb,<\/strong> explique le journaliste, avec notamment <strong>\u00ab<\/strong> <strong> <strong>\u00a0<\/strong>des r\u00e9ductions d\u2019effectifs et des baisses de salaire pour l\u2019encadrement\u00a0\u00bb.<\/strong> S\u2019il avait quitt\u00e9 la pr\u00e9sidence de la BN, l\u2019homme d\u2019affaires alsacien avait en revanche gard\u00e9 la pr\u00e9sidence du FC Nantes, qu\u2019il avait redress\u00e9 apr\u00e8s son arriv\u00e9e, en 1992. Il restera pr\u00e9sident du club jusqu\u2019\u00e0 sa d\u00e9mission, en 1996, apr\u00e8s un d\u00e9but de saison catastrophique.<\/p>\n<p><strong>Lire aussi.<\/strong>\u00a0<a href=\"https:\/\/www.ouest-france.fr\/pays-de-la-loire\/guy-scherrer-ladieu-un-president-atypique-3929124\" target=\"_self\" rel=\"noopener\">Guy Scherrer, l\u2019adieu \u00e0 un pr\u00e9sident atypique<\/a><\/p>\n<p>\u00a0<\/p>\n","protected":false},"excerpt":{"rendered":"Coup de tonnerre lundi 14\u00a0ao\u00fbt 1995\u00a0: \u00ab\u00a0Guy Scherrer quitte la BN\u00a0\u00bb, titre Ouest-France. L\u2019annonce, parvenue la veille, dimanche&hellip;\n","protected":false},"author":2,"featured_media":315892,"comment_status":"","ping_status":"","sticky":false,"template":"","format":"standard","meta":{"footnotes":""},"categories":[2818],"tags":[1111,11,3809,1465,1777,674,63,1011,27,1792,1922,766,12,2636,25,479,517,1470],"class_list":{"0":"post-317744","1":"post","2":"type-post","3":"status-publish","4":"format-standard","5":"has-post-thumbnail","7":"category-nantes","8":"tag-actu","9":"tag-actualites","10":"tag-ball","11":"tag-basket","12":"tag-eu","13":"tag-europe","14":"tag-football","15":"tag-fr","16":"tag-france","17":"tag-handball","18":"tag-info","19":"tag-nantes","20":"tag-news","21":"tag-pays-de-la-loire","22":"tag-republique-francaise","23":"tag-rugby","24":"tag-sport","25":"tag-volley"},"share_on_mastodon":{"url":"https:\/\/pubeurope.com\/@fr\/115025109620745819","error":""},"_links":{"self":[{"href":"https:\/\/www.europesays.com\/fr\/wp-json\/wp\/v2\/posts\/317744","targetHints":{"allow":["GET"]}}],"collection":[{"href":"https:\/\/www.europesays.com\/fr\/wp-json\/wp\/v2\/posts"}],"about":[{"href":"https:\/\/www.europesays.com\/fr\/wp-json\/wp\/v2\/types\/post"}],"author":[{"embeddable":true,"href":"https:\/\/www.europesays.com\/fr\/wp-json\/wp\/v2\/users\/2"}],"replies":[{"embeddable":true,"href":"https:\/\/www.europesays.com\/fr\/wp-json\/wp\/v2\/comments?post=317744"}],"version-history":[{"count":0,"href":"https:\/\/www.europesays.com\/fr\/wp-json\/wp\/v2\/posts\/317744\/revisions"}],"wp:featuredmedia":[{"embeddable":true,"href":"https:\/\/www.europesays.com\/fr\/wp-json\/wp\/v2\/media\/315892"}],"wp:attachment":[{"href":"https:\/\/www.europesays.com\/fr\/wp-json\/wp\/v2\/media?parent=317744"}],"wp:term":[{"taxonomy":"category","embeddable":true,"href":"https:\/\/www.europesays.com\/fr\/wp-json\/wp\/v2\/categories?post=317744"},{"taxonomy":"post_tag","embeddable":true,"href":"https:\/\/www.europesays.com\/fr\/wp-json\/wp\/v2\/tags?post=317744"}],"curies":[{"name":"wp","href":"https:\/\/api.w.org\/{rel}","templated":true}]}}