{"id":317747,"date":"2025-08-14T04:01:14","date_gmt":"2025-08-14T04:01:14","guid":{"rendered":"https:\/\/www.europesays.com\/fr\/317747\/"},"modified":"2025-08-14T04:01:14","modified_gmt":"2025-08-14T04:01:14","slug":"meteo-encore-de-fortes-chaleurs-a-toulouse-et-des-orages-annonces-en-occitanie-ou-vont-ils-eclater","status":"publish","type":"post","link":"https:\/\/www.europesays.com\/fr\/317747\/","title":{"rendered":"M\u00e9t\u00e9o. Encore de fortes chaleurs \u00e0 Toulouse et des orages annonc\u00e9s en Occitanie : o\u00f9 vont-ils \u00e9clater\u00a0?"},"content":{"rendered":"<p>            Par<br \/>\n        <strong><br \/>\n            <a href=\"https:\/\/actu.fr\/auteur\/marie-lamarque\" title=\"Consulter tous les articles de Marie Lamarque\" rel=\"nofollow noopener\" target=\"_blank\">Marie Lamarque<\/a><br \/>\n        <\/strong><\/p>\n<p>        Publi\u00e9 le<\/p>\n<p>            14 ao\u00fbt 2025 \u00e0 5h26        <\/p>\n<p>Apr\u00e8s <strong>des jours de chaleur<\/strong>\u00a0o\u00f9 les temp\u00e9ratures ne faisaient que fr\u00f4ler et m\u00eame d\u00e9passer les 40\u00b0C <a href=\"https:\/\/actu.fr\/toulouse\/\" rel=\"nofollow noopener\" target=\"_blank\">\u00e0 Toulouse<\/a> et en Occitanie, cette derni\u00e8re sera toujours pr\u00e9sente ce jeudi 14 ao\u00fbt 2025, mais elle devrait \u00eatre l\u00e9g\u00e8rement plus supportable.<\/p>\n<p class=\" wall-content\">Par ailleurs, <strong>M\u00e9t\u00e9o-France annonce de nouveaux orages<\/strong> qui devraient \u00e9clater dans une partie de la r\u00e9gion. Le point sur les pr\u00e9visions.<\/p>\n<p>39\u00b0C \u00e0 Toulouse<\/p>\n<p class=\" wall-content\"><a href=\"https:\/\/actu.fr\/occitanie\/toulouse_31555\/l-une-des-journees-les-plus-chaudes-de-l-histoire-a-toulouse-quels-sont-les-records-meteo_63025825.html\" rel=\"nofollow noopener\" target=\"_blank\">Toulouse a fr\u00f4l\u00e9 des records de temp\u00e9ratures<\/a> avec <strong>41,5\u00b0C enregistr\u00e9s lundi dernier<\/strong> \u00e0 la station de Toulouse-Blagnac <strong>et m\u00eame 41,8\u00b0C<\/strong> \u00e0 celle de Toulouse-Francazal. Le lendemain, il faisait encore <strong>40,4\u00b0C dans la Ville rose<\/strong>.<\/p>\n<p class=\" wall-content\">Une chaleur \u00e9touffante qui va se poursuivre ce jeudi, m\u00eame si on ne devrait plus franchir le seuil des 40\u00b0C. M\u00e9t\u00e9o-France annonce <strong>39\u00b0C pour les maximales<\/strong>, soit, tout de m\u00eame, <strong>dix degr\u00e9s de plus que les normales saisonni\u00e8res<\/strong>. La canicule est donc toujours bien pr\u00e9sente, avec <strong>25\u00b0C d\u00e9j\u00e0 au lever du jour<\/strong>.<\/p>\n<p class=\" wall-content\">Dans le ciel, le soleil devrait briller tout au long de la journ\u00e9e. Le vent pourrait l\u00e9g\u00e8rement se lever dans la soir\u00e9e, avec <strong>des rafales \u00e0 40 km\/h<\/strong> attendues.<\/p>\n<p>Vid\u00e9os : en ce moment sur Actu<br \/>\n    <img   decoding=\"async\" loading=\"lazy\" src=\"https:\/\/www.europesays.com\/fr\/wp-content\/uploads\/2025\/08\/meteo-toulouse-canicule-chaleur-960x640.png\" alt=\"Les pr\u00e9visions \u00e0 Toulouse pour ce jeudi 14 ao\u00fbt 2025.\" width=\"960\" height=\"640\"\/><br \/>\n    Les pr\u00e9visions \u00e0 Toulouse pour ce jeudi 14 ao\u00fbt 2025. (\u00a9Capture d\u2019\u00e9cran \/ M\u00e9t\u00e9o-France)Des orages annonc\u00e9s en Occitanie<\/p>\n<p class=\" wall-content\">Ailleurs en Occitanie, on devrait aussi tr\u00e8s rarement atteindre les 40\u00b0C l\u2019apr\u00e8s-midi, en dehors de<strong> N\u00eemes ou de Cahors<\/strong> o\u00f9 il fera le plus chaud, selon les pr\u00e9visions de M\u00e9t\u00e9o-France. Il fera \u00e9galement<strong> 38\u00b0C \u00e0 B\u00e9ziers, 37\u00b0C \u00e0 Auch, 36\u00b0C \u00e0 Saint-Gaudens et \u00e0 Perpignan ou encore 34\u00b0C \u00e0 Rodez<\/strong>.<\/p>\n<p class=\" wall-content\">Il faudra rester vigilant quant au <strong>risque d\u2019orages<\/strong> annonc\u00e9 sur la partie est de la r\u00e9gion, <strong>en Loz\u00e8re, dans le Gard, mais aussi dans l\u2019H\u00e9rault<\/strong>. Ils pourraient aussi \u00e9clater <strong>dans les Pyr\u00e9n\u00e9es<\/strong>, et notamment dans l\u2019Ari\u00e8ge. Dans ces d\u00e9partements, le vent pourrait aussi se lever, avec<strong> des rafales jusqu\u2019\u00e0 75 km\/h<\/strong> attendues.<\/p>\n<p>    <img   decoding=\"async\" loading=\"lazy\" src=\"https:\/\/www.europesays.com\/fr\/wp-content\/uploads\/2025\/08\/orages-occitanie-meteo-previsions-960x640.png\" alt=\"Des orages sont attendus en Occitanie ce jeudi 14 ao\u00fbt 2025.\" width=\"960\" height=\"640\"\/><br \/>\n    Des orages sont attendus en Occitanie ce jeudi 14 ao\u00fbt 2025. (\u00a9Capture d\u2019\u00e9cran \/ M\u00e9t\u00e9o-France)<\/p>\n<p class=\" wall-content\">Suivez toute l\u2019actualit\u00e9 de vos villes et m\u00e9dias favoris en vous inscrivant \u00e0 <a href=\"https:\/\/moncompte.actu.fr\" title=\"D\u00e9couvez Mon Actu\" rel=\"nofollow noopener\" data-trk=\"{&quot;cta&quot;:{&quot;action&quot;:&quot;https:\\\/\\\/moncompte.actu.fr&quot;,&quot;category&quot;:&quot;mon compte&quot;,&quot;from&quot;:&quot;article footer&quot;,&quot;name&quot;:&quot;Mon actu&quot;,&quot;type&quot;:&quot;cta&quot;}}\" target=\"_blank\">Mon Actu<\/a>.<\/p>\n","protected":false},"excerpt":{"rendered":"Par Marie Lamarque Publi\u00e9 le 14 ao\u00fbt 2025 \u00e0 5h26 Apr\u00e8s des jours de chaleur\u00a0o\u00f9 les temp\u00e9ratures ne&hellip;\n","protected":false},"author":2,"featured_media":317748,"comment_status":"","ping_status":"","sticky":false,"template":"","format":"standard","meta":{"footnotes":""},"categories":[2816],"tags":[1111,11,1777,674,1011,27,2487,2357,12,2680,4594,25,2312],"class_list":{"0":"post-317747","1":"post","2":"type-post","3":"status-publish","4":"format-standard","5":"has-post-thumbnail","7":"category-toulouse","8":"tag-actu","9":"tag-actualites","10":"tag-eu","11":"tag-europe","12":"tag-fr","13":"tag-france","14":"tag-meteo","15":"tag-meteo-france","16":"tag-news","17":"tag-occitanie","18":"tag-orages","19":"tag-republique-francaise","20":"tag-toulouse"},"share_on_mastodon":{"url":"https:\/\/pubeurope.com\/@fr\/115025129311131930","error":""},"_links":{"self":[{"href":"https:\/\/www.europesays.com\/fr\/wp-json\/wp\/v2\/posts\/317747","targetHints":{"allow":["GET"]}}],"collection":[{"href":"https:\/\/www.europesays.com\/fr\/wp-json\/wp\/v2\/posts"}],"about":[{"href":"https:\/\/www.europesays.com\/fr\/wp-json\/wp\/v2\/types\/post"}],"author":[{"embeddable":true,"href":"https:\/\/www.europesays.com\/fr\/wp-json\/wp\/v2\/users\/2"}],"replies":[{"embeddable":true,"href":"https:\/\/www.europesays.com\/fr\/wp-json\/wp\/v2\/comments?post=317747"}],"version-history":[{"count":0,"href":"https:\/\/www.europesays.com\/fr\/wp-json\/wp\/v2\/posts\/317747\/revisions"}],"wp:featuredmedia":[{"embeddable":true,"href":"https:\/\/www.europesays.com\/fr\/wp-json\/wp\/v2\/media\/317748"}],"wp:attachment":[{"href":"https:\/\/www.europesays.com\/fr\/wp-json\/wp\/v2\/media?parent=317747"}],"wp:term":[{"taxonomy":"category","embeddable":true,"href":"https:\/\/www.europesays.com\/fr\/wp-json\/wp\/v2\/categories?post=317747"},{"taxonomy":"post_tag","embeddable":true,"href":"https:\/\/www.europesays.com\/fr\/wp-json\/wp\/v2\/tags?post=317747"}],"curies":[{"name":"wp","href":"https:\/\/api.w.org\/{rel}","templated":true}]}}