{"id":317756,"date":"2025-08-14T04:08:10","date_gmt":"2025-08-14T04:08:10","guid":{"rendered":"https:\/\/www.europesays.com\/fr\/317756\/"},"modified":"2025-08-14T04:08:10","modified_gmt":"2025-08-14T04:08:10","slug":"nature-decouvrez-les-iles-et-lones-du-rhone-laboratoire-de-la-biodiversite-au-sud-de-lyon","status":"publish","type":"post","link":"https:\/\/www.europesays.com\/fr\/317756\/","title":{"rendered":"Nature. D\u00e9couvrez les \u00celes et L\u00f4nes du Rh\u00f4ne, laboratoire de la biodiversit\u00e9 au sud de Lyon"},"content":{"rendered":"<p>L\u2019espace naturel sensible (ENS) des \u00celes et L\u00f4nes du Rh\u00f4ne \u00ab\u00a0s\u2019\u00e9tend sur plus de 740 hectares (du barrage de Pierre-B\u00e9nite aux portes de Givors), soit pr\u00e8s de 11\u00a0km de long de chaque c\u00f4t\u00e9 du Rh\u00f4ne.<\/p>\n<p>Essentiellement forestier, il a su conserver la for\u00eat alluviale d\u00e9clin\u00e9e en plusieurs types, de la saulaie galerie \u00e0 la for\u00eat spontan\u00e9e, en passant par la ripisylve (1)\u00a0\u00bb, explique le SMIRIL, syndicat mixte qui g\u00e8re l\u2019\u00e9tendue.<\/p>\n<p>Huit communes travers\u00e9es<\/p>\n<p>Les promeneurs p\u00e9destres ou cyclistes peuvent acc\u00e9der aux sites par six portes pour emprunter les 30km de sentiers balis\u00e9s. L\u2019ENS traverse les communes de Grigny-sur-Rh\u00f4ne, Millery, Vernaison, Irigny et inclut aussi l\u2019\u00eele de la Table Ronde partag\u00e9e par les communes de Feyzin, Solaize, S\u00e9r\u00e9zin-du-Rh\u00f4ne&#8230;<\/p>\n","protected":false},"excerpt":{"rendered":"L\u2019espace naturel sensible (ENS) des \u00celes et L\u00f4nes du Rh\u00f4ne \u00ab\u00a0s\u2019\u00e9tend sur plus de 740 hectares (du barrage&hellip;\n","protected":false},"author":2,"featured_media":317757,"comment_status":"","ping_status":"","sticky":false,"template":"","format":"standard","meta":{"footnotes":""},"categories":[1889],"tags":[1111,11,2430,3154,436,1777,674,1011,27,22961,44596,2428,12,25,2429],"class_list":{"0":"post-317756","1":"post","2":"type-post","3":"status-publish","4":"format-standard","5":"has-post-thumbnail","7":"category-lyon","8":"tag-actu","9":"tag-actualites","10":"tag-auvergne-rhone-alpes","11":"tag-edition-sud-lyonnais","12":"tag-environnement","13":"tag-eu","14":"tag-europe","15":"tag-fr","16":"tag-france","17":"tag-givors-bassin","18":"tag-grigny-sur-rhone","19":"tag-lyon","20":"tag-news","21":"tag-republique-francaise","22":"tag-rhone"},"share_on_mastodon":{"url":"https:\/\/pubeurope.com\/@fr\/115025156719171988","error":""},"_links":{"self":[{"href":"https:\/\/www.europesays.com\/fr\/wp-json\/wp\/v2\/posts\/317756","targetHints":{"allow":["GET"]}}],"collection":[{"href":"https:\/\/www.europesays.com\/fr\/wp-json\/wp\/v2\/posts"}],"about":[{"href":"https:\/\/www.europesays.com\/fr\/wp-json\/wp\/v2\/types\/post"}],"author":[{"embeddable":true,"href":"https:\/\/www.europesays.com\/fr\/wp-json\/wp\/v2\/users\/2"}],"replies":[{"embeddable":true,"href":"https:\/\/www.europesays.com\/fr\/wp-json\/wp\/v2\/comments?post=317756"}],"version-history":[{"count":0,"href":"https:\/\/www.europesays.com\/fr\/wp-json\/wp\/v2\/posts\/317756\/revisions"}],"wp:featuredmedia":[{"embeddable":true,"href":"https:\/\/www.europesays.com\/fr\/wp-json\/wp\/v2\/media\/317757"}],"wp:attachment":[{"href":"https:\/\/www.europesays.com\/fr\/wp-json\/wp\/v2\/media?parent=317756"}],"wp:term":[{"taxonomy":"category","embeddable":true,"href":"https:\/\/www.europesays.com\/fr\/wp-json\/wp\/v2\/categories?post=317756"},{"taxonomy":"post_tag","embeddable":true,"href":"https:\/\/www.europesays.com\/fr\/wp-json\/wp\/v2\/tags?post=317756"}],"curies":[{"name":"wp","href":"https:\/\/api.w.org\/{rel}","templated":true}]}}