{"id":317760,"date":"2025-08-14T04:11:20","date_gmt":"2025-08-14T04:11:20","guid":{"rendered":"https:\/\/www.europesays.com\/fr\/317760\/"},"modified":"2025-08-14T04:11:20","modified_gmt":"2025-08-14T04:11:20","slug":"virus-du-nil-occidental-pour-la-premiere-fois-des-cas-autochtones-detectes-en-ile-de-france","status":"publish","type":"post","link":"https:\/\/www.europesays.com\/fr\/317760\/","title":{"rendered":"Virus du Nil occidental : pour la premi\u00e8re fois, des cas autochtones d\u00e9tect\u00e9s en \u00cele-de-France"},"content":{"rendered":"<ul class=\"jsx-862013697 ArticleChapo__List\">\n<li class=\"jsx-862013697 ArticleChapo__List_Item flex\">Des cas autochtones de contamination au virus du Nil occidental ont pour la premi\u00e8re fois \u00e9t\u00e9 observ\u00e9s en Ile-de-France.<\/li>\n<li class=\"jsx-862013697 ArticleChapo__List_Item flex\">Il s&rsquo;agit d&rsquo;une infection transmise par le biais d&rsquo;une piqure de moustique.<\/li>\n<li class=\"jsx-862013697 ArticleChapo__List_Item flex\">La majorit\u00e9 des cas sont asymptomatiques, notent les autorit\u00e9s de sant\u00e9.<\/li>\n<\/ul>\n<p data-module=\"article-paragraph\" class=\"jsx-3046738180 Paragraph Paragraph__End\">Les autorit\u00e9s sanitaires ont annonc\u00e9 ce mercredi 13 ao\u00fbt que des cas autochtones de fi\u00e8vre \u00ab\u00a0West Nile\u00a0\u00bb, transmise par les moustiques, avaient pour la premi\u00e8re fois \u00e9t\u00e9 observ\u00e9s en \u00cele-de-France. Et ce alors que des foyers de chikungunya se multiplient en m\u00e9tropole \u00e0 un niveau particuli\u00e8rement \u00e9lev\u00e9.<\/p>\n<p>Des cas jamais vus aussi au nord<\/p>\n<p data-module=\"article-paragraph\" class=\"jsx-3046738180 Paragraph\">\u00ab\u00a0Deux cas autochtones d&rsquo;infection par le virus du Nil occidental \u2013 West Nile virus \u2013 ont \u00e9t\u00e9 d\u00e9tect\u00e9s chez des personnes r\u00e9sidant en Seine-Saint-Denis\u00a0\u00bb, <a href=\"https:\/\/www.iledefrance.ars.sante.fr\/virus-du-nil-occidental-west-nile-deux-cas-autochtones-confirmes-en-ile-de-france\" target=\"_blank\" rel=\"nofollow noopener\">observe (nouvelle fen\u00eatre)<\/a> l&rsquo;Agence r\u00e9gionale de sant\u00e9 d&rsquo;\u00cele-de-France dans un communiqu\u00e9. \u00ab\u00a0Il s&rsquo;agit des premi\u00e8res identifications de transmission locale vectorielle du virus West Nile en \u00cele-de-France.\u00a0\u00bb<\/p>\n<p data-module=\"article-paragraph\" class=\"jsx-3046738180 Paragraph Paragraph__End\">Il s&rsquo;agit d&rsquo;un virus qui se transmet via des piq\u00fbres de moustiques, mais contrairement au chikungunya ou \u00e0 la dengue, ce n&rsquo;est pas le moustique tigre qui est en cause. Le moustique incrimin\u00e9 est du genre Culex, bien plus r\u00e9pandu en m\u00e9tropole. Une autre diff\u00e9rence est observ\u00e9e avec ces deux autres maladies : en effet, la fi\u00e8vre \u00ab\u00a0West Nile\u00a0\u00bb n&rsquo;est pas transmise depuis un humain \u00e0 l&rsquo;autre par le moustique, mais depuis un oiseau infect\u00e9. \u00ab\u00a0Apr\u00e8s avoir piqu\u00e9 des oiseaux infect\u00e9s, les femelles moustiques assurent la multiplication puis la transmission du virus aux humains lors d\u2019un repas sanguin\u00a0\u00bb, <a href=\"https:\/\/www.pasteur.fr\/fr\/centre-medical\/fiches-maladies\/west-nile\" target=\"_blank\" rel=\"nofollow noopener\">r\u00e9sume (nouvelle fen\u00eatre)<\/a> l&rsquo;Institut Pasteur.<\/p>\n<p><a href=\"https:\/\/www.tf1info.fr\/sante\/cas-autochtones-de-chikungunya-en-metropole-faut-il-s-attendre-a-une-proliferation-2387294.html\" rel=\"noopener\" class=\"jsx-3308031228 Link flex\" target=\"_blank\"><img decoding=\"async\" src=\"https:\/\/www.europesays.com\/fr\/wp-content\/uploads\/2025\/08\/moustique-tigre-2023-52070b-0@1x.jpeg\" alt=\"Getty Images\/iStockphoto\" loading=\"lazy\" importance=\"low\" fetchpriority=\"low\" class=\"\" aria-hidden=\"true\"\/><\/p>\n<p class=\"jsx-3657663356 ReadMoreArticle__Title\">Lire aussi<\/p>\n<p class=\"jsx-3657663356\">Cas autochtones de chikungunya en m\u00e9tropole : faut-il s\u2019attendre \u00e0 une prolif\u00e9ration ? <\/p>\n<p><\/a><\/p>\n<p data-module=\"article-paragraph\" class=\"jsx-3046738180 Paragraph\">\u00ab\u00a0Dans 80% des cas, l\u2019infection est asymptomatique\u00a0\u00bb, note l&rsquo;ARS. Lorsqu\u2019elle est symptomatique, \u00ab\u00a0elle se manifeste par un syndrome pseudo-grippal (fi\u00e8vre importante accompagn\u00e9e de maux de t\u00eate, douleurs musculaires ou abdominales, naus\u00e9es, diarrh\u00e9es)\u00a0\u00bb. Dans moins de 1% des cas, de graves complications peuvent appara\u00eetre, entra\u00eenant parfois la mort.\u00a0<\/p>\n<p data-module=\"article-paragraph\" class=\"jsx-3046738180 Paragraph\">Des cas autochtones, c&rsquo;est-\u00e0-dire r\u00e9sultant d&rsquo;une contamination sur place, ont d\u00e9j\u00e0 \u00e9t\u00e9 signal\u00e9s en m\u00e9tropole les ann\u00e9es pr\u00e9c\u00e9dentes \u2013 une quarantaine en 2024 &#8211; mais jamais aussi au nord. Cet \u00e9t\u00e9, \u00e0 part les deux cas franciliens, cinq autres cas autochtones ont \u00e9t\u00e9 enregistr\u00e9s dans le Sud, en Provence-Alpes-C\u00f4te-d&rsquo;Azur, a pr\u00e9cis\u00e9 l&rsquo;agence nationale Sant\u00e9 publique France (SPF) dans un autre bilan, publi\u00e9 mercredi.<\/p>\n<p data-module=\"article-paragraph\" class=\"jsx-3046738180 Paragraph Paragraph__End\">Dans le m\u00eame temps, SPF continue \u00e0 suivre chaque semaine l&rsquo;\u00e9volution des cas autochtones de chikungunya en m\u00e9tropole. Ils sont cet \u00e9t\u00e9 \u00e0 un niveau particuli\u00e8rement \u00e9lev\u00e9, apr\u00e8s une \u00e9pid\u00e9mie \u00e0 La R\u00e9union qui a facilit\u00e9 l&rsquo;importation du virus. \u00ab\u00a023 \u00e9pisodes de chikungunya totalisant 115 cas (avec) 1 \u00e0 23 cas par \u00e9pisode\u00a0\u00bb ont \u00e9t\u00e9 comptabilis\u00e9s en m\u00e9tropole, rapporte l&rsquo;institution. Elle pr\u00e9cise en passant que six de ces \u00e9pisodes sont clos. La semaine pr\u00e9c\u00e9dente, le bilan \u00e9tait de 16 foyers pour 63 cas, un niveau d\u00e9j\u00e0 record.<\/p>\n<p>TD avec AFP<\/p>\n","protected":false},"excerpt":{"rendered":"Des cas autochtones de contamination au virus du Nil occidental ont pour la premi\u00e8re fois \u00e9t\u00e9 observ\u00e9s en&hellip;\n","protected":false},"author":2,"featured_media":317761,"comment_status":"","ping_status":"","sticky":false,"template":"","format":"standard","meta":{"footnotes":""},"categories":[1592],"tags":[1111,11,1921,1777,674,1011,27,662,1922,12,626,25,71,5699,133,6230],"class_list":{"0":"post-317760","1":"post","2":"type-post","3":"status-publish","4":"format-standard","5":"has-post-thumbnail","7":"category-ile-de-france","8":"tag-actu","9":"tag-actualites","10":"tag-article-video","11":"tag-eu","12":"tag-europe","13":"tag-fr","14":"tag-france","15":"tag-ile-de-france","16":"tag-info","17":"tag-news","18":"tag-paris","19":"tag-republique-francaise","20":"tag-sante","21":"tag-sante-publique","22":"tag-video","23":"tag-video-sante-et-bien-etre"},"share_on_mastodon":{"url":"https:\/\/pubeurope.com\/@fr\/115025168592695188","error":""},"_links":{"self":[{"href":"https:\/\/www.europesays.com\/fr\/wp-json\/wp\/v2\/posts\/317760","targetHints":{"allow":["GET"]}}],"collection":[{"href":"https:\/\/www.europesays.com\/fr\/wp-json\/wp\/v2\/posts"}],"about":[{"href":"https:\/\/www.europesays.com\/fr\/wp-json\/wp\/v2\/types\/post"}],"author":[{"embeddable":true,"href":"https:\/\/www.europesays.com\/fr\/wp-json\/wp\/v2\/users\/2"}],"replies":[{"embeddable":true,"href":"https:\/\/www.europesays.com\/fr\/wp-json\/wp\/v2\/comments?post=317760"}],"version-history":[{"count":0,"href":"https:\/\/www.europesays.com\/fr\/wp-json\/wp\/v2\/posts\/317760\/revisions"}],"wp:featuredmedia":[{"embeddable":true,"href":"https:\/\/www.europesays.com\/fr\/wp-json\/wp\/v2\/media\/317761"}],"wp:attachment":[{"href":"https:\/\/www.europesays.com\/fr\/wp-json\/wp\/v2\/media?parent=317760"}],"wp:term":[{"taxonomy":"category","embeddable":true,"href":"https:\/\/www.europesays.com\/fr\/wp-json\/wp\/v2\/categories?post=317760"},{"taxonomy":"post_tag","embeddable":true,"href":"https:\/\/www.europesays.com\/fr\/wp-json\/wp\/v2\/tags?post=317760"}],"curies":[{"name":"wp","href":"https:\/\/api.w.org\/{rel}","templated":true}]}}