{"id":317762,"date":"2025-08-14T04:12:17","date_gmt":"2025-08-14T04:12:17","guid":{"rendered":"https:\/\/www.europesays.com\/fr\/317762\/"},"modified":"2025-08-14T04:12:17","modified_gmt":"2025-08-14T04:12:17","slug":"apres-la-chaleur-et-le-feu-les-orages-frappent-violemment","status":"publish","type":"post","link":"https:\/\/www.europesays.com\/fr\/317762\/","title":{"rendered":"apr\u00e8s la chaleur et le feu, les orages frappent violemment"},"content":{"rendered":"<p class=\"article__intro\">Apr\u00e8s plusieurs jours de chaleur extr\u00eame et un important incendie dans le sud du d\u00e9partement, le Tarn a \u00e9t\u00e9 frapp\u00e9, mercredi 13 ao\u00fbt 2025 en d\u00e9but de soir\u00e9e, par de violents orages. Rafales de vent, pluies intenses, rues inond\u00e9es, routes coup\u00e9es et coupures d\u2019\u00e9lectricit\u00e9 touchent plusieurs communes.<\/p>\n<p>\n      L\u2019actu des r\u00e9gions\n    <\/p>\n<p>\n      Chaque jour, un tour d\u2019horizon des principales infos de toutes les r\u00e9gions.\n    <\/p>\n<p>    France T\u00e9l\u00e9visions utilise votre adresse e-mail afin de vous envoyer la newsletter \u00ab\u00a0L\u2019actu des r\u00e9gions\u00a0\u00bb. Vous pouvez vous d\u00e9sinscrire \u00e0 tout moment via le lien en bas de cette newsletter. <a target=\"_blank\" href=\"https:\/\/www.francetelevisions.fr\/groupe\/confidentialite\/politique-de-confidentialite\/politique-de-confidentialite-de-france-televisions-6503\" rel=\"nofollow noopener\">Notre politique de confidentialit\u00e9<\/a><\/p>\n<p>Apr\u00e8s les fortes chaleurs, la canicule et un important d\u00e9part de feu dans le sud du territoire, le Tarn fait dor\u00e9navant face, mercredi 13 ao\u00fbt 2025 en d\u00e9but de soir\u00e9e, \u00e0 de violents orages et des intemp\u00e9ries.\u00a0<\/p>\n<\/p>\n<p class=\"my-2 [&amp;+p]:mt-4 [&amp;_strong:has(+br)]:inline-block [&amp;_strong:has(+br)]:pb-2\">Plusieurs communes ont \u00e9t\u00e9 touch\u00e9es, provoquant d\u2019importantes perturbations. M\u00e9t\u00e9o France avait plac\u00e9 le d\u00e9partement en vigilance orange, en raison d\u2019un risque \u00e9lev\u00e9 d\u2019orages violents avec des rafales pouvant atteindre localement les 100 km\/h.<\/p>\n<\/p>\n<p class=\"my-2 [&amp;+p]:mt-4 [&amp;_strong:has(+br)]:inline-block [&amp;_strong:has(+br)]:pb-2\">De nombreux internautes t\u00e9moignent sur les r\u00e9seaux sociaux des d\u00e9g\u00e2ts.<\/p>\n<\/p>\n<p class=\"my-2 [&amp;+p]:mt-4 [&amp;_strong:has(+br)]:inline-block [&amp;_strong:has(+br)]:pb-2\">Plusieurs rues de la commune de Blaye-les-mines seraient ainsi inond\u00e9es ce soir.\u00a0<\/p>\n<p><a data-article-figure=\"\" href=\"https:\/\/france3-regions.franceinfo.fr\/image\/-Neqj-vRgkTRFo16xJvwjGx8wJs\/1750x838\/regions\/2025\/08\/13\/marssac-689cdcd1ae05d413326037.png\" data-pswp-width=\"1750\" data-pswp-height=\"838\" target=\"_blank\" rel=\"nofollow noopener\"><\/p>\n<p>          <img width=\"600\" height=\"400\" class=\"article-image lazy\" data-src=\"https:\/\/www.europesays.com\/fr\/wp-content\/uploads\/2025\/08\/marssac-689cdcd1ae05d413326037.png\" alt=\"Un arbre est tomb\u00e9 \u00e0 Marssac-sur-Tarn dans un lotissement.\" fetchpriority=\"high\" as=\"image\"\/><\/p>\n<p>\n            Un arbre est tomb\u00e9 \u00e0 Marssac-sur-Tarn dans un lotissement.<br \/>\n                           \u2022<br \/>\n                                      \u00a9 Capture d&rsquo;\u00e9cran groupe Facebook Info Trafic Tarn (81)\n                      <\/p>\n<p><\/a><\/p>\n<p class=\"my-2 [&amp;+p]:mt-4 [&amp;_strong:has(+br)]:inline-block [&amp;_strong:has(+br)]:pb-2\">Dans le secteur de R\u00e9almont et Laboutari\u00e9, touch\u00e9 un peu plus t\u00f4t dans l&rsquo;apr\u00e8s-midi par la gr\u00eale, des arbres et des poteaux t\u00e9l\u00e9phoniques sont tomb\u00e9s sur la chauss\u00e9e, coupant plusieurs routes.\u00a0<\/p>\n<\/p>\n<p class=\"my-2 [&amp;+p]:mt-4 [&amp;_strong:has(+br)]:inline-block [&amp;_strong:has(+br)]:pb-2\">La commune de Lavaur est, elle, confront\u00e9e \u00e0 une coupure de courant due \u00e0 une panne sur le poste Enedis de Marzens, privant la ville d\u2019\u00e9lectricit\u00e9 pour au moins deux heures. D&rsquo;autres t\u00e9moignages \u00e9voquent \u00e9galement des coupures comme \u00e0 Marssac.\u00a0<\/p>\n<\/p>\n<p>Les mauvaises conditions m\u00e9t\u00e9o ont aussi entra\u00een\u00e9 l\u2019annulation de plusieurs \u00e9v\u00e9nements. Le concert pr\u00e9vu \u00e0 21 h sur la place de la Madeleine, dans le cadre du festival\u00a0Place(s) aux artistes, n\u2019a pas pu avoir lieu.<\/p>\n<\/p>\n<p class=\"my-2 [&amp;+p]:mt-4 [&amp;_strong:has(+br)]:inline-block [&amp;_strong:has(+br)]:pb-2\">Les organisateurs appellent le public \u00e0 la prudence et donnent rendez-vous le lendemain soir, place du Palais, pour la suite du festival.<\/p>\n","protected":false},"excerpt":{"rendered":"Apr\u00e8s plusieurs jours de chaleur extr\u00eame et un important incendie dans le sud du d\u00e9partement, le Tarn a&hellip;\n","protected":false},"author":2,"featured_media":317763,"comment_status":"","ping_status":"","sticky":false,"template":"","format":"standard","meta":{"footnotes":""},"categories":[1888],"tags":[1111,1928,11,1927,1777,674,1011,27,12,1926,626,1925,25],"class_list":{"0":"post-317762","1":"post","2":"type-post","3":"status-publish","4":"format-standard","5":"has-post-thumbnail","7":"category-paris","8":"tag-actu","9":"tag-actu-paris","10":"tag-actualites","11":"tag-actualites-paris","12":"tag-eu","13":"tag-europe","14":"tag-fr","15":"tag-france","16":"tag-news","17":"tag-news-paris","18":"tag-paris","19":"tag-paris-news","20":"tag-republique-francaise"},"share_on_mastodon":{"url":"https:\/\/pubeurope.com\/@fr\/115025172490420284","error":""},"_links":{"self":[{"href":"https:\/\/www.europesays.com\/fr\/wp-json\/wp\/v2\/posts\/317762","targetHints":{"allow":["GET"]}}],"collection":[{"href":"https:\/\/www.europesays.com\/fr\/wp-json\/wp\/v2\/posts"}],"about":[{"href":"https:\/\/www.europesays.com\/fr\/wp-json\/wp\/v2\/types\/post"}],"author":[{"embeddable":true,"href":"https:\/\/www.europesays.com\/fr\/wp-json\/wp\/v2\/users\/2"}],"replies":[{"embeddable":true,"href":"https:\/\/www.europesays.com\/fr\/wp-json\/wp\/v2\/comments?post=317762"}],"version-history":[{"count":0,"href":"https:\/\/www.europesays.com\/fr\/wp-json\/wp\/v2\/posts\/317762\/revisions"}],"wp:featuredmedia":[{"embeddable":true,"href":"https:\/\/www.europesays.com\/fr\/wp-json\/wp\/v2\/media\/317763"}],"wp:attachment":[{"href":"https:\/\/www.europesays.com\/fr\/wp-json\/wp\/v2\/media?parent=317762"}],"wp:term":[{"taxonomy":"category","embeddable":true,"href":"https:\/\/www.europesays.com\/fr\/wp-json\/wp\/v2\/categories?post=317762"},{"taxonomy":"post_tag","embeddable":true,"href":"https:\/\/www.europesays.com\/fr\/wp-json\/wp\/v2\/tags?post=317762"}],"curies":[{"name":"wp","href":"https:\/\/api.w.org\/{rel}","templated":true}]}}