{"id":317768,"date":"2025-08-14T04:15:15","date_gmt":"2025-08-14T04:15:15","guid":{"rendered":"https:\/\/www.europesays.com\/fr\/317768\/"},"modified":"2025-08-14T04:15:15","modified_gmt":"2025-08-14T04:15:15","slug":"la-bourse-de-paris-en-hausse-apres-linflation-americaine","status":"publish","type":"post","link":"https:\/\/www.europesays.com\/fr\/317768\/","title":{"rendered":"La Bourse de Paris en hausse apr\u00e8s l&rsquo;inflation am\u00e9ricaine"},"content":{"rendered":"<p style=\"text-align:\">La Bourse de Paris avance mercredi 13 ao\u00fbt, port\u00e9e par le regain d&rsquo;app\u00e9tit pour le risque et l&rsquo;espoir d&rsquo;un assouplissement de la politique mon\u00e9taire de la R\u00e9serve f\u00e9d\u00e9rale am\u00e9ricaine (Fed) apr\u00e8s la publication d&rsquo;un indice sur l&rsquo;inflation aux \u00c9tats-Unis.<\/p>\n<p><a href=\"https:\/\/lecourrier.vn\/la-bourse-de-paris-portee-par-la-perspective-de-baisse-des-taux-aux-etats-unis\/1288674.html\" title=\"La Bourse de Paris port\u00e9e par la perspective de baisse des taux aux \u00c9tats-Unis\" rel=\"nofollow noopener\" target=\"_blank\">&gt;&gt; La Bourse de Paris port\u00e9e par la perspective de baisse des taux aux \u00c9tats-Unis<\/a><\/p>\n<p><a href=\"https:\/\/lecourrier.vn\/la-bourse-de-paris-en-hausse-apres-linflation-americaine\/1288723.html\" title=\"La Bourse de Paris en hausse apr\u00e8s l&#039;inflation am\u00e9ricaine\" rel=\"nofollow noopener\" target=\"_blank\">&gt;&gt; La Bourse de Paris en hausse apr\u00e8s l&rsquo;inflation am\u00e9ricaine<\/a><\/p>\n<tr>\n<td class=\"pic\"><img decoding=\"async\" class=\"lazyload\" src=\"https:\/\/www.europesays.com\/fr\/wp-content\/uploads\/2025\/08\/100429-picture4.jpg\" alt=\"\"\/><\/td>\n<\/tr>\n<tr>\n<td class=\"caption\">La salle de contr\u00f4le d&rsquo;Euronext, soci\u00e9t\u00e9 qui g\u00e8re la Bourse de Paris.<\/td>\n<\/tr>\n<tr align=\"right\">\n<td class=\"author\">Photo : AFP\/VNA\/CVN<\/td>\n<\/tr>\n<p style=\"text-align:left\">Vers 09h40 heure locale, l&rsquo;indice CAC 40 prenait 0,31%, soit un gain de 24,02 points, pour s&rsquo;\u00e9tablir \u00e0 7.777,44 points. La veille, l&rsquo;indice vedette de la Bourse de Paris avait termin\u00e9 en hausse de 0,71%, \u00e0 7.753,42 points.<\/p>\n<p style=\"text-align:left\">\u00ab\u00a0Les acteurs du march\u00e9 tentent de profiter en partie de la s\u00e9ance positive aux \u00c9tats-Unis et en Asie pour la s\u00e9ance europ\u00e9enne\u00a0\u00bb apr\u00e8s la publication des chiffres de l&rsquo;inflation aux \u00c9tats-Unis, commente Andreas Lipkow, analyste ind\u00e9pendant.<\/p>\n<p style=\"text-align:left\">L&rsquo;indice des prix \u00e0 la consommation (CPI) aux \u00c9tats-Unis en juillet a progress\u00e9 au m\u00eame rythme qu&rsquo;en juin (+2,7% sur un an), contenu par la baisse du co\u00fbt du p\u00e9trole (-9,5% sur un an), alors que les march\u00e9s s&rsquo;attendaient \u00e0 une acc\u00e9l\u00e9ration en raison des nouveaux droits de douane.<\/p>\n<p style=\"text-align:left\">Sur un mois, la progression de l&rsquo;indice ralentit m\u00eame, \u00e0 +0,2% apr\u00e8s +0,3% en juin.<\/p>\n<p style=\"text-align:left\">Ces chiffres \u00ab\u00a0ont donn\u00e9 un coup de pouce aux march\u00e9s financiers am\u00e9ricains et il reste maintenant \u00e0 voir dans quelle, mesure cette dynamique pourra profiter\u00a0\u00bb aux indices europ\u00e9ens, poursuit M. Lipkow.<\/p>\n<p style=\"text-align:left\">Le rapport a \u00ab\u00a0apais\u00e9 les inqui\u00e9tudes sur les prix et renforc\u00e9 les anticipations d&rsquo;une baisse des taux de la R\u00e9serve f\u00e9d\u00e9rale en septembre\u00a0\u00bb, commente Patrick Munnelly, analyste chez Tickmill Group.<\/p>\n<p style=\"text-align:left\">Le march\u00e9 anticipe d\u00e9sormais \u00ab\u00a0massivement une baisse des taux en septembre, qui d\u00e9pendra probablement des prochains indicateurs\u00a0\u00bb comme le prochain rapport sur l&#8217;emploi am\u00e9ricain, ajoute-t-il.<\/p>\n<p style=\"text-align:left\">Selon l&rsquo;outil de veille de CME FedWatch, les investisseurs pr\u00e9voient \u00e0 96% une baisse des taux d&rsquo;un quart de point lors de la prochaine r\u00e9union de la Fed.<\/p>\n<p style=\"text-align:left\"><b>Valneva reste recherch\u00e9<\/b><\/p>\n<p style=\"text-align:left\">Le titre Valneva reste recherch\u00e9 mercredi 13 ao\u00fbt, au lendemain de la publication de ses r\u00e9sultats semestriels.<\/p>\n<p style=\"text-align:left\">Les \u00e9changes du titre \u00e9taient suspendus vers 10h00 apr\u00e8s que l&rsquo;action soit mont\u00e9e de 12,13% \u00e0 4,44 euros dans les premiers \u00e9changes.<\/p>\n<p style=\"text-align:left\">Le laboratoire franco-autrichien sp\u00e9cialis\u00e9 dans les vaccins avait fait \u00e9tat mardi 12 ao\u00fbt d&rsquo;un chiffre d&rsquo;affaires de 97,6 millions d&rsquo;euros contre 70,8 millions d\u2019euros au premier semestre 2024 et confirm\u00e9 ses perspectives 2025 dans un communiqu\u00e9.<\/p>\n<p style=\"text-align:right\"><b>AFP\/VNA\/CVN<\/b><\/p>\n","protected":false},"excerpt":{"rendered":"La Bourse de Paris avance mercredi 13 ao\u00fbt, port\u00e9e par le regain d&rsquo;app\u00e9tit pour le risque et l&rsquo;espoir&hellip;\n","protected":false},"author":2,"featured_media":317769,"comment_status":"","ping_status":"","sticky":false,"template":"","format":"standard","meta":{"footnotes":""},"categories":[1888],"tags":[11,340,1777,674,1011,27,45612,12,626,25],"class_list":{"0":"post-317768","1":"post","2":"type-post","3":"status-publish","4":"format-standard","5":"has-post-thumbnail","7":"category-paris","8":"tag-actualites","9":"tag-bourse","10":"tag-eu","11":"tag-europe","12":"tag-fr","13":"tag-france","14":"tag-inflation-americaine","15":"tag-news","16":"tag-paris","17":"tag-republique-francaise"},"share_on_mastodon":{"url":"https:\/\/pubeurope.com\/@fr\/115025184298749342","error":""},"_links":{"self":[{"href":"https:\/\/www.europesays.com\/fr\/wp-json\/wp\/v2\/posts\/317768","targetHints":{"allow":["GET"]}}],"collection":[{"href":"https:\/\/www.europesays.com\/fr\/wp-json\/wp\/v2\/posts"}],"about":[{"href":"https:\/\/www.europesays.com\/fr\/wp-json\/wp\/v2\/types\/post"}],"author":[{"embeddable":true,"href":"https:\/\/www.europesays.com\/fr\/wp-json\/wp\/v2\/users\/2"}],"replies":[{"embeddable":true,"href":"https:\/\/www.europesays.com\/fr\/wp-json\/wp\/v2\/comments?post=317768"}],"version-history":[{"count":0,"href":"https:\/\/www.europesays.com\/fr\/wp-json\/wp\/v2\/posts\/317768\/revisions"}],"wp:featuredmedia":[{"embeddable":true,"href":"https:\/\/www.europesays.com\/fr\/wp-json\/wp\/v2\/media\/317769"}],"wp:attachment":[{"href":"https:\/\/www.europesays.com\/fr\/wp-json\/wp\/v2\/media?parent=317768"}],"wp:term":[{"taxonomy":"category","embeddable":true,"href":"https:\/\/www.europesays.com\/fr\/wp-json\/wp\/v2\/categories?post=317768"},{"taxonomy":"post_tag","embeddable":true,"href":"https:\/\/www.europesays.com\/fr\/wp-json\/wp\/v2\/tags?post=317768"}],"curies":[{"name":"wp","href":"https:\/\/api.w.org\/{rel}","templated":true}]}}