{"id":31777,"date":"2025-04-17T13:39:14","date_gmt":"2025-04-17T13:39:14","guid":{"rendered":"https:\/\/www.europesays.com\/fr\/31777\/"},"modified":"2025-04-17T13:39:14","modified_gmt":"2025-04-17T13:39:14","slug":"la-chapelle-sur-erdre-un-spectacle-de-haut-vol-qui-met-tous-les-sens-en-eveil-a-capellia","status":"publish","type":"post","link":"https:\/\/www.europesays.com\/fr\/31777\/","title":{"rendered":"La Chapelle-sur-Erdre. Un spectacle de haut vol qui met tous les sens en \u00e9veil \u00e0 Capellia"},"content":{"rendered":"<p>\u00c9crit par C\u00e9line Valette, interpr\u00e9t\u00e9 et chant\u00e9 par Bertille Tropin sur une sc\u00e9nographie de Laurence Maillard, les F\u00e9es Railleuses se produiront \u00e0 Capellia le jeudi\u00a024 et le vendredi 25\u00a0avril avec une s\u00e9ance tout public le\u00a0samedi 26\u00a0avril 10\u00a0h\u00a030 (complet).<\/p>\n<p>Le centre culturel souhaite accompagner \u00e9coliers et coll\u00e9giens dans leur d\u00e9couverte du spectacle vivant.<\/p>\n<p>Ainsi, 2\u00a0500\u00a0coll\u00e9giens franchiront au moins une fois les portes du th\u00e9\u00e2tre pour une proposition originale\u00a0: th\u00e9\u00e2tre, danse, cirque ou marionnettes. Avec le spectacle Toubouge, tous les sens sont en \u00e9veil dans cet univers volant.<\/p>\n<p>Un syst\u00e8me a\u00e9rien de haute voltige<\/p>\n<p>Un mobile g\u00e9ant, une sph\u00e8re surprise et deux acrobates chanteuses invitent le spectateur \u00e0 un voyage suspendu, onirique et sonore. Il y sera question d\u2019influence, de possession et de partage. Comment se rencontrer, partager, se toucher lorsque l\u2019on est suspendu.<\/p>\n<p>Ce sont les grandes \u00e9tapes de l\u2019apprentissage auxquelles chacun de nous est confront\u00e9 d\u00e8s le plus jeune \u00e2ge et qui deviendront les fondements de la vie et du monde.<\/p>\n<p>La mise en mouvement du syst\u00e8me a\u00e9rien raconte ce flux permanent o\u00f9 toubouge.<\/p>\n<p>Billeterie.capellia@lachapellesurerdre.fr<\/p>\n<p>\u00a0<\/p>\n","protected":false},"excerpt":{"rendered":"\u00c9crit par C\u00e9line Valette, interpr\u00e9t\u00e9 et chant\u00e9 par Bertille Tropin sur une sc\u00e9nographie de Laurence Maillard, les F\u00e9es&hellip;\n","protected":false},"author":2,"featured_media":31778,"comment_status":"","ping_status":"","sticky":false,"template":"","format":"standard","meta":{"footnotes":""},"categories":[2818],"tags":[1111,11,10773,10770,1777,674,10772,1011,27,10771,3736,766,12,2636,25,4071,3140,1175],"class_list":{"0":"post-31777","1":"post","2":"type-post","3":"status-publish","4":"format-standard","5":"has-post-thumbnail","7":"category-nantes","8":"tag-actu","9":"tag-actualites","10":"tag-capellia","11":"tag-chapelle-sur-erdre","12":"tag-eu","13":"tag-europe","14":"tag-eveil","15":"tag-fr","16":"tag-france","17":"tag-haut","18":"tag-met","19":"tag-nantes","20":"tag-news","21":"tag-pays-de-la-loire","22":"tag-republique-francaise","23":"tag-sens","24":"tag-spectacle","25":"tag-vol"},"share_on_mastodon":{"url":"https:\/\/pubeurope.com\/@fr\/114353587114941230","error":""},"_links":{"self":[{"href":"https:\/\/www.europesays.com\/fr\/wp-json\/wp\/v2\/posts\/31777","targetHints":{"allow":["GET"]}}],"collection":[{"href":"https:\/\/www.europesays.com\/fr\/wp-json\/wp\/v2\/posts"}],"about":[{"href":"https:\/\/www.europesays.com\/fr\/wp-json\/wp\/v2\/types\/post"}],"author":[{"embeddable":true,"href":"https:\/\/www.europesays.com\/fr\/wp-json\/wp\/v2\/users\/2"}],"replies":[{"embeddable":true,"href":"https:\/\/www.europesays.com\/fr\/wp-json\/wp\/v2\/comments?post=31777"}],"version-history":[{"count":0,"href":"https:\/\/www.europesays.com\/fr\/wp-json\/wp\/v2\/posts\/31777\/revisions"}],"wp:featuredmedia":[{"embeddable":true,"href":"https:\/\/www.europesays.com\/fr\/wp-json\/wp\/v2\/media\/31778"}],"wp:attachment":[{"href":"https:\/\/www.europesays.com\/fr\/wp-json\/wp\/v2\/media?parent=31777"}],"wp:term":[{"taxonomy":"category","embeddable":true,"href":"https:\/\/www.europesays.com\/fr\/wp-json\/wp\/v2\/categories?post=31777"},{"taxonomy":"post_tag","embeddable":true,"href":"https:\/\/www.europesays.com\/fr\/wp-json\/wp\/v2\/tags?post=31777"}],"curies":[{"name":"wp","href":"https:\/\/api.w.org\/{rel}","templated":true}]}}