{"id":317770,"date":"2025-08-14T04:16:11","date_gmt":"2025-08-14T04:16:11","guid":{"rendered":"https:\/\/www.europesays.com\/fr\/317770\/"},"modified":"2025-08-14T04:16:11","modified_gmt":"2025-08-14T04:16:11","slug":"pourquoi-lalaska-est-le-plus-russe-des-etats-americains","status":"publish","type":"post","link":"https:\/\/www.europesays.com\/fr\/317770\/","title":{"rendered":"pourquoi l&rsquo;Alaska est le plus russe des \u00c9tats am\u00e9ricains"},"content":{"rendered":"<p>            Par<br \/>\n        <strong><br \/>\n            <a href=\"https:\/\/actu.fr\/auteur\/redaction-actu\" title=\"Consulter tous les articles de R\u00e9daction Actu\" target=\"_blank\" rel=\"noopener\">R\u00e9daction Actu<\/a><br \/>\n        <\/strong><\/p>\n<p>        Publi\u00e9 le<\/p>\n<p>            14 ao\u00fbt 2025 \u00e0 5h02        <\/p>\n<p>L\u2019Alaska, qui doit accueillir <a href=\"https:\/\/actu.fr\/monde\/guerre-en-ukraine-donald-trump-et-vladimir-poutine-se-rencontrent-en-alaska-le-15-aout-2025_63018335.html\" target=\"_blank\" rel=\"noopener\">vendredi 15 ao\u00fbt 2025<\/a> un sommet entre <a href=\"https:\/\/actu.fr\/tag\/donald-trump\" target=\"_blank\" rel=\"noopener\">Donald Trump<\/a> et <a href=\"https:\/\/actu.fr\/tag\/vladimir-poutine\" target=\"_blank\" rel=\"noopener\">Vladimir Poutine<\/a>, \u00e9tait sous le contr\u00f4le de la <a href=\"https:\/\/actu.fr\/tag\/russie\" target=\"_blank\" rel=\"noopener\">Russie<\/a> avant d\u2019\u00eatre vendu aux <a href=\"https:\/\/actu.fr\/tag\/etats-unis\" target=\"_blank\" rel=\"noopener\">\u00c9tats-Unis<\/a> au XIXe si\u00e8cle.<\/p>\n<p class=\" wall-content\">Mais <strong>l\u2019influence russe n\u2019a pas disparu de cet \u00c9tat am\u00e9ricain de l\u2019Arctique.<\/strong><\/p>\n<p>Une ancienne colonie russe<\/p>\n<p class=\" wall-content\">C\u2019est pour la Russie des tsars que le Danois Vitus B\u00e9ring d\u00e9couvre au XVIIIe si\u00e8cle le d\u00e9troit s\u00e9parant l\u2019Asie des Am\u00e9riques, qui porte d\u00e9sormais son nom, et r\u00e9v\u00e8le \u00e0 l\u2019Occident l\u2019existence de l\u2019Alaska.<\/p>\n<p class=\" wall-content\">Cette exp\u00e9dition d\u00e9clenche un si\u00e8cle de chasse au phoque par les Russes, avec une premi\u00e8re colonie install\u00e9e sur l\u2019\u00eele de Kodiak. Le tsar Paul Ier institue en 1799 la Compagnie russe d\u2019Am\u00e9rique afin d\u2019organiser le commerce de fourrure, quitte \u00e0 combattre les habitants autochtones.<\/p>\n<p class=\" wall-content\">Mais, surexploit\u00e9es, les populations de phoques et de loutres de mer s\u2019effondrent, et l\u2019\u00e9conomie des colons avec.<\/p>\n<p class=\" wall-content\">En 1867, Moscou vend \u00e0 Washington le territoire pour<strong> 7,2 millions de dollars<\/strong>, un achat critiqu\u00e9 \u00e0 l\u2019\u00e9poque. L\u2019Alaska n\u2019est cependant devenu un \u00c9tat am\u00e9ricain \u00e0 part enti\u00e8re qu\u2019en 1959.<\/p>\n<p>Langue et \u00e9glises<\/p>\n<p class=\" wall-content\">L\u2019\u00c9glise orthodoxe, implant\u00e9e en Alaska d\u00e8s la cr\u00e9ation de la Compagnie russe d\u2019Am\u00e9rique, demeure<strong> l\u2019un des principaux h\u00e9ritages de l\u2019histoire russe sur le territoire.<\/strong><\/p>\n<p class=\" wall-content\">Plus de 35 \u00e9glises historiques, dont certaines avec les coupoles typiques de l\u2019architecture orthodoxe, pars\u00e8ment les c\u00f4tes d\u2019Alaska, selon une association qui vise \u00e0 les prot\u00e9ger.<br \/>Le dioc\u00e8se orthodoxe de l\u2019\u00c9tat se pr\u00e9sente comme le plus vieux d\u2019Am\u00e9rique du Nord et comprend m\u00eame un s\u00e9minaire, install\u00e9 sur l\u2019\u00eele de Kodiak.<\/p>\n<p class=\" wall-content\">Un dialecte d\u00e9riv\u00e9 du russe et m\u00eal\u00e9 aux langues autochtones locales s\u2019est maintenu pendant des d\u00e9cennies dans diverses localit\u00e9s, <strong>notamment pr\u00e8s de la grande ville d\u2019Anchorage <\/strong>(o\u00f9 aura lieu la rencontre), jusqu\u2019\u00e0 quasiment dispara\u00eetre aujourd\u2019hui.<\/p>\n<p class=\" wall-content\">Mais pr\u00e8s des immenses glaciers de la p\u00e9ninsule de Kenai, le russe est toujours enseign\u00e9 : la petite \u00e9cole rurale d\u2019une communaut\u00e9 orthodoxe dite \u00ab\u00a0vieux-croyants\u00a0\u00bb, issue d\u2019un schisme du XVIIe si\u00e8cle et install\u00e9e l\u00e0 dans les ann\u00e9es 1960, donne des cours en russe \u00e0 une centaine d\u2019\u00e9l\u00e8ves.<\/p>\n<p>Des voisins<\/p>\n<p class=\" wall-content\">Les Russes \u00ab\u00a0sont nos voisins d\u2019en face, on peut m\u00eame voir la Russie depuis une \u00eele en Alaska\u00a0\u00bb, disait en 2008 Sarah Palin, alors gouverneure de l\u2019\u00c9tat et candidate \u00e0 la vice-pr\u00e9sidence des \u00c9tats-Unis aux c\u00f4t\u00e9s du r\u00e9publicain John McCain.<\/p>\n<p class=\" wall-content\">En effet, dans le d\u00e9troit de B\u00e9ring, deux \u00eeles se font face. La grande Diom\u00e8de, \u00e0 l\u2019ouest, est russe, quand la petite Diom\u00e8de, habit\u00e9e par quelques dizaines de personnes, est am\u00e9ricaine. Moins de quatre kilom\u00e8tres les s\u00e9parent.<\/p>\n<p class=\" wall-content\">Plus au sud, deux Russes ont accost\u00e9 en octobre 2022 sur l\u2019\u00eele de Saint-Laurent, \u00e0 moins de 100 km des c\u00f4tes russes, pour demander l\u2019asile aux \u00c9tats-Unis, afin d\u2019\u00e9chapper \u00e0 une mobilisation militaire pour soutenir la guerre en Ukraine.<\/p>\n<p class=\" wall-content\">Depuis des ann\u00e9es, l\u2019arm\u00e9e am\u00e9ricaine annonce r\u00e9guli\u00e8rement intercepter des avions russes s\u2019approchant un peu trop de son espace a\u00e9rien dans la r\u00e9gion.<\/p>\n<p class=\" wall-content\">Mais la Russie n\u2019est pas int\u00e9ress\u00e9e par une reprise de l\u2019Alaska, o\u00f9 \u00ab\u00a0il fait froid aussi\u00a0\u00bb, avait ironis\u00e9 Vladimir Poutine en 2014.<\/p>\n<p class=\" wall-content\">Source : AFP.<\/p>\n<p class=\" wall-content\">Suivez toute l\u2019actualit\u00e9 de vos villes et m\u00e9dias favoris en vous inscrivant \u00e0 <a href=\"https:\/\/moncompte.actu.fr\" title=\"D\u00e9couvez Mon Actu\" rel=\"nofollow noopener\" data-trk=\"{&quot;cta&quot;:{&quot;action&quot;:&quot;https:\\\/\\\/moncompte.actu.fr&quot;,&quot;category&quot;:&quot;mon compte&quot;,&quot;from&quot;:&quot;article footer&quot;,&quot;name&quot;:&quot;Mon actu&quot;,&quot;type&quot;:&quot;cta&quot;}}\" target=\"_blank\">Mon Actu<\/a>.<\/p>\n","protected":false},"excerpt":{"rendered":"Par R\u00e9daction Actu Publi\u00e9 le 14 ao\u00fbt 2025 \u00e0 5h02 L\u2019Alaska, qui doit accueillir vendredi 15 ao\u00fbt 2025&hellip;\n","protected":false},"author":2,"featured_media":317771,"comment_status":"","ping_status":"","sticky":false,"template":"","format":"standard","meta":{"footnotes":""},"categories":[1591],"tags":[11,75,73,1887,74,12,1885,1886,132,135],"class_list":{"0":"post-317770","1":"post","2":"type-post","3":"status-publish","4":"format-standard","5":"has-post-thumbnail","7":"category-russie","8":"tag-actualites","9":"tag-donald-trump","10":"tag-etats-unis","11":"tag-federation-de-russie","12":"tag-monde","13":"tag-news","14":"tag-russia","15":"tag-russian-federation","16":"tag-russie","17":"tag-vladimir-poutine"},"share_on_mastodon":{"url":"https:\/\/pubeurope.com\/@fr\/115025188183310675","error":""},"_links":{"self":[{"href":"https:\/\/www.europesays.com\/fr\/wp-json\/wp\/v2\/posts\/317770","targetHints":{"allow":["GET"]}}],"collection":[{"href":"https:\/\/www.europesays.com\/fr\/wp-json\/wp\/v2\/posts"}],"about":[{"href":"https:\/\/www.europesays.com\/fr\/wp-json\/wp\/v2\/types\/post"}],"author":[{"embeddable":true,"href":"https:\/\/www.europesays.com\/fr\/wp-json\/wp\/v2\/users\/2"}],"replies":[{"embeddable":true,"href":"https:\/\/www.europesays.com\/fr\/wp-json\/wp\/v2\/comments?post=317770"}],"version-history":[{"count":0,"href":"https:\/\/www.europesays.com\/fr\/wp-json\/wp\/v2\/posts\/317770\/revisions"}],"wp:featuredmedia":[{"embeddable":true,"href":"https:\/\/www.europesays.com\/fr\/wp-json\/wp\/v2\/media\/317771"}],"wp:attachment":[{"href":"https:\/\/www.europesays.com\/fr\/wp-json\/wp\/v2\/media?parent=317770"}],"wp:term":[{"taxonomy":"category","embeddable":true,"href":"https:\/\/www.europesays.com\/fr\/wp-json\/wp\/v2\/categories?post=317770"},{"taxonomy":"post_tag","embeddable":true,"href":"https:\/\/www.europesays.com\/fr\/wp-json\/wp\/v2\/tags?post=317770"}],"curies":[{"name":"wp","href":"https:\/\/api.w.org\/{rel}","templated":true}]}}