{"id":317774,"date":"2025-08-14T04:18:13","date_gmt":"2025-08-14T04:18:13","guid":{"rendered":"https:\/\/www.europesays.com\/fr\/317774\/"},"modified":"2025-08-14T04:18:13","modified_gmt":"2025-08-14T04:18:13","slug":"sommet-trump-poutine-que-nous-reserve-ce-face-a-face-inhabituel","status":"publish","type":"post","link":"https:\/\/www.europesays.com\/fr\/317774\/","title":{"rendered":"Sommet Trump-Poutine | Que nous r\u00e9serve ce face-\u00e0-face inhabituel\u00a0?"},"content":{"rendered":"<p class=\"teaser textModule textModule--type-teaser \" style=\"\">Les pr\u00e9sidents des \u00c9tats-Unis et de la Russie se rencontrent vendredi. M\u00eame si la Maison-Blanche d\u00e9peint le sommet comme un exercice d\u2019\u00ab\u00a0\u00e9coute\u00a0\u00bb, Trump pourrait-il se laisser s\u00e9duire par l\u2019attrait d\u2019un r\u00e8glement rapide, au d\u00e9triment de l\u2019Ukraine\u00a0? C\u2019est ce que craignent le pr\u00e9sident ukrainien et ses alli\u00e9s europ\u00e9ens avec ce face-\u00e0-face inhabituel.<\/p>\n<p>                    Publi\u00e9 \u00e0 0\u00a0h\u00a000<\/p>\n<p>    <a class=\"print\" href=\"https:\/\/www.lapresse.ca\/international\/etats-unis\/2025-08-14\/sommet-trump-poutine\/javascript:window.print();\" title=\"Imprimer la page\" rel=\"nofollow noopener\" target=\"_blank\"><\/p>\n<p>        <img loading=\"lazy\" decoding=\"async\" width=\"16\" height=\"18\" src=\"https:\/\/www.europesays.com\/fr\/wp-content\/uploads\/2025\/04\/share-icon.png\" alt=\"Partager\"\/><\/p>\n<p>                    Pourquoi ce sommet Trump-Poutine\u00a0?<\/p>\n<p class=\"paragraph textModule textModule--type-paragraph \" style=\"\">\u00ab\u00a0Poutine n\u2019est pas int\u00e9ress\u00e9 par un accord de paix ou un cessez-le-feu en Ukraine, mais il ne veut pas non plus de sanctions secondaires\u00a0\u00bb, explique Alexander Motyl, de l\u2019Universit\u00e9 Rutgers\u2013Newark. Alors, que faire pour gagner du temps\u00a0? \u00ab\u00a0La r\u00e9ponse est simple\u00a0: vous sugg\u00e9rez \u00e0 Trump, un narcissique notoire, une rencontre o\u00f9 vous allez vous asseoir avec lui et discuter\u00a0\u00bb, dit-il.<\/p>\n<p class=\"paragraph textModule textModule--type-paragraph \" style=\"\">La rencontre a \u00e9t\u00e9 demand\u00e9e par le pr\u00e9sident russe, Vladimir Poutine, apr\u00e8s son entretien \u00e0 Moscou avec l\u2019\u00e9missaire am\u00e9ricain Steve Witkoff la semaine derni\u00e8re.<\/p>\n<p class=\"paragraph textModule textModule--type-paragraph \" style=\"\">Donald Trump s\u2019impatientait de l\u2019impasse des derniers mois, lui qui s\u2019\u00e9tait targu\u00e9 de pouvoir r\u00e9gler la guerre en Ukraine rapidement. Le pr\u00e9sident am\u00e9ricain avait donc lanc\u00e9 un ultimatum \u00e0 la Russie en juillet\u00a0: si aucun accord pour mettre fin \u00e0 la guerre en Ukraine n\u2019\u00e9tait conclu avant le 8\u00a0ao\u00fbt, de nouvelles sanctions seraient impos\u00e9es.<\/p>\n<p>                    Et la participation ukrainienne\u00a0?<\/p>\n<p class=\"paragraph textModule textModule--type-paragraph \" style=\"\">Le pr\u00e9sident ukrainien Volodymyr Zelensky n\u2019est pas invit\u00e9 au sommet, qui aura lieu \u00e0 Anchorage, en Alaska. Trump a assur\u00e9 mercredi qu\u2019une rencontre tripartite serait organis\u00e9e rapidement par la suite. \u00ab\u00a0C\u2019est une occasion rat\u00e9e de ne pas avoir insist\u00e9 pour que la rencontre inclue Zelensky\u00a0\u00bb, estime Liana Fix, chercheuse du Council for Foreign Relations sp\u00e9cialis\u00e9e dans les questions europ\u00e9ennes. Poutine a d\u00e9clin\u00e9 les rencontres avec Zelensky dans le pass\u00e9.<\/p>\n<p>                    Comment r\u00e9agissent les leaders ukrainien et europ\u00e9ens\u00a0?<\/p>\n<p class=\"paragraph textModule textModule--type-paragraph \" style=\"\">Zelensky s\u2019est rendu \u00e0 Berlin mercredi. Il a particip\u00e9 \u00e0 un appel au c\u00f4t\u00e9 du chancelier allemand, Friedrich Merz, avec d\u2019autres dirigeants europ\u00e9ens. Trump et son vice-pr\u00e9sident J.D.\u00a0Vance se sont ensuite joints \u00e0 la conversation.<\/p>\n<p class=\"paragraph textModule textModule--type-paragraph \" style=\"\">La discussion a \u00e9t\u00e9 \u00ab\u00a0constructive\u00a0\u00bb, a dit Zelensky. \u00ab\u00a0Nous esp\u00e9rons que le th\u00e8me central de la r\u00e9union sera un cessez-le-feu, a-t-il d\u00e9clar\u00e9. Un cessez-le-feu imm\u00e9diat.\u00a0\u00bb<\/p>\n<p>                                        <img decoding=\"async\" src=\"https:\/\/www.europesays.com\/fr\/wp-content\/uploads\/2025\/08\/fed40407639533d5ab64f8f253321ce4.jpg\" alt=\"\" class=\"photoModule__visual\" itemprop=\"contentUrl url\"\/><\/p>\n<p class=\"credit photoModule__caption photoModule__caption--credit\" style=\"\">\n                    PHOTO RALF HIRSCHBERGER, AGENCE FRANCE-PRESSE\n                <\/p>\n<p class=\"description photoModule__caption photoModule__caption--description\" style=\"\">\n                    Le pr\u00e9sident ukrainien Volodymyr Zelensky (\u00e0 gauche) et le chancelier allemand Friedrich Merz, lors d\u2019une conf\u00e9rence de presse conjointe, \u00e0 Berlin, mercredi\n                <\/p>\n<p class=\"paragraph textModule textModule--type-paragraph \" style=\"\">Certaines lignes directrices ont \u00e9t\u00e9 \u00e9voqu\u00e9es par le groupe europ\u00e9en, dans l\u2019espoir notamment que Trump n\u2019ouvre pas la porte \u00e0 une concession territoriale \u2013\u00a0ce qu\u2019il a fait dans le pass\u00e9, se montrant contrari\u00e9 par le refus ukrainien d\u2019un \u00ab\u00a0\u00e9change\u00a0\u00bb de territoires. Pour mettre fin \u00e0 la guerre, Poutine demande que l\u2019Ukraine c\u00e8de quatre r\u00e9gions partiellement occup\u00e9es, en plus de la Crim\u00e9e, annex\u00e9e en 2014.<\/p>\n<p class=\"paragraph textModule textModule--type-paragraph \" style=\"\">La Russie occupe actuellement 20\u00a0% du territoire de l\u2019Ukraine.<\/p>\n<p class=\"paragraph textModule textModule--type-paragraph \" style=\"\">\u00ab\u00a0La Russie pourrait adoucir le ton, mais je ne vois pas comment elle pourrait redonner des territoires qu\u2019elle occupe actuellement\u00a0\u00bb, souligne Sarah Ann Oates, de l\u2019Universit\u00e9 du Maryland. L\u2019invasion russe \u00e0 grande \u00e9chelle a commenc\u00e9 en 2022, mais depuis 2014, les Ukrainiens d\u00e9fendent les r\u00e9gions ill\u00e9galement annex\u00e9es par leur voisin.<\/p>\n<p class=\"paragraph textModule textModule--type-paragraph \" style=\"\">\u00ab\u00a0Je ne sais pas ce qui serait acceptable pour les Ukrainiens, dit Mme\u00a0Oates. Il y a un \u00e9puisement physique et moral, mais aussi une col\u00e8re qui renforce la d\u00e9termination, apr\u00e8s avoir perdu tant de gens dans la guerre. Donc je ne pense pas qu\u2019ils seraient pr\u00eats \u00e0 capituler. Mais je ne suis pas s\u00fbre que Trump comprenne le nationalisme ukrainien.\u00a0\u00bb<\/p>\n<p class=\"paragraph textModule textModule--type-paragraph \" style=\"\">Le premier ministre du Canada, Mark Carney, a aussi particip\u00e9 \u00e0 une discussion mercredi avec d\u2019autres dirigeants de la \u00ab\u00a0Coalition des volontaires\u00a0\u00bb, les alli\u00e9s de l\u2019Ukraine, en pr\u00e9vision du sommet.<\/p>\n<p>                    \u00c0 quoi faut-il s\u2019attendre\u00a0?<\/p>\n<p class=\"paragraph textModule textModule--type-paragraph \" style=\"\">Le pr\u00e9sident am\u00e9ricain sera l\u00e0 pour \u00ab\u00a0\u00e9couter\u00a0\u00bb, a pr\u00e9cis\u00e9 la porte-parole de la Maison-Blanche, Karoline Leavitt.<\/p>\n<p class=\"paragraph textModule textModule--type-paragraph \" style=\"\">\u00ab\u00a0Il ne faudrait pas s\u2019attendre \u00e0 de r\u00e9els progr\u00e8s vers une r\u00e9solution du conflit, mais avec un peu de chance, il n\u2019y aura pas trop de d\u00e9g\u00e2ts pour compromettre l\u2019Ukraine\u00a0\u00bb, dit Mme\u00a0Fix.<\/p>\n<p>                                        <img decoding=\"async\" src=\"https:\/\/www.europesays.com\/fr\/wp-content\/uploads\/2025\/08\/cd619f976cab3df1ba243d2ac9cdbf6b.jpg\" alt=\"\" class=\"photoModule__visual\" itemprop=\"contentUrl url\"\/><\/p>\n<p class=\"credit photoModule__caption photoModule__caption--credit\" style=\"\">\n                    PHOTO NANNA HEITMANN, ARCHIVES THE NEW YORK TIMES\n                <\/p>\n<p class=\"description photoModule__caption photoModule__caption--description\" style=\"\">\n                    Le pr\u00e9sident russe, Vladimir Poutine\n                <\/p>\n<p class=\"paragraph textModule textModule--type-paragraph \" style=\"\">Il y aura de \u00ab\u00a0tr\u00e8s s\u00e9v\u00e8res cons\u00e9quences\u00a0\u00bb si Poutine n\u2019accepte pas de mettre fin \u00e0 la guerre apr\u00e8s la rencontre de vendredi, a menac\u00e9 Trump mercredi.<\/p>\n<p class=\"paragraph textModule textModule--type-paragraph \" style=\"\">\u00ab\u00a0Nous sommes dans un territoire diplomatique inusit\u00e9, et il est tr\u00e8s difficile de pr\u00e9voir ce que Trump pourrait faire\u00a0\u00bb, souligne Mme\u00a0Oates, rappelant sa rencontre houleuse avec Zelensky, \u00e0 la Maison-Blanche, en f\u00e9vrier.<\/p>\n<p>                    Qu\u2019est-ce que le sommet a d\u2019inhabituel\u00a0?<\/p>\n<p class=\"paragraph textModule textModule--type-paragraph \" style=\"\">\u00ab\u00a0Habituellement, \u00e7a prendrait plusieurs semaines pour organiser un tel sommet\u00a0\u00bb, dit Diddy Hitchins, professeure \u00e9m\u00e9rite de l\u2019Universit\u00e9 d\u2019Alaska \u00e0 Anchorage. Les diplomates \u00e9tudieraient tous les sc\u00e9narios possibles et les r\u00e9ponses \u00e0 donner, particuli\u00e8rement dans le cas d\u2019une r\u00e9solution \u00e0 une guerre, explique la sp\u00e9cialiste de la diplomatie et de la Russie. Mais Trump est connu pour sa spontan\u00e9it\u00e9, sa m\u00e9fiance des experts et sa confiance en ses propres capacit\u00e9s de n\u00e9gociateur.<\/p>\n<p class=\"paragraph textModule textModule--type-paragraph \" style=\"\">\u00ab\u00a0C\u2019est vu avec beaucoup d\u2019appr\u00e9hension par les Europ\u00e9ens parce que c\u2019est per\u00e7u comme une victoire en soi [pour la Russie], que Vladimir Poutine soit invit\u00e9 aux \u00c9tats-Unis pour un sommet bilat\u00e9ral de haut niveau, avec le pr\u00e9sident am\u00e9ricain, souligne Mme\u00a0Fix. Le simple fait que ce sommet soit organis\u00e9 sans concession s\u00e9rieuse pr\u00e9alable de la Russie est d\u00e9j\u00e0 vu comme un gain pour elle.\u00a0\u00bb<\/p>\n<p class=\"paragraph textModule textModule--type-paragraph \" style=\"\">Les forces russes ont acc\u00e9l\u00e9r\u00e9 leur offensive en Ukraine cette semaine, annon\u00e7ant avoir conquis plus de 110\u00a0km\u20602 \u2013\u00a0une premi\u00e8re depuis 2024, selon l\u2019Agence France-Presse<\/p>\n<p>                    Pourquoi l\u2019Alaska\u00a0?<\/p>\n<p class=\"paragraph textModule textModule--type-paragraph \" style=\"\">Poutine fait l\u2019objet de mandats d\u2019arr\u00eat de la Cour p\u00e9nale internationale. Les \u00c9tats-Unis n\u2019en sont pas membres et n\u2019ont donc pas l\u2019obligation de les faire appliquer, comme c\u2019est le cas au Canada, par exemple. <\/p>\n<p class=\"paragraph textModule textModule--type-paragraph \" style=\"\">\u00ab\u00a0L\u2019Alaska est l\u2019endroit le plus proche et le plus facile d\u2019acc\u00e8s pour Poutine sans passer par l\u2019espace a\u00e9rien international, note Mme\u00a0Hitchins. Donc, s\u2019il y avait un probl\u00e8me qui demande un atterrissage d\u2019urgence, l\u2019avion se trouverait dans l\u2019espace a\u00e9rien am\u00e9ricain ou russe.\u00a0\u00bb<\/p>\n<p class=\"paragraph textModule textModule--type-paragraph \" style=\"\">Le lieu a aussi valeur de symbole. La Russie a vendu le territoire aux \u00c9tats-Unis en 1867. C\u2019est un endroit \u00e9loign\u00e9 des grands centres, et qui n\u2019a pas le statut officiel de Washington.<\/p>\n<p class=\"signature textModule textModule--type-signature \" style=\"\">Avec l\u2019Agence France-Presse et La\u00a0Presse\u00a0Canadienne<\/p>\n","protected":false},"excerpt":{"rendered":"Les pr\u00e9sidents des \u00c9tats-Unis et de la Russie se rencontrent vendredi. M\u00eame si la Maison-Blanche d\u00e9peint le sommet&hellip;\n","protected":false},"author":2,"featured_media":317775,"comment_status":"","ping_status":"","sticky":false,"template":"","format":"standard","meta":{"footnotes":""},"categories":[1589],"tags":[11,73,1866,12,1864,1865,1863,308],"class_list":{"0":"post-317774","1":"post","2":"type-post","3":"status-publish","4":"format-standard","5":"has-post-thumbnail","7":"category-etats-unis","8":"tag-actualites","9":"tag-etats-unis","10":"tag-etats-unis-damerique","11":"tag-news","12":"tag-united-states","13":"tag-united-states-of-america","14":"tag-us","15":"tag-usa"},"share_on_mastodon":{"url":"https:\/\/pubeurope.com\/@fr\/115025196178094468","error":""},"_links":{"self":[{"href":"https:\/\/www.europesays.com\/fr\/wp-json\/wp\/v2\/posts\/317774","targetHints":{"allow":["GET"]}}],"collection":[{"href":"https:\/\/www.europesays.com\/fr\/wp-json\/wp\/v2\/posts"}],"about":[{"href":"https:\/\/www.europesays.com\/fr\/wp-json\/wp\/v2\/types\/post"}],"author":[{"embeddable":true,"href":"https:\/\/www.europesays.com\/fr\/wp-json\/wp\/v2\/users\/2"}],"replies":[{"embeddable":true,"href":"https:\/\/www.europesays.com\/fr\/wp-json\/wp\/v2\/comments?post=317774"}],"version-history":[{"count":0,"href":"https:\/\/www.europesays.com\/fr\/wp-json\/wp\/v2\/posts\/317774\/revisions"}],"wp:featuredmedia":[{"embeddable":true,"href":"https:\/\/www.europesays.com\/fr\/wp-json\/wp\/v2\/media\/317775"}],"wp:attachment":[{"href":"https:\/\/www.europesays.com\/fr\/wp-json\/wp\/v2\/media?parent=317774"}],"wp:term":[{"taxonomy":"category","embeddable":true,"href":"https:\/\/www.europesays.com\/fr\/wp-json\/wp\/v2\/categories?post=317774"},{"taxonomy":"post_tag","embeddable":true,"href":"https:\/\/www.europesays.com\/fr\/wp-json\/wp\/v2\/tags?post=317774"}],"curies":[{"name":"wp","href":"https:\/\/api.w.org\/{rel}","templated":true}]}}