{"id":317776,"date":"2025-08-14T04:19:11","date_gmt":"2025-08-14T04:19:11","guid":{"rendered":"https:\/\/www.europesays.com\/fr\/317776\/"},"modified":"2025-08-14T04:19:11","modified_gmt":"2025-08-14T04:19:11","slug":"le-sombre-presage-dun-professeur-du-kings-college-a-londres","status":"publish","type":"post","link":"https:\/\/www.europesays.com\/fr\/317776\/","title":{"rendered":"le sombre pr\u00e9sage d\u2019un professeur du King\u2019s College \u00e0 Londres"},"content":{"rendered":"<p>Dans une \u00e9tude publi\u00e9e dans le Military Strategy Magazine, le chercheur David Betz alerte sur la mont\u00e9e des tensions internes dans plusieurs pays occidentaux.<\/p>\n<p class=\"fig-paragraph\">La guerre est d\u00e9j\u00e0 en Europe, elle ravage l\u2019Ukraine depuis plus de trois ans. Mais c\u2019est une autre forme de conflit que proph\u00e9tise et conjure un \u00e9minent professeur du King\u2019s College \u00e0 Londres, l\u2019une des universit\u00e9s les plus r\u00e9put\u00e9es au monde dans la discipline des \u00abWar Studies\u00bb. Dans un article publi\u00e9 en ao\u00fbt dans la revue\u00a0<a href=\"https:\/\/www.militarystrategymagazine.com\/article\/civil-war-comes-to-the-west-part-ii-strategic-realities\/\" target=\"_blank\" rel=\"sponsored noopener nofollow\" data-gtm-custom-categorie=\"navigation\" data-gtm-custom-action=\"crossclick\" data-gtm-custom-label=\"Contextuel\" data-gtm-event=\"customEventSPE\">Military Strategy Magazine<\/a> ,\u00a0<a href=\"https:\/\/www.kcl.ac.uk\/people\/professor-david-j-betz\" target=\"_blank\" rel=\"sponsored noopener nofollow\" data-gtm-custom-categorie=\"navigation\" data-gtm-custom-action=\"crossclick\" data-gtm-custom-label=\"Contextuel\" data-gtm-event=\"customEventSPE\">David Betz<\/a>\u00a0met en garde contre le risque de guerres civiles dans les pays europ\u00e9ens, et particuli\u00e8rement en France ou au Royaume-Uni. Solidement argument\u00e9e, son \u00e9tude n\u2019est pas un billet d\u2019humeur ou une chronique apocalyptique, mais bien un article de recherche, scientifiquement approuv\u00e9 \u00abpar les pairs\u00bb.<\/p>\n<p class=\"fig-paragraph\">Alors que les menaces ext\u00e9rieures p\u00e8sent lourd dans l\u2019environnement &#8211; il y a peu encore, le g\u00e9n\u00e9ral Thierry Burkhard donnait une derni\u00e8re conf\u00e9rence de presse comme chef d\u2019\u00e9tat-major des arm\u00e9es sur les menaces russe, iranienne et chinoise -, le chercheur britannique argue que le principal danger pourrait en r\u00e9alit\u00e9 venir de l\u2019int\u00e9rieur. Longtemps\u2026<\/p>\n<p class=\"fig-premium-paywall__infos\">\n        Cet article est r\u00e9serv\u00e9 aux abonn\u00e9s.        Il vous reste 89% \u00e0 d\u00e9couvrir.\n    <\/p>\n<p>                <img  data- alt=\"Le Figaro\" class=\"fig-img--complete fig-img\"\/><\/p>\n<p class=\"fig-premium-paywall__title\">Vente Flash<\/p>\n<p class=\"fig-premium-paywall__subtitle\">4,99\u20ac par mois pendant 12 mois. Sans engagement<\/p>\n<p class=\"fig-premium-paywall__connect\">\n                D\u00e9j\u00e0 abonn\u00e9\u00a0?                <a class=\"fig-premium-paywall__connect-link\" href=\"https:\/\/connect.lefigaro.fr\/login?client=horizon_web&amp;type=main&amp;redirect_uri=https%3A%2F%2Fwww.lefigaro.fr%2Factualite-france%2Fguerre-civile-en-france-et-au-royaume-uni-le-sombre-presage-d-un-professeur-du-king-s-college-a-londres-20250814\" data-js-gtm=\"{&quot;customCategorie&quot;: &quot;conversion&quot;, &quot;customAction&quot;: &quot;before_Landing_Connexion_paywall_auto&quot;, &quot;customLabel&quot;: &quot;bGVmaWdhcm8uZnJfXzFmMDc3ODNjLWRjNTItNjJlZS05M2UyLWVmNmJlNTk3ZWFkMV9fQXJ0aWNsZQ==_Guerre civile en France et au Royaume-Uni\u00a0: le sombre pr\u00e9sage d\u2019un professeur du King\u2019s College \u00e0 Londres_341&quot;, &quot;customIDSPE&quot;: &quot;bGVmaWdhcm8uZnJfXzFmMDc3ODNjLWRjNTItNjJlZS05M2UyLWVmNmJlNTk3ZWFkMV9fQXJ0aWNsZQ==&quot;, &quot;event&quot;: &quot;customEventSPE&quot;}\" rel=\"nofollow noopener\" target=\"_blank\"><br \/>\n                    Connectez-vous<br \/>\n                <\/a>\n            <\/p>\n","protected":false},"excerpt":{"rendered":"Dans une \u00e9tude publi\u00e9e dans le Military Strategy Magazine, le chercheur David Betz alerte sur la mont\u00e9e des&hellip;\n","protected":false},"author":2,"featured_media":317777,"comment_status":"","ping_status":"","sticky":false,"template":"","format":"standard","meta":{"footnotes":""},"categories":[1588],"tags":[11,1777,674,27,23483,1061,12,473,1853,1851,1850,1852],"class_list":{"0":"post-317776","1":"post","2":"type-post","3":"status-publish","4":"format-standard","5":"has-post-thumbnail","7":"category-royaume-uni","8":"tag-actualites","9":"tag-eu","10":"tag-europe","11":"tag-france","12":"tag-guerre-civile","13":"tag-immigration","14":"tag-news","15":"tag-royaume-uni","16":"tag-royaume-uni-de-grande-bretagne-et-dirlande-du-nord","17":"tag-uk","18":"tag-united-kingdom","19":"tag-united-kingdom-of-great-britain-and-northern-ireland"},"share_on_mastodon":{"url":"https:\/\/pubeurope.com\/@fr\/115025199959528961","error":""},"_links":{"self":[{"href":"https:\/\/www.europesays.com\/fr\/wp-json\/wp\/v2\/posts\/317776","targetHints":{"allow":["GET"]}}],"collection":[{"href":"https:\/\/www.europesays.com\/fr\/wp-json\/wp\/v2\/posts"}],"about":[{"href":"https:\/\/www.europesays.com\/fr\/wp-json\/wp\/v2\/types\/post"}],"author":[{"embeddable":true,"href":"https:\/\/www.europesays.com\/fr\/wp-json\/wp\/v2\/users\/2"}],"replies":[{"embeddable":true,"href":"https:\/\/www.europesays.com\/fr\/wp-json\/wp\/v2\/comments?post=317776"}],"version-history":[{"count":0,"href":"https:\/\/www.europesays.com\/fr\/wp-json\/wp\/v2\/posts\/317776\/revisions"}],"wp:featuredmedia":[{"embeddable":true,"href":"https:\/\/www.europesays.com\/fr\/wp-json\/wp\/v2\/media\/317777"}],"wp:attachment":[{"href":"https:\/\/www.europesays.com\/fr\/wp-json\/wp\/v2\/media?parent=317776"}],"wp:term":[{"taxonomy":"category","embeddable":true,"href":"https:\/\/www.europesays.com\/fr\/wp-json\/wp\/v2\/categories?post=317776"},{"taxonomy":"post_tag","embeddable":true,"href":"https:\/\/www.europesays.com\/fr\/wp-json\/wp\/v2\/tags?post=317776"}],"curies":[{"name":"wp","href":"https:\/\/api.w.org\/{rel}","templated":true}]}}