{"id":317778,"date":"2025-08-14T04:20:10","date_gmt":"2025-08-14T04:20:10","guid":{"rendered":"https:\/\/www.europesays.com\/fr\/317778\/"},"modified":"2025-08-14T04:20:10","modified_gmt":"2025-08-14T04:20:10","slug":"lafd-au-sommet-dans-les-sondages-la-coalition-merz-spd-au-plus-bas","status":"publish","type":"post","link":"https:\/\/www.europesays.com\/fr\/317778\/","title":{"rendered":"l\u2019AfD au sommet dans les sondages, la coalition Merz-SPD au plus bas"},"content":{"rendered":"<p style=\"text-align: justify;\">En Allemagne, le parti Alternative f\u00fcr Deutschland (AfD), formation oppos\u00e9e \u00e0 l\u2019immigration de masse, <a href=\"https:\/\/www.welt.de\/politik\/deutschland\/article689b12ceb7e38d4fabb20857\/Umfrage-AfD-erreicht-in-Umfrage-Rekordwert-Schwarz-Rot-auf-neuem-Tiefpunkt.html\" rel=\"nofollow noopener\" target=\"_blank\">enregistre un record historique d\u2019intentions de vote<\/a>, surpassant toutes les autres forces politiques, tandis que la coalition au pouvoir s\u2019enfonce dans l\u2019impopularit\u00e9.<\/p>\n<p>Un record de popularit\u00e9 pour l\u2019AfD<\/p>\n<p style=\"text-align: justify;\">Selon un sondage de l\u2019institut Forsa r\u00e9alis\u00e9 pour RTL Deutschland aupr\u00e8s de 2 505 \u00e9lecteurs allemands, l\u2019AfD progresse encore de deux points pour atteindre\u00a0<strong>26 %<\/strong>\u00a0des intentions de vote, soit son plus haut niveau jamais enregistr\u00e9. Le parti devance d\u00e9sormais l\u2019Union CDU\/CSU du chancelier\u00a0<strong>Friedrich Merz<\/strong>, cr\u00e9dit\u00e9e de\u00a0<strong>24 %<\/strong>.<\/p>\n<p style=\"text-align: justify;\">La coalition gouvernementale, compos\u00e9e de l\u2019Union chr\u00e9tienne-d\u00e9mocrate et des sociaux-d\u00e9mocrates du SPD, tombe \u00e0 un\u00a0<strong>score combin\u00e9 de 37 %<\/strong>, avec un SPD en chute libre \u00e0\u00a0<strong>13 %<\/strong>\u00a0\u2013 \u00e0 \u00e9galit\u00e9 avec les Verts et \u00e0 peine devant la gauche radicale de Die Linke.<\/p>\n<p>M\u00e9contentement g\u00e9n\u00e9ralis\u00e9 envers le chancelier Merz<\/p>\n<p style=\"text-align: justify;\">\u00c0 l\u2019issue des cent premiers jours de son gouvernement,\u00a0<strong>Friedrich Merz<\/strong>\u00a0enregistre un taux d\u2019approbation de seulement\u00a0<strong>29 %<\/strong>, contre 67 % d\u2019opinions n\u00e9gatives. Les sond\u00e9s expriment un pessimisme croissant :<\/p>\n<ul style=\"text-align: justify;\">\n<li>Seuls\u00a0<strong>14 %<\/strong>\u00a0pensent que la situation \u00e9conomique s\u2019am\u00e9liorera.<\/li>\n<li><strong>62 %<\/strong>\u00a0estiment au contraire qu\u2019elle va continuer \u00e0 se d\u00e9grader.<\/li>\n<li>La moiti\u00e9 des \u00e9lecteurs jugent qu\u2019aucun parti politique n\u2019a aujourd\u2019hui les comp\u00e9tences n\u00e9cessaires pour redresser le pays.<\/li>\n<\/ul>\n<p style=\"text-align: justify;\">Face \u00e0 cette morosit\u00e9,\u00a0<strong>43 %<\/strong>\u00a0des Allemands consid\u00e8rent que la coalition ne tiendra pas jusqu\u2019au terme pr\u00e9vu de 2027. Les comparaisons avec l\u2019ancienne alliance SPD-Verts-FDP (\u00ab feu tricolore \u00bb) sont peu flatteuses : en mars 2022, le gouvernement Scholz b\u00e9n\u00e9ficiait encore de 75 % d\u2019opinions favorables et de 73 % de satisfaction pour le chancelier\u2026 avant de s\u2019effondrer politiquement.<\/p>\n<p style=\"text-align: justify;\">L\u2019ex\u00e9cutif actuel semble sur un terrain encore plus instable. La pr\u00e9c\u00e9dente coalition avait fini par imploser en 2024, peu apr\u00e8s l\u2019\u00e9lection de Donald Trump aux \u00c9tats-Unis, le SPD terminant troisi\u00e8me aux \u00e9lections de f\u00e9vrier derri\u00e8re la CDU\/CSU et l\u2019AfD.<\/p>\n<p style=\"text-align: justify;\">Malgr\u00e9 la d\u00e9route \u00e9lectorale du SPD,\u00a0<strong>Friedrich Merz<\/strong>\u00a0a choisi de s\u2019allier avec les sociaux-d\u00e9mocrates plut\u00f4t que de former un gouvernement de droite avec l\u2019AfD, perp\u00e9tuant le \u201ccordon sanitaire\u201d contre le parti populiste.<\/p>\n<p style=\"text-align: justify;\">Le gouvernement ne se contente pas de l\u2019isoler politiquement. Un rapport du\u00a0<strong>BfV<\/strong> (Office f\u00e9d\u00e9ral pour la protection de la Constitution) publi\u00e9 plus t\u00f4t cette ann\u00e9e a class\u00e9 l\u2019AfD comme \u201corganisation d\u2019extr\u00eame droite\u201d, laissant entrevoir la possibilit\u00e9 d\u2019une proc\u00e9dure d\u2019interdiction pure et simple. Avant qu\u2019une partie des allemands, notamment \u00e0 l\u2019Est, ne se r\u00e9voltent contre les autorit\u00e9s ?<\/p>\n<p style=\"text-align: justify;\">Cr\u00e9dit photo : DR<br \/>[cc] Breizh-info.com, 2025, d\u00e9p\u00eaches libres de copie et de diffusion sous r\u00e9serve de mention et de lien vers la source d\u2019origine<\/p>\n","protected":false},"excerpt":{"rendered":"En Allemagne, le parti Alternative f\u00fcr Deutschland (AfD), formation oppos\u00e9e \u00e0 l\u2019immigration de masse, enregistre un record historique&hellip;\n","protected":false},"author":2,"featured_media":317779,"comment_status":"","ping_status":"","sticky":false,"template":"","format":"standard","meta":{"footnotes":""},"categories":[1587],"tags":[11,1862,672,1804,1805,1803,1777,674,1801,12,1802],"class_list":{"0":"post-317778","1":"post","2":"type-post","3":"status-publish","4":"format-standard","5":"has-post-thumbnail","7":"category-allemagne","8":"tag-actualites","9":"tag-afd","10":"tag-allemagne","11":"tag-bundesrepublik-deutschland","12":"tag-de","13":"tag-deutschland","14":"tag-eu","15":"tag-europe","16":"tag-germany","17":"tag-news","18":"tag-republique-federale-dallemagne"},"share_on_mastodon":{"url":"https:\/\/pubeurope.com\/@fr\/115025203966624440","error":""},"_links":{"self":[{"href":"https:\/\/www.europesays.com\/fr\/wp-json\/wp\/v2\/posts\/317778","targetHints":{"allow":["GET"]}}],"collection":[{"href":"https:\/\/www.europesays.com\/fr\/wp-json\/wp\/v2\/posts"}],"about":[{"href":"https:\/\/www.europesays.com\/fr\/wp-json\/wp\/v2\/types\/post"}],"author":[{"embeddable":true,"href":"https:\/\/www.europesays.com\/fr\/wp-json\/wp\/v2\/users\/2"}],"replies":[{"embeddable":true,"href":"https:\/\/www.europesays.com\/fr\/wp-json\/wp\/v2\/comments?post=317778"}],"version-history":[{"count":0,"href":"https:\/\/www.europesays.com\/fr\/wp-json\/wp\/v2\/posts\/317778\/revisions"}],"wp:featuredmedia":[{"embeddable":true,"href":"https:\/\/www.europesays.com\/fr\/wp-json\/wp\/v2\/media\/317779"}],"wp:attachment":[{"href":"https:\/\/www.europesays.com\/fr\/wp-json\/wp\/v2\/media?parent=317778"}],"wp:term":[{"taxonomy":"category","embeddable":true,"href":"https:\/\/www.europesays.com\/fr\/wp-json\/wp\/v2\/categories?post=317778"},{"taxonomy":"post_tag","embeddable":true,"href":"https:\/\/www.europesays.com\/fr\/wp-json\/wp\/v2\/tags?post=317778"}],"curies":[{"name":"wp","href":"https:\/\/api.w.org\/{rel}","templated":true}]}}