{"id":317786,"date":"2025-08-14T04:25:13","date_gmt":"2025-08-14T04:25:13","guid":{"rendered":"https:\/\/www.europesays.com\/fr\/317786\/"},"modified":"2025-08-14T04:25:13","modified_gmt":"2025-08-14T04:25:13","slug":"meteo-france-leve-la-vigilance-rouge-dans-lhexagone-avant-un-nouveau-pic-de-chaleur","status":"publish","type":"post","link":"https:\/\/www.europesays.com\/fr\/317786\/","title":{"rendered":"M\u00e9t\u00e9o France l\u00e8ve la vigilance rouge dans l\u2019Hexagone, avant un nouveau pic de chaleur"},"content":{"rendered":"<p>        <img decoding=\"async\" loading=\"lazy\" src=\"https:\/\/www.europesays.com\/fr\/wp-content\/uploads\/2025\/08\/803644e_upload-1-hf0wr6mq8xej-design-sans-titre-4.jpg\"  width=\"728\" height=\"410\" alt=\"M\u00e9t\u00e9o France l\u00e8ve la vigilance rouge dans l\u2019Hexagone, avant un nouveau pic de chaleur\"\/>  <\/p>\n<p>M\u00e9t\u00e9o France<\/p>\n<p>M\u00e9t\u00e9o France l\u00e8ve la vigilance rouge dans l\u2019Hexagone, avant un nouveau pic de chaleur<\/p>\n<p class=\"asset asset-text\">M\u00c9T\u00c9O &#8211; Un (court) r\u00e9pit. La <a href=\"https:\/\/www.huffingtonpost.fr\/france\/article\/vigilance-rouge-canicule-quatorze-departements-en-alerte-ce-mardi-la-vigilance-maintenue-demain_253494.html\" target=\"_blank\" rel=\"noopener\">vigilance rouge<\/a> maximale est lev\u00e9e partout dans l\u2019Hexagone ce jeudi 14\u00a0ao\u00fbt, rapporte le dernier bulletin de M\u00e9t\u00e9o France publi\u00e9 \u00e0 6\u00a0heures La France restera soumise \u00e0 un temps tr\u00e8s chaud, avec une vigilance orange <a href=\"https:\/\/www.huffingtonpost.fr\/life\/article\/pendant-la-canicule-les-nuits-tropicales-font-encore-plus-de-mal-a-votre-corps-que-les-journees-clx1_252041.html\" target=\"_blank\" rel=\"noopener\">canicule <\/a>pour les trois quarts du pays. De plus, le mercure va repartir largement \u00e0 la hausse pour le week-end du 15\u00a0ao\u00fbt, avec un pic remarquable attendu samedi.<\/p>\n<p class=\"asset asset-text\">La Rh\u00f4ne, Dr\u00f4me, Ard\u00e8che, Is\u00e8re et Aude sont repass\u00e9s en vigilance orange ce jeudi \u00e0 6\u00a0heures Au total, 75\u00a0d\u00e9partements sont plac\u00e9s en alerte orange ce jeudi. Vendredi, M\u00e9t\u00e9o France place \u00e0 ce stade 80\u00a0d\u00e9partements en vigilance orange.<\/p>\n<p class=\"asset asset-text\">C\u00f4t\u00e9 temp\u00e9ratures, la chaleur persiste \u00ab\u00a0avec des minimales proches ou sup\u00e9rieures \u00e0 20 degr\u00e9s sur une large partie sud et est du pays\u00a0\u00bb, indique l\u2019organisme m\u00e9t\u00e9orologique. Et les 40\u00a0degr\u00e9s pourraient \u00eatre atteints \u00ab\u00a0sur le Languedoc et PACA et plus localement en Charente.\u00a0\u00bb<\/p>\n<p>    Les orages menacent en altitude    <\/p>\n<p class=\"asset asset-text\">Outre les temp\u00e9ratures \u00e9lev\u00e9es, M\u00e9t\u00e9o France met en garde sur les risques de forts orages\u00a0: \u00ab\u00a0En montagne, des orages \u00e9clatent rapidement l\u2019apr\u00e8s-midi, du Jura aux Alpes, l\u2019est du Massif central, les Pyr\u00e9n\u00e9es et la Corse\u00a0\u00bb. Et souligne la survenue de \u00ab\u00a0forts cumuls\u00a0de pluie\u00a0\u00bb possibles \u00ab\u00a0en peu de temps\u00a0\u00bb dans les Alpes du sud.<\/p>\n<p> La lecture de ce contenu est susceptible d\u2019entra\u00eener un d\u00e9p\u00f4t de cookies de la part de l\u2019op\u00e9rateur tiers qui l\u2019h\u00e9berge. Compte-tenu des choix que vous avez exprim\u00e9s en mati\u00e8re de d\u00e9p\u00f4t de cookies, nous avons bloqu\u00e9 l\u2019affichage de ce contenu. Si vous souhaitez y acc\u00e9der, vous devez accepter la cat\u00e9gorie de cookies \u201cContenus tiers\u201d en cliquant sur le bouton ci-dessous. <\/p>\n<p> Lire la Vid\u00e9o        <\/p>\n<p class=\"asset asset-text\">Plusieurs \u00e9pisodes de pollution \u00e0 l\u2019ozone sont par ailleurs signal\u00e9s, notamment en \u00cele-de-France, accentuant les risques sanitaires. Des restrictions li\u00e9es \u00e0 la s\u00e9cheresse ont \u00e9galement \u00e9t\u00e9 prises dans certains d\u00e9partements comme le Puy-de-D\u00f4me.<\/p>\n<p>    Vers une vague de chaleur \u00ab\u00a0comparable\u00a0\u00bb \u00e0 2003\u00a0dans le Sud-Ouest    <\/p>\n<p class=\"asset asset-text\">La France subit depuis vendredi sa 51e vague de chaleur depuis 1947 et sa deuxi\u00e8me de l\u2019\u00e9t\u00e9 2025. Selon M\u00e9t\u00e9o-France, elle devrait se poursuivre en fin de semaine avec \u00ab\u00a0un nouveau pic caniculaire attendu pour le week-end du 15\u00a0ao\u00fbt\u00a0\u00bb.<\/p>\n<p class=\"asset asset-text\">Cette r\u00e9surgence de la canicule serait due \u00e0 \u00ab\u00a0une nouvelle zone de hautes pressions\u00a0\u00bb qui\u00a0va s\u2019\u00e9tablir sur l\u2019Europe occidentale, \u00ab\u00a0avec un effet d\u00f4me de chaleur inh\u00e9rent \u00e0 ce genre de situation\u00a0\u00bb. De quoi faire dire \u00e0 l\u2019institut m\u00e9t\u00e9orologique que dans le Sud-Ouest, \u00ab\u00a0la vague de chaleur s\u2019annonce comparable en intensit\u00e9 et en dur\u00e9e \u00e0 celle d\u2019ao\u00fbt\u00a02003\u00a0\u00bb.<\/p>\n","protected":false},"excerpt":{"rendered":"M\u00e9t\u00e9o France M\u00e9t\u00e9o France l\u00e8ve la vigilance rouge dans l\u2019Hexagone, avant un nouveau pic de chaleur M\u00c9T\u00c9O &#8211;&hellip;\n","protected":false},"author":2,"featured_media":317787,"comment_status":"","ping_status":"","sticky":false,"template":"","format":"standard","meta":{"footnotes":""},"categories":[4],"tags":[11,6698,13208,1011,27,2487,2357,12,25],"class_list":{"0":"post-317786","1":"post","2":"type-post","3":"status-publish","4":"format-standard","5":"has-post-thumbnail","7":"category-france","8":"tag-actualites","9":"tag-canicule","10":"tag-chaleur","11":"tag-fr","12":"tag-france","13":"tag-meteo","14":"tag-meteo-france","15":"tag-news","16":"tag-republique-francaise"},"share_on_mastodon":{"url":"https:\/\/pubeurope.com\/@fr\/115025223598644973","error":""},"_links":{"self":[{"href":"https:\/\/www.europesays.com\/fr\/wp-json\/wp\/v2\/posts\/317786","targetHints":{"allow":["GET"]}}],"collection":[{"href":"https:\/\/www.europesays.com\/fr\/wp-json\/wp\/v2\/posts"}],"about":[{"href":"https:\/\/www.europesays.com\/fr\/wp-json\/wp\/v2\/types\/post"}],"author":[{"embeddable":true,"href":"https:\/\/www.europesays.com\/fr\/wp-json\/wp\/v2\/users\/2"}],"replies":[{"embeddable":true,"href":"https:\/\/www.europesays.com\/fr\/wp-json\/wp\/v2\/comments?post=317786"}],"version-history":[{"count":0,"href":"https:\/\/www.europesays.com\/fr\/wp-json\/wp\/v2\/posts\/317786\/revisions"}],"wp:featuredmedia":[{"embeddable":true,"href":"https:\/\/www.europesays.com\/fr\/wp-json\/wp\/v2\/media\/317787"}],"wp:attachment":[{"href":"https:\/\/www.europesays.com\/fr\/wp-json\/wp\/v2\/media?parent=317786"}],"wp:term":[{"taxonomy":"category","embeddable":true,"href":"https:\/\/www.europesays.com\/fr\/wp-json\/wp\/v2\/categories?post=317786"},{"taxonomy":"post_tag","embeddable":true,"href":"https:\/\/www.europesays.com\/fr\/wp-json\/wp\/v2\/tags?post=317786"}],"curies":[{"name":"wp","href":"https:\/\/api.w.org\/{rel}","templated":true}]}}