{"id":317788,"date":"2025-08-14T04:28:12","date_gmt":"2025-08-14T04:28:12","guid":{"rendered":"https:\/\/www.europesays.com\/fr\/317788\/"},"modified":"2025-08-14T04:28:12","modified_gmt":"2025-08-14T04:28:12","slug":"la-grande-determination-de-marcos-kremer-avant-de-defier-les-all-blacks","status":"publish","type":"post","link":"https:\/\/www.europesays.com\/fr\/317788\/","title":{"rendered":"La grande d\u00e9termination de Marcos Kremer avant de d\u00e9fier les All-Blacks"},"content":{"rendered":"<p>De retour avec les Pumas pour affronter la Nouvelle-Z\u00e9lande, Marcos Kremer a pris la parole. Pour lui, les All Blacks sont au rugby ce que l\u2019\u00e9quipe nationale de football est \u00e0 l\u2019Argentine.<\/p>\n<p>Bless\u00e9 lors de l\u2019ouverture du Rugby Championship, le troisi\u00e8me-ligne argentin s\u2019appr\u00eate \u00e0 retrouver le terrain ce samedi. Un rendez-vous qu\u2019il attend avec impatience, face \u00e0 un adversaire qu\u2019il admire depuis toujours.<\/p>\n<p>\u00ab Ce que j\u2019admire chez les All Blacks, c\u2019est leur culture, leur passion pour le rugby. Donc, en tant qu\u2019Argentin, m\u00eame si vous \u00eates en meilleure forme qu\u2019eux, vous les respecterez toujours, car ce sont les All Blacks. C\u2019est comme ce que toute \u00e9quipe de football doit affronter face \u00e0 l\u2019Argentine \u00bb, a confi\u00e9 Kremer.<\/p>\n<p><strong>L\u2019international argentin sait que la rencontre pourrait se jouer sur des d\u00e9tails :<\/strong><\/p>\n<p>\u00ab Ce sera un grand match. Nous sommes chez nous, avec nos compatriotes, \u00e0 Cordoue, un endroit o\u00f9 le rugby est omnipr\u00e9sent. Je pense que pour l\u2019instant, tout se jouera dans les derni\u00e8res minutes, avec une l\u00e9g\u00e8re diff\u00e9rence entre les \u00e9quipes, en fonction de l\u2019\u00e9volution des choses et de l\u2019\u00e9tat d\u2019esprit de chaque \u00e9quipe pendant la semaine. Ce sera la cl\u00e9. \u00bb<\/p>\n<p><strong>Des renforts de taille pour les Pumas<\/strong><\/p>\n<p>Rest\u00e9 sur la touche face \u00e0 l\u2019Angleterre et l\u2019Uruguay en juin, Kremer retrouve le maillot argentin aux c\u00f4t\u00e9s de plusieurs cadres : Mateo Carreras, Santiago Chocobares, Bautista Delguy, Juan Cruz Mallia et Ignazio Ruiz.<\/p>\n<p>En revanche, Emiliano Boffelli, Thomas Gallo et Benjamin Grondona manquent toujours \u00e0 l\u2019appel sur blessure.<\/p>\n<p><strong>Conscient de l\u2019importance du d\u00e9fi, Kremer appelle \u00e0 la s\u00e9r\u00e9nit\u00e9 et \u00e0 la pr\u00e9cision :<\/strong><\/p>\n<p>\u00ab Nous devons nous donner \u00e0 fond, mettre notre nervosit\u00e9 de c\u00f4t\u00e9 et nous concentrer sur le rugby, que nous ma\u00eetrisons. Nous avons les qualit\u00e9s requises, nous avons les joueurs. On sait que si les attaquants sont performants, on a des joueurs derri\u00e8re qui vont nous permettre de jouer un peu plus, donc on verra samedi. En attendant, il faut rester calme. Il y a du travail \u00e0 faire, il faut donc peaufiner les d\u00e9tails et \u00eatre pr\u00eats pour le week-end. \u00bb<\/p>\n","protected":false},"excerpt":{"rendered":"De retour avec les Pumas pour affronter la Nouvelle-Z\u00e9lande, Marcos Kremer a pris la parole. Pour lui, les&hellip;\n","protected":false},"author":2,"featured_media":317789,"comment_status":"","ping_status":"","sticky":false,"template":"","format":"standard","meta":{"footnotes":""},"categories":[1416],"tags":[1011,27,479,1468,60],"class_list":{"0":"post-317788","1":"post","2":"type-post","3":"status-publish","4":"format-standard","5":"has-post-thumbnail","7":"category-rugby","8":"tag-fr","9":"tag-france","10":"tag-rugby","11":"tag-rugby-football","12":"tag-sports"},"share_on_mastodon":{"url":"https:\/\/pubeurope.com\/@fr\/115025235370935180","error":""},"_links":{"self":[{"href":"https:\/\/www.europesays.com\/fr\/wp-json\/wp\/v2\/posts\/317788","targetHints":{"allow":["GET"]}}],"collection":[{"href":"https:\/\/www.europesays.com\/fr\/wp-json\/wp\/v2\/posts"}],"about":[{"href":"https:\/\/www.europesays.com\/fr\/wp-json\/wp\/v2\/types\/post"}],"author":[{"embeddable":true,"href":"https:\/\/www.europesays.com\/fr\/wp-json\/wp\/v2\/users\/2"}],"replies":[{"embeddable":true,"href":"https:\/\/www.europesays.com\/fr\/wp-json\/wp\/v2\/comments?post=317788"}],"version-history":[{"count":0,"href":"https:\/\/www.europesays.com\/fr\/wp-json\/wp\/v2\/posts\/317788\/revisions"}],"wp:featuredmedia":[{"embeddable":true,"href":"https:\/\/www.europesays.com\/fr\/wp-json\/wp\/v2\/media\/317789"}],"wp:attachment":[{"href":"https:\/\/www.europesays.com\/fr\/wp-json\/wp\/v2\/media?parent=317788"}],"wp:term":[{"taxonomy":"category","embeddable":true,"href":"https:\/\/www.europesays.com\/fr\/wp-json\/wp\/v2\/categories?post=317788"},{"taxonomy":"post_tag","embeddable":true,"href":"https:\/\/www.europesays.com\/fr\/wp-json\/wp\/v2\/tags?post=317788"}],"curies":[{"name":"wp","href":"https:\/\/api.w.org\/{rel}","templated":true}]}}