{"id":317791,"date":"2025-08-14T04:31:09","date_gmt":"2025-08-14T04:31:09","guid":{"rendered":"https:\/\/www.europesays.com\/fr\/317791\/"},"modified":"2025-08-14T04:31:09","modified_gmt":"2025-08-14T04:31:09","slug":"motogp-horaires-du-grand-prix-dautriche-manche-de-rentree-cette-annee","status":"publish","type":"post","link":"https:\/\/www.europesays.com\/fr\/317791\/","title":{"rendered":"MotoGP Horaires du Grand-Prix d&rsquo;Autriche, manche de rentr\u00e9e cette ann\u00e9e !"},"content":{"rendered":"<p>Rentr\u00e9e des classes ce week-end, pour la MotoGP, avec le Grand-Prix d\u2019Autriche 2025. Et c\u2019est sur les terres de Red Bull que les r\u00e9jouissances vont reprendre avec une attention toute particuli\u00e8re pos\u00e9e sur les \u00e9curies KTM. Toutefois, le ma\u00eetre des lieux est bel et bien Francesco Bagnaia, vainqueur des derni\u00e8res \u00e9ditions, sur le Red Bull Ring. Alors, cette rentr\u00e9e va-t-elle, enfin, remettre Pecco sur les bons rails, face \u00e0 son dominateur co\u00e9quipier ?<\/p>\n<p>MotoGP : de nombreux pr\u00e9tendants mais un seul patron ?<\/p>\n<p>Tout le monde l\u2019esp\u00e8re mais personne n\u2019y croit vraiment. A Spielberg ce week-end, un v\u00e9ritable duel entre les deux pilotes officiels de Ducati est attendu avec, toujours, ce diable d\u2019Alex Marquez, deuxi\u00e8me du classement des pilotes. Sachant que quelques gouttes de pluie pourraient venir perturber les d\u00e9bats, au cours du week-end. Mais, tr\u00e8s clairement, dans le cas o\u00f9 le vice-champion du monde en titre ne serait pas au niveau en Autriche, ses chances de redresser la barre cette saison seraient quasiment nulles. Car ces derni\u00e8res saisons, l\u2019int\u00e9ress\u00e9 disposait d\u2019un truc en plus, sur le <a href=\"https:\/\/lemagsportauto.ouest-france.fr\/tag\/red-bull-ring\/\" target=\"_blank\" rel=\"noopener\">Red Bull Ring<\/a>\u2026<\/p>\n<p>Reste qu\u2019avec une moto qui ne lui convient pas, Pecco ne fera peut-\u00eatre pas de miracle ici non plus. D\u2019autant qu\u2019en face, Marc Marquez parait tout bonnement invincible, quel que soit le circuit fr\u00e9quent\u00e9. Nous comptons toutefois sur la concurrence pour pimenter un peu les d\u00e9bats. Fabio di Giannantonio et Franco Morbidelli, bien s\u00fbr. Mais aussi, Fermin Aldeguer, Marco Bezzecchi, les KTM, Johann Zarco, Fabio Quartararo et, pourquoi pas, Jorge Martin !?<\/p>\n<\/p>\n<p>L\u2019Espagnol, champion du monde en titre dans la cat\u00e9gorie reine, s\u2019\u00e9tait d\u2019ailleurs \u00e9lanc\u00e9 en pole position, la saison pass\u00e9e. La preuve qu\u2019il est plut\u00f4t \u00e0 l\u2019aise, lui aussi, sur ce circuit. En attendant le coup d\u2019envoi avec les essais libres 1, voici le programme complet de ce Grand-Prix d\u2019Autriche de MotoGP 2025.<\/p>\n<p><strong>Vendredi 15 ao\u00fbt 2025<\/strong><\/p>\n<p>Essais libres 1 : 10h35, en direct sur Canal+ 360<\/p>\n<p>Essais : 14h50, en direct sur Canal+ 360<\/p>\n<p><strong>Samedi 16 ao\u00fbt 2025<\/strong><\/p>\n<p>Essais libres 3 : 10h00, en direct sur Canal+ 360<\/p>\n<p>Qualification : 10h45, en direct sur Canal+ 360<\/p>\n<p>Sprint : 14h55, en direct sur Canal+ 360<\/p>\n<p><strong>Dimanche 17 ao\u00fbt 2025<\/strong><\/p>\n<p>Warm-up : 9h35, en direct sur Canal+ 360<\/p>\n<p>Course : 13h57, en direct sur Canal+ 360<\/p>\n<blockquote class=\"twitter-tweet\">\n<p dir=\"ltr\" lang=\"en\"><a href=\"https:\/\/twitter.com\/hashtag\/MotoGP?src=hash&amp;ref_src=twsrc%5Etfw\" target=\"_blank\" rel=\"noopener\">#MotoGP<\/a> is BACK! \ud83c\udf89<\/p>\n<p>It\u2019s <a href=\"https:\/\/twitter.com\/hashtag\/AustrianGP?src=hash&amp;ref_src=twsrc%5Etfw\" target=\"_blank\" rel=\"noopener\">#AustrianGP<\/a> week \ud83c\udde6\ud83c\uddf9 and the Red Bull Ring is calling! \u260e\ufe0f<\/p>\n<p>Here\u2019s when to tune in \ud83d\udd25\u23f0 <a href=\"https:\/\/t.co\/xQBQE9KcNi\">pic.twitter.com\/xQBQE9KcNi<\/a><\/p>\n<p>\u2014 MotoGP\u2122\ud83c\udfc1 (@MotoGP) <a href=\"https:\/\/twitter.com\/MotoGP\/status\/1954799946361925634?ref_src=twsrc%5Etfw\" target=\"_blank\" rel=\"noopener\">August 11, 2025<\/a><\/p>\n<\/blockquote>\n<p>Article publi\u00e9 le 14\/08\/2025 \u00e0 6h25<\/p>\n<p>                                                            <script async src=\"https:\/\/platform.twitter.com\/widgets.js\" charset=\"utf-8\"><\/script><\/p>\n","protected":false},"excerpt":{"rendered":"Rentr\u00e9e des classes ce week-end, pour la MotoGP, avec le Grand-Prix d\u2019Autriche 2025. Et c\u2019est sur les terres&hellip;\n","protected":false},"author":2,"featured_media":317792,"comment_status":"","ping_status":"","sticky":false,"template":"","format":"standard","meta":{"footnotes":""},"categories":[1413],"tags":[1011,27,10093,1457,1456,1458,60],"class_list":{"0":"post-317791","1":"post","2":"type-post","3":"status-publish","4":"format-standard","5":"has-post-thumbnail","7":"category-moto","8":"tag-fr","9":"tag-france","10":"tag-horaires","11":"tag-moto","12":"tag-motocycle","13":"tag-motogp","14":"tag-sports"},"share_on_mastodon":{"url":"https:\/\/pubeurope.com\/@fr\/115025247171255031","error":""},"_links":{"self":[{"href":"https:\/\/www.europesays.com\/fr\/wp-json\/wp\/v2\/posts\/317791","targetHints":{"allow":["GET"]}}],"collection":[{"href":"https:\/\/www.europesays.com\/fr\/wp-json\/wp\/v2\/posts"}],"about":[{"href":"https:\/\/www.europesays.com\/fr\/wp-json\/wp\/v2\/types\/post"}],"author":[{"embeddable":true,"href":"https:\/\/www.europesays.com\/fr\/wp-json\/wp\/v2\/users\/2"}],"replies":[{"embeddable":true,"href":"https:\/\/www.europesays.com\/fr\/wp-json\/wp\/v2\/comments?post=317791"}],"version-history":[{"count":0,"href":"https:\/\/www.europesays.com\/fr\/wp-json\/wp\/v2\/posts\/317791\/revisions"}],"wp:featuredmedia":[{"embeddable":true,"href":"https:\/\/www.europesays.com\/fr\/wp-json\/wp\/v2\/media\/317792"}],"wp:attachment":[{"href":"https:\/\/www.europesays.com\/fr\/wp-json\/wp\/v2\/media?parent=317791"}],"wp:term":[{"taxonomy":"category","embeddable":true,"href":"https:\/\/www.europesays.com\/fr\/wp-json\/wp\/v2\/categories?post=317791"},{"taxonomy":"post_tag","embeddable":true,"href":"https:\/\/www.europesays.com\/fr\/wp-json\/wp\/v2\/tags?post=317791"}],"curies":[{"name":"wp","href":"https:\/\/api.w.org\/{rel}","templated":true}]}}