{"id":317793,"date":"2025-08-14T04:32:10","date_gmt":"2025-08-14T04:32:10","guid":{"rendered":"https:\/\/www.europesays.com\/fr\/317793\/"},"modified":"2025-08-14T04:32:10","modified_gmt":"2025-08-14T04:32:10","slug":"pour-etre-honnete-on-ne-merite-pas-ce-trophee-reconnait-luis-enrique-apres-un-match-tres-bizarre","status":"publish","type":"post","link":"https:\/\/www.europesays.com\/fr\/317793\/","title":{"rendered":"\u00abPour \u00eatre honn\u00eate, on ne m\u00e9rite pas ce troph\u00e9e\u00bb, reconna\u00eet Luis Enrique apr\u00e8s \u00abun match tr\u00e8s bizarre\u00bb"},"content":{"rendered":"<p>Les deux entra\u00eeneurs ont fait le point, en conf\u00e9rence de presse, apr\u00e8s la victoire parisienne sur Tottenham, mercredi, \u00e0 Udine, lors de la Supercoupe d\u2019Europe.<\/p>\n<p class=\"fig-paragraph\"><strong>Luis Enrique (entra\u00eeneur du PSG, apr\u00e8s\u00a0<\/strong><a href=\"http:\/\/www.lefigaro.fr\/sports\/football\/ligue-des-champions\/supercoupe-d-europe-insatiable-et-miracule-le-psg-s-offre-un-nouveau-trophee-face-a-tottenham-20250813\" data-fig-type=\"NewsFlash\" data-gtm-custom-categorie=\"navigation\" data-gtm-custom-action=\"crossclick\" data-gtm-custom-label=\"Contextuel\" data-gtm-event=\"customEventSPE\" data-fig-domain=\"LEFIGARO\" target=\"_blank\" rel=\"noopener\"><strong>la victoire en Supercoupe d\u2019Europe<\/strong><\/a> <strong>)<\/strong>\u00a0: \u00abPour \u00eatre honn\u00eate, on ne m\u00e9rite pas ce troph\u00e9e. On a pu voir la diff\u00e9rence entre une \u00e9quipe comme Tottenham qui a eu six semaines d\u2019entra\u00eenement et nous avec seulement six jours. C\u2019est une telle diff\u00e9rence. Je suis content du r\u00e9sultat mais ce n\u2019\u00e9tait pas tr\u00e8s juste. On a cherch\u00e9 \u00e0 jouer au foot mais on a fait de mauvaises passes. On a eu la chance de marquer deux buts et d\u2019aller aux tirs au but. Le football, c\u2019est comme \u00e7a, et pour nous c\u2019est un tr\u00e8s beau moment. C\u2019\u00e9tait un match tr\u00e8s bizarre. C\u2019est normal d\u2019avoir cette diff\u00e9rence. On a pu voir que nos joueurs ont commis beaucoup d\u2019erreurs techniques. Lucas Chevalier\u00a0? Je suis tr\u00e8s content de la mani\u00e8re dont il a fini le match. Il a montr\u00e9 du caract\u00e8re, de la personnalit\u00e9, des choses que nous demandons pour aider l\u2019\u00e9quipe\u00bb (propos recueillis en conf\u00e9rence de presse).<\/p>\n<p class=\"fig-paragraph\"><strong>Thomas Frank (entra\u00eeneur de Tottenham)<\/strong>\u00a0: \u00abJe suis fier de mon club, des supporteurs, de l\u2019\u00e9quipe, des joueurs. Nous avons tout donn\u00e9, nous avons affront\u00e9 peut-\u00eatre la meilleure \u00e9quipe du monde. On n\u2019a pas \u00e0 rougir, on a eu 80 minutes absolument parfaites, je suis fier de mes gars. Parfois dans le foot, le diable est dans le d\u00e9tail, les Parisiens n\u2019ont pas baiss\u00e9 les bras, on a malheureusement laiss\u00e9 des espaces qui ont \u00e9t\u00e9 exploit\u00e9s. Personne ne pensait qu\u2019on allait pouvoir tenir t\u00eate au PSG. J\u2019esp\u00e8re que cette intensit\u00e9, cette agressivit\u00e9, cet \u00e9tat d\u2019esprit et cette mentalit\u00e9 vont fonder la base de nos performances\u00bb. (propos recueillis en conf\u00e9rence de presse)<\/p>\n","protected":false},"excerpt":{"rendered":"Les deux entra\u00eeneurs ont fait le point, en conf\u00e9rence de presse, apr\u00e8s la victoire parisienne sur Tottenham, mercredi,&hellip;\n","protected":false},"author":2,"featured_media":317794,"comment_status":"","ping_status":"","sticky":false,"template":"","format":"standard","meta":{"footnotes":""},"categories":[1412],"tags":[1451,1452,1453,1454,1455,1011,27,921,93,60,18015],"class_list":{"0":"post-317793","1":"post","2":"type-post","3":"status-publish","4":"format-standard","5":"has-post-thumbnail","7":"category-f1","8":"tag-f1","9":"tag-formula-1","10":"tag-formula1","11":"tag-formule-1","12":"tag-formule1","13":"tag-fr","14":"tag-france","15":"tag-luis-enrique","16":"tag-psg","17":"tag-sports","18":"tag-tottenham"},"share_on_mastodon":{"url":"https:\/\/pubeurope.com\/@fr\/115025251111758276","error":""},"_links":{"self":[{"href":"https:\/\/www.europesays.com\/fr\/wp-json\/wp\/v2\/posts\/317793","targetHints":{"allow":["GET"]}}],"collection":[{"href":"https:\/\/www.europesays.com\/fr\/wp-json\/wp\/v2\/posts"}],"about":[{"href":"https:\/\/www.europesays.com\/fr\/wp-json\/wp\/v2\/types\/post"}],"author":[{"embeddable":true,"href":"https:\/\/www.europesays.com\/fr\/wp-json\/wp\/v2\/users\/2"}],"replies":[{"embeddable":true,"href":"https:\/\/www.europesays.com\/fr\/wp-json\/wp\/v2\/comments?post=317793"}],"version-history":[{"count":0,"href":"https:\/\/www.europesays.com\/fr\/wp-json\/wp\/v2\/posts\/317793\/revisions"}],"wp:featuredmedia":[{"embeddable":true,"href":"https:\/\/www.europesays.com\/fr\/wp-json\/wp\/v2\/media\/317794"}],"wp:attachment":[{"href":"https:\/\/www.europesays.com\/fr\/wp-json\/wp\/v2\/media?parent=317793"}],"wp:term":[{"taxonomy":"category","embeddable":true,"href":"https:\/\/www.europesays.com\/fr\/wp-json\/wp\/v2\/categories?post=317793"},{"taxonomy":"post_tag","embeddable":true,"href":"https:\/\/www.europesays.com\/fr\/wp-json\/wp\/v2\/tags?post=317793"}],"curies":[{"name":"wp","href":"https:\/\/api.w.org\/{rel}","templated":true}]}}