{"id":317795,"date":"2025-08-14T04:33:12","date_gmt":"2025-08-14T04:33:12","guid":{"rendered":"https:\/\/www.europesays.com\/fr\/317795\/"},"modified":"2025-08-14T04:33:12","modified_gmt":"2025-08-14T04:33:12","slug":"marion-rousse-presente-sur-instagram-un-nouveau-compagnon-a-poil-et-aux-grands-yeux-bleus","status":"publish","type":"post","link":"https:\/\/www.europesays.com\/fr\/317795\/","title":{"rendered":"Marion Rousse pr\u00e9sente sur Instagram un nouveau compagnon \u00e0 poil et aux grands yeux bleus"},"content":{"rendered":"<p class=\"intro\">Ce n\u2019est pas un heureux \u00e9v\u00e9nement mais cela m\u00e9rite bien un gros c\u0153ur comme \u00e9moji\u00a0: l\u2019ancienne championne cycliste Marion Rousse a accueilli un nouveau chien dans sa petite famille.<\/p>\n<p>Apr\u00e8s avoir co-pr\u00e9sent\u00e9 sur les cha\u00eenes du service public les Tours de France masculin et f\u00e9minin, Marion Rousse a bien m\u00e9rit\u00e9 ses vacances. Son compagnon, l\u2019ancien champion du monde Julian Alaphilippe n\u2019a pas encore \u00e9tabli son programme de fin de saison, si bien qu\u2019on les imagine prendre un repos bien m\u00e9rit\u00e9 aupr\u00e8s de leur enfant Nino.<\/p>\n<p>Et pour f\u00eater ce mois d\u2019ao\u00fbt, quoi de mieux d\u2019accueillir un petit boule de poil trop craquante\u00a0? Par une story r\u00e9v\u00e9l\u00e9e sur son compte Instagram, Marion Rousse a annonc\u00e9 l\u2019heureuse nouvelle\u00a0: sa famille s\u2019est agrandie avec l\u2019arriv\u00e9e d\u2019un petit chiot qui para\u00eet bien malicieux et aux beaux yeux bleus.<\/p>\n<p>    La suite apr\u00e8s cette publicit\u00e9<\/p>\n<p>    <img decoding=\"async\" src=\"https:\/\/www.europesays.com\/fr\/wp-content\/uploads\/2025\/08\/rousse.jpg\" alt=\"Le nouveau chiot de Marion Rousse\" loading=\"lazy\"\/><\/p>\n<p>\n      Le nouveau chiot de Marion Rousse<\/p>\n<p>                                \u00a9 Instagram<\/p>\n<p>La journaliste confie qu\u2019il se pr\u00e9nomme \u00c9liott. Pour la race, cela pourrait \u00eatre un husky sib\u00e9rien\u2026 Mais attendons qu\u2019il grandisse.<\/p>\n<p>    La suite apr\u00e8s cette publicit\u00e9<\/p>\n<p>Le bel \u00e9t\u00e9 de Marion Rousse<\/p>\n<p>Dans tous les cas, ce bel \u00e9t\u00e9 sera \u00e0 marquer d\u2019une pierre blanche pour Marion Rousse. Le quatri\u00e8me Tour de France f\u00e9minin, \u00e9preuve dont elle est la directrice, a \u00e9t\u00e9 un incroyable succ\u00e8s populaire, avec des audiences t\u00e9l\u00e9vis\u00e9es in\u00e9dites (plus de 25\u00a0millions de spectateurs sur l\u2019ensemble des \u00e9tapes) et un formidable engouement au bord des routes. La comp\u00e9tition a aussi vu la victoire de son amie, la Fran\u00e7aise <a href=\"https:\/\/www.parismatch.com\/actu\/sport\/ses-compagnons-canins-son-amoureux-sa-famille-son-tatouage-cinq-choses-a-savoir-sur-pauline-ferrand-prevot-255198\" rel=\"nofollow noopener\" target=\"_blank\">Pauline Ferrand-Pr\u00e9vot, avec qui elle partage d\u2019ailleurs le m\u00eame amour pour les chiens<\/a>.<\/p>\n<p>\u00a0<\/p>\n","protected":false},"excerpt":{"rendered":"Ce n\u2019est pas un heureux \u00e9v\u00e9nement mais cela m\u00e9rite bien un gros c\u0153ur comme \u00e9moji\u00a0: l\u2019ancienne championne cycliste&hellip;\n","protected":false},"author":2,"featured_media":317796,"comment_status":"","ping_status":"","sticky":false,"template":"","format":"standard","meta":{"footnotes":""},"categories":[1411],"tags":[1154,207,1011,27,60],"class_list":{"0":"post-317795","1":"post","2":"type-post","3":"status-publish","4":"format-standard","5":"has-post-thumbnail","7":"category-cyclisme","8":"tag-cycling","9":"tag-cyclisme","10":"tag-fr","11":"tag-france","12":"tag-sports"},"share_on_mastodon":{"url":"https:\/\/pubeurope.com\/@fr\/115025255059448656","error":""},"_links":{"self":[{"href":"https:\/\/www.europesays.com\/fr\/wp-json\/wp\/v2\/posts\/317795","targetHints":{"allow":["GET"]}}],"collection":[{"href":"https:\/\/www.europesays.com\/fr\/wp-json\/wp\/v2\/posts"}],"about":[{"href":"https:\/\/www.europesays.com\/fr\/wp-json\/wp\/v2\/types\/post"}],"author":[{"embeddable":true,"href":"https:\/\/www.europesays.com\/fr\/wp-json\/wp\/v2\/users\/2"}],"replies":[{"embeddable":true,"href":"https:\/\/www.europesays.com\/fr\/wp-json\/wp\/v2\/comments?post=317795"}],"version-history":[{"count":0,"href":"https:\/\/www.europesays.com\/fr\/wp-json\/wp\/v2\/posts\/317795\/revisions"}],"wp:featuredmedia":[{"embeddable":true,"href":"https:\/\/www.europesays.com\/fr\/wp-json\/wp\/v2\/media\/317796"}],"wp:attachment":[{"href":"https:\/\/www.europesays.com\/fr\/wp-json\/wp\/v2\/media?parent=317795"}],"wp:term":[{"taxonomy":"category","embeddable":true,"href":"https:\/\/www.europesays.com\/fr\/wp-json\/wp\/v2\/categories?post=317795"},{"taxonomy":"post_tag","embeddable":true,"href":"https:\/\/www.europesays.com\/fr\/wp-json\/wp\/v2\/tags?post=317795"}],"curies":[{"name":"wp","href":"https:\/\/api.w.org\/{rel}","templated":true}]}}