{"id":317803,"date":"2025-08-14T04:38:30","date_gmt":"2025-08-14T04:38:30","guid":{"rendered":"https:\/\/www.europesays.com\/fr\/317803\/"},"modified":"2025-08-14T04:38:30","modified_gmt":"2025-08-14T04:38:30","slug":"corinne-touzet-demain-nous-appartient-fait-des-revelations-sur-son-personnage-dannie","status":"publish","type":"post","link":"https:\/\/www.europesays.com\/fr\/317803\/","title":{"rendered":"Corinne Touzet (Demain nous appartient) fait des r\u00e9v\u00e9lations sur son personnage d&rsquo;Annie"},"content":{"rendered":"<p>Il y a des voix que l&rsquo;on reconna\u00eetrait parmi des milliers, et celle de Corinne Touzet en fait ind\u00e9niablement partie. A peine ai-je d\u00e9croch\u00e9 le t\u00e9l\u00e9phone, que me voil\u00e0 projet\u00e9 quasi vingt ans en arri\u00e8re, devant la t\u00e9l\u00e9vision chez mes parents pour une traditionnelle soir\u00e9e devant l&rsquo;une des s\u00e9ries polici\u00e8res phare des ann\u00e9es 90-2000 : <a href=\"https:\/\/www.programme-tv.net\/news\/series-tv\/330131-je-vais-vous-dire-la-verite-corinne-touzet-revient-sur-son-role-incontournable-dans-une-femme-dhonneur-et-evoque-un-potentiel-retour-de-la-serie\/\" data-api-deeplink=\"teleloisirs:\/\/news\/330131\" rel=\"nofollow noopener\" target=\"_blank\">Une femme d&rsquo;honneur.<\/a> Nostalgie donc, mais pas que ! Enveloppante et spontan\u00e9e, la com\u00e9dienne se raconte avec malice, de ses souvenirs t\u00e9l\u00e9visuels \u00e0 <a href=\"https:\/\/www.programme-tv.net\/news\/series-tv\/378755-exclu-corinne-touzet-arrive-dans-demain-nous-appartient-pour-jouer-la-soeur-d-un-personnage-emblematique\/\" data-api-deeplink=\"teleloisirs:\/\/news\/378755\" rel=\"nofollow noopener\" target=\"_blank\">son arriv\u00e9e dans Demain nous appartient,<\/a> o\u00f9 elle compte nous offrir une sacr\u00e9e dose de bonne humeur. Mais aussi distiller quelques zestes d&rsquo;amour, que le public lui rend bien&#8230;<\/p>\n<p>Demain nous appartient : Corinne Touzet interpr\u00e8te Annie, la soeur de Christelle<\/p>\n<p><b>T\u00e9l\u00e9-Loisirs : Parlez-nous d&rsquo;<\/b><a href=\"https:\/\/www.programme-tv.net\/news\/series-tv\/384361-demain-nous-appartient-en-avance-jack-et-lizzie-echappent-a-la-mort-a-la-fete-foraine-une-femme-tuee-annie-corinne-touzet-fait-son-arrivee-le-resume-de-l-episode-2001-du-lundi-4-aout-2025\/\" data-api-deeplink=\"teleloisirs:\/\/news\/384361\" rel=\"nofollow noopener\" target=\"_blank\"><b>Annie Madori,<\/b><\/a><b> votre personnage ?<br \/>Corinne Touzet : <\/b>C&rsquo;est une touche-\u00e0-tout ! Elle est un peu fofolle, comme sa s\u0153ur. Cela me va tr\u00e8s bien parce qu&rsquo;elle me ressemble pas mal, au final ! [Elle rit.]<\/p>\n<p><b>Un r\u00f4le \u00e0 l&rsquo;oppos\u00e9 de ceux dans lesquels on vous a souvent vue \u00e0 l&rsquo;\u00e9cran&#8230;<\/b><\/p>\n<p>Oui, les gens m&rsquo;ont toujours vue incarner des personnages dramatiques ou s\u00e9rieux. De ce fait, \u00e7a m&rsquo;amusait beaucoup de jouer quelqu&rsquo;un \u00e9loign\u00e9 de ce qu&rsquo;on l&rsquo;habitude de voir de moi.<\/p>\n<p><b>Comment la cohabitation va se passer avec Christelle et Sylvain ?<\/b><\/p>\n<p>Ma s\u0153ur est folle de joie de me revoir et de m&rsquo;accueillir. Mais comme elle veut que tout soit parfait, elle emmerde Sylvain (Arnaud Henriet), son mari, pour qu&rsquo;il soit aux petits soins avec moi. Et lui, \u00e7a le saoule ! [Elle rit.]  Donc, ils vont se chamailler. Et il est possible que mon petit c\u0153ur se mette \u00e0 battre. Mais je ne peux pas vous dire pour qui&#8230;<\/p>\n<p>\u00ab\u00a0\u00c0 l&rsquo;\u00e2ge que j&rsquo;ai [65 ans, ndlr], je n&rsquo;en ai plus rien \u00e0 fiche de ce qu&rsquo;on pense de moi\u00a0\u00bb<\/p>\n<p><b>Vous parliez \u00e0 l&rsquo;instant de votre grain de folie&#8230;<\/b><\/p>\n<p>J&rsquo;ai toujours \u00e9t\u00e9 \u00ab d\u00e9conneuse \u00bb, j&rsquo;aime plaisanter et dire des b\u00eatises. Quand je fais des t\u00e9l\u00e9s ou des radios, cela surprend pas mal de monde. \u00c0 l&rsquo;\u00e2ge que j&rsquo;ai [65 ans, ndlr], je n&rsquo;en ai plus rien \u00e0 fiche de ce qu&rsquo;on pense de moi. Si \u00e7a ne pla\u00eet pas, c&rsquo;est pareil !<\/p>\n<p><b>Vous vous interdisiez ce l\u00e2cher-prise auparavant ? <\/b><\/p>\n<p>Quand j&rsquo;ai d\u00e9but\u00e9, j&rsquo;\u00e9tais tr\u00e8s timide. Je n&rsquo;avais pas du tout le profil qu&rsquo;il fallait dans ce m\u00e9tier, o\u00f9 il faut avoir de l&rsquo;assurance, de l&rsquo;aplomb. J&rsquo;\u00e9tais tr\u00e8s mal dans ma peau. J&rsquo;ai beaucoup cach\u00e9 qui j&rsquo;\u00e9tais pour pouvoir me pr\u00e9server le plus possible. Une Femme d&rsquo;honneur est arriv\u00e9 pile quand il fallait. Mais c&rsquo;est \u00e0 partir du moment o\u00f9 je suis devenue productrice que j&rsquo;ai cass\u00e9 le moule avec des r\u00f4les diff\u00e9rents. Le th\u00e9\u00e2tre est l&rsquo;aboutissement de tout \u00e7a. C&rsquo;est le chemin qui fait que, maintenant, je suis en libert\u00e9 sur sc\u00e8ne.<\/p>\n<p><b>Comment vivez-vous ces moments o\u00f9 vous retrouvez la cam\u00e9ra ? <\/b><\/p>\n<p>\u00c7a me fait tout dr\u00f4le&#8230; J&rsquo;ai retrouv\u00e9 mes peurs de d\u00e9butante et j&rsquo;ai le trac, alors qu&rsquo;avant je m&rsquo;y sentais comme chez moi. Mais j&rsquo;aime \u00e7a ! Cela veut dire que je suis vivante et que je ne suis pas blas\u00e9e du m\u00e9tier.<\/p>\n","protected":false},"excerpt":{"rendered":"Il y a des voix que l&rsquo;on reconna\u00eetrait parmi des milliers, et celle de Corinne Touzet en fait&hellip;\n","protected":false},"author":2,"featured_media":317804,"comment_status":"","ping_status":"","sticky":false,"template":"","format":"standard","meta":{"footnotes":""},"categories":[1356],"tags":[244,31384,3598,58,59,1011,27,45618,2173,4581,4582,252,199,1364,45619],"class_list":{"0":"post-317803","1":"post","2":"type-post","3":"status-publish","4":"format-standard","5":"has-post-thumbnail","7":"category-television","8":"tag-commentaire","9":"tag-corinne-touzet","10":"tag-demain-nous-appartient","11":"tag-divertissement","12":"tag-entertainment","13":"tag-fr","14":"tag-france","15":"tag-guid_6287790771001","16":"tag-interview","17":"tag-story","18":"tag-tel","19":"tag-television","20":"tag-tf1","21":"tag-tv","22":"tag-uuid_3cc281dd-4ac1-467f-beef-e24228c0ac14"},"share_on_mastodon":{"url":"https:\/\/pubeurope.com\/@fr\/115025274679886175","error":""},"_links":{"self":[{"href":"https:\/\/www.europesays.com\/fr\/wp-json\/wp\/v2\/posts\/317803","targetHints":{"allow":["GET"]}}],"collection":[{"href":"https:\/\/www.europesays.com\/fr\/wp-json\/wp\/v2\/posts"}],"about":[{"href":"https:\/\/www.europesays.com\/fr\/wp-json\/wp\/v2\/types\/post"}],"author":[{"embeddable":true,"href":"https:\/\/www.europesays.com\/fr\/wp-json\/wp\/v2\/users\/2"}],"replies":[{"embeddable":true,"href":"https:\/\/www.europesays.com\/fr\/wp-json\/wp\/v2\/comments?post=317803"}],"version-history":[{"count":0,"href":"https:\/\/www.europesays.com\/fr\/wp-json\/wp\/v2\/posts\/317803\/revisions"}],"wp:featuredmedia":[{"embeddable":true,"href":"https:\/\/www.europesays.com\/fr\/wp-json\/wp\/v2\/media\/317804"}],"wp:attachment":[{"href":"https:\/\/www.europesays.com\/fr\/wp-json\/wp\/v2\/media?parent=317803"}],"wp:term":[{"taxonomy":"category","embeddable":true,"href":"https:\/\/www.europesays.com\/fr\/wp-json\/wp\/v2\/categories?post=317803"},{"taxonomy":"post_tag","embeddable":true,"href":"https:\/\/www.europesays.com\/fr\/wp-json\/wp\/v2\/tags?post=317803"}],"curies":[{"name":"wp","href":"https:\/\/api.w.org\/{rel}","templated":true}]}}