{"id":317808,"date":"2025-08-14T04:41:19","date_gmt":"2025-08-14T04:41:19","guid":{"rendered":"https:\/\/www.europesays.com\/fr\/317808\/"},"modified":"2025-08-14T04:41:19","modified_gmt":"2025-08-14T04:41:19","slug":"cas-de-dengue-a-chatellerault-perimetre-analyse-eventuelle-demoustication-ce-que-lon-sait-lanouvellerepublique-fr","status":"publish","type":"post","link":"https:\/\/www.europesays.com\/fr\/317808\/","title":{"rendered":"Cas de dengue \u00e0 Ch\u00e2tellerault : p\u00e9rim\u00e8tre analys\u00e9, \u00e9ventuelle d\u00e9moustication\u2026 Ce que l\u2019on sait &#8211; lanouvellerepublique.fr"},"content":{"rendered":"<ol>\n<li><a href=\"https:\/\/news.google.com\/rss\/articles\/CBMi5gFBVV95cUxNdnc1UXNtRnZtMUgya3F6UHlMc3NueVNjbGNuVUp3aFNkQ2xFblRvMFplcFBkV292MGI3SERNWS1GNWx5RS1HVENsY0dyNF91cmlaZVZuUi1BcjREV3ZXXzlTbkNTZ3J4TXdvM0tkWENlYlQ0U3B5aHVnZDVFeV9peXRmbmV0NnBOclU4SXhZVzNyV2pNVlExa1BSd1IzRXdlTk5lS0lhWnB6QVpwU0FSbm96ZkF5eDF1RGd3S25HZXRSRXJkME41Ykw2WnBmRWZEd1JtNnFyWHB3Tl9FZzVkT3hIdV9EZw?oc=5\" target=\"_blank\" rel=\"noopener\">Cas de dengue \u00e0 Ch\u00e2tellerault : p\u00e9rim\u00e8tre analys\u00e9, \u00e9ventuelle d\u00e9moustication\u2026 Ce que l\u2019on sait<\/a>&nbsp;&nbsp;lanouvellerepublique.fr<\/li>\n<li><a href=\"https:\/\/news.google.com\/rss\/articles\/CBMi4AFBVV95cUxNYTI4SzBOZWpYNk9INGNUaGtlZlNxWjVKRzFkaEVrT3ktell2T2tKS2J5OUpFa2lEZUJBSnRmbVlrTE9NbFBUbjFUU083VjZub0EwZkFQdlE3bUZscWRmSU5ISU4zaFFYclhmUU9HVmZodVdCcXM3NkVRTVlNQ2tXNHYxX054b29oeWhQY3ZLeTZsbWVxN0JiOWFxWjZHcnVhVEw0eEJOX2Zjc0swckpuUHZweE5rWEJ2bkRQbG5SYTcydU50RlFxdEdyaUxqX3hzSVB1N0huS2RFZGw5V0lWbw?oc=5\" target=\"_blank\" rel=\"noopener\">Un cas de dengue d\u00e9tect\u00e9 \u00e0 Ch\u00e2tellerault : l\u2019ARS enqu\u00eate sur la pr\u00e9sence du moustique tigre<\/a>&nbsp;&nbsp;France 3 R\u00e9gions<\/li>\n<li><a href=\"https:\/\/news.google.com\/rss\/articles\/CBMiuAFBVV95cUxOWWZJcGJWdGRiT1Q1N1l0VDVXMUFwVllxR0dYMnJaTWVJbHY0bk1aTTQ2NF9uSExVNWJnamhlY2NJNW0zYW1oRUdPVEVkRWpXQXQ5QWRnUEx0QnlxYkVPT3dlb2dpYjZqdlA1R1VFRlVBdkxuRHE5QVU0djROaDZRbEpRanRzc3dPZ0hvSGlndm5XRG5PcHJhd25VdGxGZ0d4RWRndDBmdDhvVHhWVUxjdlFCZjBkZW9Y?oc=5\" target=\"_blank\" rel=\"noopener\">Vienne : un cas de dengue import\u00e9 d\u00e9tect\u00e9 \u00e0 Ch\u00e2tellerault<\/a>&nbsp;&nbsp;lanouvellerepublique.fr<\/li>\n<li><a href=\"https:\/\/news.google.com\/rss\/articles\/CBMimwFBVV95cUxQS2JhN0cxT3FuV1NFamZZekplRGpfWks4R2FiNllhUHNLZU5UTDlsTE4zekNYbktjQ3AzMGw2RzNreU9nN0U2U0hXUjJXVDRnNWJFYThxUGozSnJ6N09VQk1rTlhPTGlYczVxVGp5Q3JBN0VCMml0bG9tSzA2WVBpT1RrbVZmdXAwUW1Oekp0c2ZRMnh4MWZwc2NaQQ?oc=5\" target=\"_blank\" rel=\"noopener\">Un cas de dengue d\u00e9tect\u00e9 \u00e0 Ch\u00e2tellerault<\/a>&nbsp;&nbsp;francebleu.fr<\/li>\n<li><a href=\"https:\/\/news.google.com\/rss\/articles\/CBMijgFBVV95cUxOeFJBckhYbWI1dXU5M3ZTLUFVeG53dWdOWFNmZFMzalVGUzJVV0RVejhaelRVTk4tYWtuN0pabnVGOUlNTWNrV0sxaElaZklYWkZQU1NzTkVuclh1YThqRDVhd2IxMkhaNlhDSFRZM1RORW85VTVsLW93SU5Dbm13aDhoSk5qTlRqWGdlR0ZR?oc=5\" target=\"_blank\" rel=\"noopener\">Un cas de dengue import\u00e9e d\u00e9tect\u00e9 \u00e0 Ch\u00e2tellerault<\/a>&nbsp;&nbsp;Angers Info<\/li>\n<\/ol>\n","protected":false},"excerpt":{"rendered":"Cas de dengue \u00e0 Ch\u00e2tellerault : p\u00e9rim\u00e8tre analys\u00e9, \u00e9ventuelle d\u00e9moustication\u2026 Ce que l\u2019on sait&nbsp;&nbsp;lanouvellerepublique.fr Un cas de dengue&hellip;\n","protected":false},"author":2,"featured_media":317809,"comment_status":"","ping_status":"","sticky":false,"template":"","format":"standard","meta":{"footnotes":""},"categories":[10],"tags":[1392,19489,436,1011,27,72,71],"class_list":{"0":"post-317808","1":"post","2":"type-post","3":"status-publish","4":"format-standard","5":"has-post-thumbnail","7":"category-sante","8":"tag-a-la-une-local","9":"tag-chatellerault","10":"tag-environnement","11":"tag-fr","12":"tag-france","13":"tag-health","14":"tag-sante"},"share_on_mastodon":{"url":"https:\/\/pubeurope.com\/@fr\/115025286583743415","error":""},"_links":{"self":[{"href":"https:\/\/www.europesays.com\/fr\/wp-json\/wp\/v2\/posts\/317808","targetHints":{"allow":["GET"]}}],"collection":[{"href":"https:\/\/www.europesays.com\/fr\/wp-json\/wp\/v2\/posts"}],"about":[{"href":"https:\/\/www.europesays.com\/fr\/wp-json\/wp\/v2\/types\/post"}],"author":[{"embeddable":true,"href":"https:\/\/www.europesays.com\/fr\/wp-json\/wp\/v2\/users\/2"}],"replies":[{"embeddable":true,"href":"https:\/\/www.europesays.com\/fr\/wp-json\/wp\/v2\/comments?post=317808"}],"version-history":[{"count":0,"href":"https:\/\/www.europesays.com\/fr\/wp-json\/wp\/v2\/posts\/317808\/revisions"}],"wp:featuredmedia":[{"embeddable":true,"href":"https:\/\/www.europesays.com\/fr\/wp-json\/wp\/v2\/media\/317809"}],"wp:attachment":[{"href":"https:\/\/www.europesays.com\/fr\/wp-json\/wp\/v2\/media?parent=317808"}],"wp:term":[{"taxonomy":"category","embeddable":true,"href":"https:\/\/www.europesays.com\/fr\/wp-json\/wp\/v2\/categories?post=317808"},{"taxonomy":"post_tag","embeddable":true,"href":"https:\/\/www.europesays.com\/fr\/wp-json\/wp\/v2\/tags?post=317808"}],"curies":[{"name":"wp","href":"https:\/\/api.w.org\/{rel}","templated":true}]}}