{"id":317813,"date":"2025-08-14T04:44:21","date_gmt":"2025-08-14T04:44:21","guid":{"rendered":"https:\/\/www.europesays.com\/fr\/317813\/"},"modified":"2025-08-14T04:44:21","modified_gmt":"2025-08-14T04:44:21","slug":"les-montre-garmin-sont-incapables-didentifier-votre-stress-cest-plus-complique-que-cela","status":"publish","type":"post","link":"https:\/\/www.europesays.com\/fr\/317813\/","title":{"rendered":"Les montre Garmin sont incapables d&rsquo;identifier votre stress ? C&rsquo;est plus compliqu\u00e9 que cela"},"content":{"rendered":"<p>Alors que les constructeurs de montres et bracelets connect\u00e9s affirment d\u00e9sormais pouvoir analyser le stress des utilisateurs, une \u00e9tude largement relay\u00e9e indique des soucis de coh\u00e9rence. <\/p>\n<p><a href=\"https:\/\/images.frandroid.com\/wp-content\/uploads\/2023\/12\/retour-experience-garmin-epix-pro-gen-2-15-scaled.jpg\" target=\"_blank\" class=\"article-content__figure\" rel=\"noopener\"><img fetchpriority=\"high\" decoding=\"async\" loading=\"eager\" width=\"1200\" height=\"800\" src=\"https:\/\/www.europesays.com\/fr\/wp-content\/uploads\/2025\/08\/retour-experience-garmin-epix-pro-gen-2-15-scaled.jpg\" alt=\"\" class=\"wp-image-1898263 wp-image wp-image\"  \/><\/a>Le widget de stress sur l\u2019Epix Pro Gen\u00a02 \/\/ Source\u00a0: Chlo\u00e9 Pertuis \u2013 Frandroid<\/p>\n<p>Les montres et bracelets connect\u00e9s ne se limitent d\u00e9sormais plus \u00e0 <a href=\"https:\/\/www.frandroid.com\/produits-android\/accessoires-objets-connectes\/montres-connectees-2\/1845811_10-000-pas-par-jour-dou-vient-le-mythe-preconise-par-les-montres-connectees\" target=\"_blank\" rel=\"noopener\">analyser le nombre de pas<\/a> ou la <a href=\"https:\/\/www.frandroid.com\/produits-android\/accessoires-objets-connectes\/montres-connectees-2\/2012074_montre-de-sport-ceinture-cardio-brassard-comment-mesurer-precisement-votre-frequence-cardiaque-durant-le-sport\" target=\"_blank\" rel=\"noopener\">fr\u00e9quence cardiaque<\/a> des utilisateurs. Ces appareils proposent des analyses de sant\u00e9 bien plus avanc\u00e9es, notamment avec l\u2019apparition, depuis quelques ann\u00e9es, de l\u2019analyse du stress. <\/p>\n<p>Cependant, \u00e0 en croire une \u00e9tude publi\u00e9e dans la revue <a target=\"_blank\" href=\"https:\/\/psycnet.apa.org\/doiLanding?doi=10.1037%2Fabn0001013&amp;utm_source=substack&amp;utm_medium=email\" rel=\"noopener\">Journal of Psychopathology and Clinical Science<\/a>, les analyses de stress propos\u00e9es par ces appareils manquent clairement de coh\u00e9rence par rapport au stress r\u00e9ellement \u00e9valu\u00e9 par les utilisateurs, comme le rapporte le <a target=\"_blank\" href=\"https:\/\/www.theguardian.com\/technology\/2025\/aug\/08\/smartwatches-offer-little-insight-into-stress-levels-researchers-find\" rel=\"noopener\">Guardian<\/a>\u00a0:<\/p>\n<blockquote class=\"wp-block-quote is-layout-flow wp-block-quote-is-layout-flow\">\n<p>Les chercheurs n\u2019ont trouv\u00e9 quasiment aucune relation entre le niveau de stress analys\u00e9 par la montre et le niveau que les participants ont indiqu\u00e9 ressentir. [\u2026] Eiko Fried, un auteur de l\u2019\u00e9tude, affirme que la corr\u00e9lation entre la montre et le score de stress autorapport\u00e9 \u00e9tait \u00ab\u2009basiquement nul\u2009\u00bb.<\/p>\n<\/blockquote>\n<p>On pourrait alors en conclure que le niveau de stress analys\u00e9 par les montres et bracelets connect\u00e9s n\u2019est pas fiable, mais ce serait ne pas comprendre ce qu\u2019est le stress mesur\u00e9 par une montre connect\u00e9e. <\/p>\n<p>Le stress physiologique est diff\u00e9rent du stress psychologique<\/p>\n<p>En effet, alors que la notion de stress telle que largement accept\u00e9e concerne l\u2019\u00e9tat de tension psychologique n\u00e9gative, il ne s\u2019agit l\u00e0 que d\u2019un des nombreux facteurs de stress physique. <\/p>\n<p>Les montres et bracelets connect\u00e9s vont en effet analyser le stress par sa cons\u00e9quence physiologique, \u00e0 savoir une augmentation de la fr\u00e9quence cardiaque et une diminution de la <a href=\"https:\/\/www.frandroid.com\/marques\/garmin\/2442978_statut-vfc-chez-garmin-tout-comprendre-de-la-variabilite-de-la-frequence-cardiaque-sur-les-montres-de-sport\" target=\"_blank\" rel=\"noopener\">variabilit\u00e9 de la fr\u00e9quence cardiaque<\/a> (VFC). <\/p>\n<p class=\"shortcode-container see-more\">\n    Pour aller plus loin<br \/><a href=\"https:\/\/www.frandroid.com\/marques\/garmin\/2442978_statut-vfc-chez-garmin-tout-comprendre-de-la-variabilite-de-la-frequence-cardiaque-sur-les-montres-de-sport\" target=\"_blank\" rel=\"noopener\">Statut VFC chez Garmin : tout comprendre de la variabilit\u00e9 de la fr\u00e9quence cardiaque sur les montres de sport<\/a>\n            <\/p>\n<p>Or, cette augmentation de la VFC va avoir lieu non seulement en cas de stress psychologique, mais aussi durant des moments d\u2019excitation positifs \u2014 par exemple une f\u00eate ou un bon moment pass\u00e9 avec des amis \u2014 ou apr\u00e8s l\u2019exercice physique. M\u00eame si ces \u00e9v\u00e9nements ne sont pas stressants psychologiquement, ils occasionnent une r\u00e9ponse similaire de la part de l\u2019organisme, avec un stress physiologique. <\/p>\n<p><a href=\"https:\/\/images.frandroid.com\/wp-content\/uploads\/2023\/10\/google-pixel-watch-2-test-frandroid-25.jpg\" target=\"_blank\" class=\"article-content__figure\" rel=\"noopener\"><img loading=\"lazy\" decoding=\"async\" width=\"1200\" height=\"800\" src=\"https:\/\/www.europesays.com\/fr\/wp-content\/uploads\/2025\/08\/google-pixel-watch-2-test-frandroid-25-1200x800.jpg\" alt=\"\" class=\"wp-image-1827631 wp-image\"  \/><\/a>La Pixel Watch\u00a02 veut vous \u00e9viter le stress \/\/ Source\u00a0: Chlo\u00e9 Pertuis \u2013 Frandroid<\/p>\n<p>Comme le souligne la newsletter Pulse du site <a target=\"_blank\" href=\"https:\/\/wareable.substack.com\/p\/smartwatches-arent-confused-about\" rel=\"noopener\">Wearable<\/a>, le souci ne vient donc pas tant des montres et bracelets connect\u00e9s que des participants \u00e0 l\u2019\u00e9tude, ou de l\u2019\u00e9tude en elle-m\u00eame\u00a0: <\/p>\n<blockquote class=\"wp-block-quote is-layout-flow wp-block-quote-is-layout-flow\">\n<p>Loin de montrer que suivre les r\u00e9ponses corporelles avec une montre connect\u00e9e est un exercice vain, l\u2019\u00e9tude est un exemple parfait de la mani\u00e8re dont nous sommes souvent de tr\u00e8s mauvais juges de notre \u00e9tat physiologique. <\/p>\n<\/blockquote>\n<p>Par ailleurs, signalons que l\u2019\u00e9tude a port\u00e9 sur un appareil particuli\u00e8rement ancien, le bracelet Garmin Vivosmart\u00a04, lanc\u00e9 en 2018 et dot\u00e9 d\u2019un capteur cardio d\u2019ancienne g\u00e9n\u00e9ration. Loin des standards actuels, le bracelet permet en effet d\u2019analyser le niveau de stress, mais ne propose pas d\u2019e statut VFC d\u2019analyse aussi pr\u00e9cise que les montres r\u00e9centes de la marque. <\/p>\n<p>Envie de rejoindre une communaut\u00e9 de passionn\u00e9s ? <a href=\"https:\/\/discord.com\/invite\/frandroid-311789172149190657\" target=\"_blank\" rel=\"noopener\">Notre Discord<\/a> vous accueille, c\u2019est un lieu d\u2019entraide et de passion autour de la tech.<\/p>\n","protected":false},"excerpt":{"rendered":"Alors que les constructeurs de montres et bracelets connect\u00e9s affirment d\u00e9sormais pouvoir analyser le stress des utilisateurs, une&hellip;\n","protected":false},"author":2,"featured_media":317814,"comment_status":"","ping_status":"","sticky":false,"template":"","format":"standard","meta":{"footnotes":""},"categories":[7],"tags":[1011,27,43,40,41,39,4990,42,44],"class_list":{"0":"post-317813","1":"post","2":"type-post","3":"status-publish","4":"format-standard","5":"has-post-thumbnail","7":"category-sciences-et-technologies","8":"tag-fr","9":"tag-france","10":"tag-science","11":"tag-science-and-technology","12":"tag-sciences","13":"tag-sciences-et-technologies","14":"tag-stress","15":"tag-technologies","16":"tag-technology"},"share_on_mastodon":{"url":"https:\/\/pubeurope.com\/@fr\/115025298419710450","error":""},"_links":{"self":[{"href":"https:\/\/www.europesays.com\/fr\/wp-json\/wp\/v2\/posts\/317813","targetHints":{"allow":["GET"]}}],"collection":[{"href":"https:\/\/www.europesays.com\/fr\/wp-json\/wp\/v2\/posts"}],"about":[{"href":"https:\/\/www.europesays.com\/fr\/wp-json\/wp\/v2\/types\/post"}],"author":[{"embeddable":true,"href":"https:\/\/www.europesays.com\/fr\/wp-json\/wp\/v2\/users\/2"}],"replies":[{"embeddable":true,"href":"https:\/\/www.europesays.com\/fr\/wp-json\/wp\/v2\/comments?post=317813"}],"version-history":[{"count":0,"href":"https:\/\/www.europesays.com\/fr\/wp-json\/wp\/v2\/posts\/317813\/revisions"}],"wp:featuredmedia":[{"embeddable":true,"href":"https:\/\/www.europesays.com\/fr\/wp-json\/wp\/v2\/media\/317814"}],"wp:attachment":[{"href":"https:\/\/www.europesays.com\/fr\/wp-json\/wp\/v2\/media?parent=317813"}],"wp:term":[{"taxonomy":"category","embeddable":true,"href":"https:\/\/www.europesays.com\/fr\/wp-json\/wp\/v2\/categories?post=317813"},{"taxonomy":"post_tag","embeddable":true,"href":"https:\/\/www.europesays.com\/fr\/wp-json\/wp\/v2\/tags?post=317813"}],"curies":[{"name":"wp","href":"https:\/\/api.w.org\/{rel}","templated":true}]}}