{"id":317815,"date":"2025-08-14T04:45:11","date_gmt":"2025-08-14T04:45:11","guid":{"rendered":"https:\/\/www.europesays.com\/fr\/317815\/"},"modified":"2025-08-14T04:45:11","modified_gmt":"2025-08-14T04:45:11","slug":"elon-musk-accuse-par-la-justice-de-harcelement-pour-nuire-a-son-pire-ennemi-sam-altman","status":"publish","type":"post","link":"https:\/\/www.europesays.com\/fr\/317815\/","title":{"rendered":"Elon Musk accus\u00e9 par la justice de harc\u00e8lement pour nuire \u00e0 son pire ennemi : Sam Altman"},"content":{"rendered":"<p class=\"ed__a-p ed__bdy__l\">Sauf que la juge f\u00e9d\u00e9rale Yvonne Gonzalez Rogers a rejet\u00e9 sa tentative et estime qu&rsquo;Elon Musk doit faire face \u00e0 ce que lui reproche OpenAI. La start-up, <a href=\"https:\/\/www.lesnumeriques.com\/intelligence-artificielle\/mentalement-devastateur-le-passage-a-gpt-5-se-passe-tres-mal-pour-ces-utilisateurs-n240830.html\" title=\"&quot;Mentalement d\u00e9vastateur&quot; : le passage \u00e0 GPT-5 se passe tr\u00e8s mal pour ces utilisateurs\" rel=\"nofollow noopener\" target=\"_blank\">qui vient tout juste de lancer GPT-5<\/a>, l&rsquo;accuse de mener une campagne de d\u00e9nigrement pour nuire \u00e0 ses activit\u00e9s.<\/p>\n<p>            Publicit\u00e9, votre contenu continue ci-dessous<\/p>\n<p>        Publicit\u00e9<\/p>\n<p>La justice estime qu&rsquo;Elon Musk \u00ab\u00a0harc\u00e8le\u00a0\u00bb OpenAI<\/p>\n<p class=\"ed__a-p ed__bdy__l\">Pour rappel, Elon Musk souhaite aussi porter plainte contre Apple, <a href=\"https:\/\/www.lesnumeriques.com\/intelligence-artificielle\/jaloux-de-chatgpt-elon-musk-menace-apple-d-un-proces-qui-pourrait-lui-couter-cher-n240903.html\" title=\"Jaloux de ChatGPT, Elon Musk menace Apple d&#039;un proc\u00e8s qui pourrait lui co\u00fbter cher\" rel=\"nofollow noopener\" target=\"_blank\">qu&rsquo;il accuse de privil\u00e9gier ChatGPT sur son App Store<\/a>. Depuis, la firme de Cupertino <a href=\"https:\/\/www.lesnumeriques.com\/societe-numerique\/pas-assez-sur-apple-repond-a-la-plainte-d-elon-musk-avec-un-sous-entendu-qui-risque-de-lui-deplaire-n240931.html\" title=\"&quot;Pas assez s\u00fbr&quot; : Apple r\u00e9pond \u00e0 la plainte d&#039;Elon Musk avec un sous-entendu qui risque de lui d\u00e9plaire\" rel=\"nofollow noopener\" target=\"_blank\">lui a r\u00e9pondu<\/a> et sous-entend que ses applications comme Grok ne sont pas assez \u00ab\u00a0s\u00fbres\u00a0\u00bb.<\/p>\n<p class=\"ed__a-p ed__bdy__l\">Le patron de Tesla a cofond\u00e9 OpenAI et a si\u00e9g\u00e9 \u00e0 son conseil d&rsquo;administration avant de d\u00e9missionner pour cr\u00e9er XAI. Il s&rsquo;agit d&rsquo;une entreprise d&rsquo;IA \u00e0 qui l&rsquo;on doit le chatbot Grok, qui s&rsquo;est illustr\u00e9 par ses r\u00e9cents propos antis\u00e9mites. D\u00e9sormais, Elon Musk et Sam Altman sont en conflit ouvert, notamment sur les r\u00e9seaux sociaux <a href=\"https:\/\/www.lesnumeriques.com\/societe-numerique\/elon-musk-et-sam-altman-se-disputent-en-public-les-leaders-de-la-tech-a-la-cour-de-recreation-n240934.html\" title=\"Elon Musk et Sam Altman se disputent en public : les leaders de la tech \u00e0 la cour de r\u00e9cr\u00e9ation\" rel=\"nofollow noopener\" target=\"_blank\">avec un spectacle g\u00eanant pour le public<\/a>.<\/p>\n<p class=\"ed__a-p ed__bdy__l\">La juge f\u00e9d\u00e9rale Yvonne Gonzalez Rogers <a href=\"https:\/\/www.lesnumeriques.com\/societe-numerique\/des-milliardaires-contre-des-milliardaires-elon-musk-et-sam-altman-se-prennent-une-lecon-par-une-juge-n240466.html\" title=\"&quot;Des milliardaires contre des milliardaires&quot; : Elon Musk et Sam Altman se prennent une le\u00e7on par une juge\" rel=\"nofollow noopener\" target=\"_blank\">n&rsquo;a \u00e9pargn\u00e9 aucun des deux milliardaires<\/a>, qu&rsquo;elle accuse de \u00ab\u00a0manigances\u00a0\u00bb. Le tribunal est exasp\u00e9r\u00e9 par les tactiques utilis\u00e9es par Elon Musk et OpenAI dans cette affaire. La juge parle d&rsquo;un \u00ab\u00a0retournement de veste\u00a0\u00bb constant des deux parties.<\/p>\n<p class=\"ed__a-p ed__bdy__l\">Le conflit a d\u00e9but\u00e9 lorsque OpenAI a d\u00e9cid\u00e9 de passer d&rsquo;une organisation \u00e0 but non lucratif \u00e0 une structure \u00e0 but lucratif. Elon Musk a alors poursuivi la start-up pour rupture de contrat et estime que son concurrent trahit sa mission originelle.<\/p>\n<p class=\"ed__a-p ed__bdy__l\">OpenAI a d\u00e9pos\u00e9 une contre-plainte dont les accusations de harc\u00e8lement port\u00e9es contre Elon Musk ont \u00e9t\u00e9 valid\u00e9es. Le tribunal estime qu&rsquo;il y a assez de preuves pour que la proc\u00e9dure se poursuive, ce qui complique la t\u00e2che du dirigeant de XAI.<\/p>\n<p class=\"ed__a-p ed__bdy__l\">La guerre est totale sur le march\u00e9 \u00e9mergent de l&rsquo;IA. Meta <a href=\"https:\/\/www.lesnumeriques.com\/intelligence-artificielle\/openai-perd-quatre-de-ses-talents-meta-fait-tout-pour-rattraper-son-retard-n238908.html\" title=\"OpenAI perd quatre de ses talents, Meta fait tout pour rattraper son retard\" rel=\"nofollow noopener\" target=\"_blank\">recrute notamment chez OpenAI<\/a> pour s&rsquo;entourer des meilleurs talents puisque l&rsquo;entreprise accuse un gros retard.<\/p>\n<p class=\"ed__a-p ed__bdy__l\">Mark Zuckerberg d\u00e9ploie des moyens financiers consid\u00e9rables, quitte \u00e0 prendre des d\u00e9cisions pol\u00e9miques comme le <a href=\"https:\/\/www.lesnumeriques.com\/intelligence-artificielle\/anti-woke-facebook-recrute-un-influenceur-proche-de-donald-trump-pour-batir-son-ia-n240932.html\" title=\"&quot;Anti-woke&quot; : Facebook recrute un influenceur proche de Donald Trump pour b\u00e2tir son IA\" rel=\"nofollow noopener\" target=\"_blank\">recrutement d&rsquo;un influenceur conservateur proche de Donald Trump<\/a> pour b\u00e2tir Meta AI.<\/p>\n<p>            Publicit\u00e9, votre contenu continue ci-dessous<\/p>\n<p>        Publicit\u00e9<\/p>\n","protected":false},"excerpt":{"rendered":"Sauf que la juge f\u00e9d\u00e9rale Yvonne Gonzalez Rogers a rejet\u00e9 sa tentative et estime qu&rsquo;Elon Musk doit faire&hellip;\n","protected":false},"author":2,"featured_media":317816,"comment_status":"","ping_status":"","sticky":false,"template":"","format":"standard","meta":{"footnotes":""},"categories":[6],"tags":[35,33,34,1011,27],"class_list":{"0":"post-317815","1":"post","2":"type-post","3":"status-publish","4":"format-standard","5":"has-post-thumbnail","7":"category-economie","8":"tag-business","9":"tag-economie","10":"tag-economy","11":"tag-fr","12":"tag-france"},"share_on_mastodon":{"url":"https:\/\/pubeurope.com\/@fr\/115025302210211181","error":""},"_links":{"self":[{"href":"https:\/\/www.europesays.com\/fr\/wp-json\/wp\/v2\/posts\/317815","targetHints":{"allow":["GET"]}}],"collection":[{"href":"https:\/\/www.europesays.com\/fr\/wp-json\/wp\/v2\/posts"}],"about":[{"href":"https:\/\/www.europesays.com\/fr\/wp-json\/wp\/v2\/types\/post"}],"author":[{"embeddable":true,"href":"https:\/\/www.europesays.com\/fr\/wp-json\/wp\/v2\/users\/2"}],"replies":[{"embeddable":true,"href":"https:\/\/www.europesays.com\/fr\/wp-json\/wp\/v2\/comments?post=317815"}],"version-history":[{"count":0,"href":"https:\/\/www.europesays.com\/fr\/wp-json\/wp\/v2\/posts\/317815\/revisions"}],"wp:featuredmedia":[{"embeddable":true,"href":"https:\/\/www.europesays.com\/fr\/wp-json\/wp\/v2\/media\/317816"}],"wp:attachment":[{"href":"https:\/\/www.europesays.com\/fr\/wp-json\/wp\/v2\/media?parent=317815"}],"wp:term":[{"taxonomy":"category","embeddable":true,"href":"https:\/\/www.europesays.com\/fr\/wp-json\/wp\/v2\/categories?post=317815"},{"taxonomy":"post_tag","embeddable":true,"href":"https:\/\/www.europesays.com\/fr\/wp-json\/wp\/v2\/tags?post=317815"}],"curies":[{"name":"wp","href":"https:\/\/api.w.org\/{rel}","templated":true}]}}