{"id":317817,"date":"2025-08-14T04:46:10","date_gmt":"2025-08-14T04:46:10","guid":{"rendered":"https:\/\/www.europesays.com\/fr\/317817\/"},"modified":"2025-08-14T04:46:10","modified_gmt":"2025-08-14T04:46:10","slug":"donald-trump-et-son-obsession-pour-le-prix-nobel-de-la-paix","status":"publish","type":"post","link":"https:\/\/www.europesays.com\/fr\/317817\/","title":{"rendered":"Donald Trump et son obsession pour le prix Nobel de la paix"},"content":{"rendered":"<p>                         <img loading=\"lazy\" decoding=\"async\" src=\"https:\/\/www.europesays.com\/fr\/wp-content\/uploads\/2025\/08\/d5070d5_ftp-import-images-1-dialnse7fzfi-2025-08-14t000218z-893315709-rc2i6gab36fu-rtrmadp-3-usa-tru.jpeg\" alt=\"Le pr\u00e9sident am\u00e9ricain, Donald Trump, \u00e0 Washington, le 13\u00a0ao\u00fbt 2025.\"   width=\"664\" height=\"443\"\/>    Le pr\u00e9sident am\u00e9ricain, Donald Trump, \u00e0 Washington, le 13\u00a0ao\u00fbt 2025.  ELIZABETH FRANTZ \/ REUTERS                 <\/p>\n<p class=\"article__paragraph  \">A la veille de <a href=\"https:\/\/www.lemonde.fr\/international\/article\/2025\/08\/09\/un-sommet-entre-vladimir-poutine-et-donald-trump-prevu-le-15-aout-en-alaska-pour-preparer-les-concessions-territoriales-de-l-ukraine_6627568_3210.html\" rel=\"nofollow noopener\" target=\"_blank\">la rencontre en Alaska entre Donald Trump et Vladimir Poutine<\/a>, les Europ\u00e9ens craignent que le pr\u00e9sident des Etats-Unis soit le nouveau Neville Chamberlain \u2013 le premier ministre britannique qui abandonna (avec le Fran\u00e7ais Paul Daladier) la Tch\u00e9coslovaquie \u00e0\u00a0Hitler \u00e0 la conf\u00e9rence Munich, en\u00a01938. Le locataire de la Maison Blanche, lui, se r\u00eave en futur laur\u00e9at du prix Nobel de la Paix. \u00ab\u00a0Ils ne me [le] d\u00e9cerneront jamais, avait-il d\u00e9clar\u00e9, en f\u00e9vrier, lors d\u2019une rencontre avec le premier ministre isra\u00e9lien, Benyamin N\u00e9tanyahou, dans le bureau Ovale. C\u2019est dommage. Je le m\u00e9rite mais ils ne me le d\u00e9cerneront jamais.\u00a0\u00bb Des propos qu\u2019il ne cesse de r\u00e9p\u00e9ter.<\/p>\n<p class=\"article__paragraph  \">Depuis son premier mandat, Donald Trump se d\u00e9crit comme un homme de paix. Dans une Am\u00e9rique saign\u00e9e par la guerre en Afghanistan et en Irak, il avait insist\u00e9 sur le fait d\u2019\u00eatre le premier pr\u00e9sident \u00e0 ne pas avoir d\u00e9ploy\u00e9 de soldats am\u00e9ricains dans un conflit hors des Etats-Unis depuis Jimmy Carter \u2013 ce qui \u00e9tait exact. Depuis janvier et son retour \u00e0 la Maison Blanche, il r\u00e9p\u00e8te que la guerre en Ukraine, qualifi\u00e9e de \u00ab\u00a0guerre de Biden\u00a0\u00bb, son pr\u00e9d\u00e9cesseur, et l\u2019attaque terroriste du Hamas du 7\u00a0octobre\u00a02023\u00a0en Isra\u00ebl, n\u2019auraient jamais eu lieu s\u2019il avait \u00e9t\u00e9 pr\u00e9sident. Le second mandat est celui d\u2019une campagne en faveur du prix Nobel.<\/p>\n<p class=\"reading-mode-only \"><strong>Il vous reste 81.39% de cet article \u00e0 lire. La suite est r\u00e9serv\u00e9e aux abonn\u00e9s.<\/strong><\/p>\n","protected":false},"excerpt":{"rendered":"Le pr\u00e9sident am\u00e9ricain, Donald Trump, \u00e0 Washington, le 13\u00a0ao\u00fbt 2025. ELIZABETH FRANTZ \/ REUTERS A la veille de&hellip;\n","protected":false},"author":2,"featured_media":317818,"comment_status":"","ping_status":"","sticky":false,"template":"","format":"standard","meta":{"footnotes":""},"categories":[5],"tags":[11,1011,27,14,12,28],"class_list":{"0":"post-317817","1":"post","2":"type-post","3":"status-publish","4":"format-standard","5":"has-post-thumbnail","7":"category-international","8":"tag-actualites","9":"tag-fr","10":"tag-france","11":"tag-international","12":"tag-news","13":"tag-world"},"share_on_mastodon":{"url":"https:\/\/pubeurope.com\/@fr\/115025306208382400","error":""},"_links":{"self":[{"href":"https:\/\/www.europesays.com\/fr\/wp-json\/wp\/v2\/posts\/317817","targetHints":{"allow":["GET"]}}],"collection":[{"href":"https:\/\/www.europesays.com\/fr\/wp-json\/wp\/v2\/posts"}],"about":[{"href":"https:\/\/www.europesays.com\/fr\/wp-json\/wp\/v2\/types\/post"}],"author":[{"embeddable":true,"href":"https:\/\/www.europesays.com\/fr\/wp-json\/wp\/v2\/users\/2"}],"replies":[{"embeddable":true,"href":"https:\/\/www.europesays.com\/fr\/wp-json\/wp\/v2\/comments?post=317817"}],"version-history":[{"count":0,"href":"https:\/\/www.europesays.com\/fr\/wp-json\/wp\/v2\/posts\/317817\/revisions"}],"wp:featuredmedia":[{"embeddable":true,"href":"https:\/\/www.europesays.com\/fr\/wp-json\/wp\/v2\/media\/317818"}],"wp:attachment":[{"href":"https:\/\/www.europesays.com\/fr\/wp-json\/wp\/v2\/media?parent=317817"}],"wp:term":[{"taxonomy":"category","embeddable":true,"href":"https:\/\/www.europesays.com\/fr\/wp-json\/wp\/v2\/categories?post=317817"},{"taxonomy":"post_tag","embeddable":true,"href":"https:\/\/www.europesays.com\/fr\/wp-json\/wp\/v2\/tags?post=317817"}],"curies":[{"name":"wp","href":"https:\/\/api.w.org\/{rel}","templated":true}]}}