{"id":317822,"date":"2025-08-14T04:49:11","date_gmt":"2025-08-14T04:49:11","guid":{"rendered":"https:\/\/www.europesays.com\/fr\/317822\/"},"modified":"2025-08-14T04:49:11","modified_gmt":"2025-08-14T04:49:11","slug":"saint-etienne-baker-hill-une-nouvelle-residence-etudiante-de-106-logements-a-montferre","status":"publish","type":"post","link":"https:\/\/www.europesays.com\/fr\/317822\/","title":{"rendered":"Saint-\u00c9tienne. Baker Hill, une nouvelle r\u00e9sidence \u00e9tudiante de 106 logements \u00e0 Montferr\u00e9"},"content":{"rendered":"<p>Et de cinq. Apr\u00e8s L\u2019Atelier \u00e0 Bellevue en 2020, Green Break \u00e0 Jacquard en 2021, Twenty Campus \u00e0 Centre-Deux en 2023, et un mois tout juste apr\u00e8s la r\u00e9sidence Otti-Berger, juste en face de la fac de sciences de la M\u00e9tare, le groupe Faure vient de livrer Baker Hill, cette fois-ci du c\u00f4t\u00e9 de Montferr\u00e9.<\/p>\n<p>C\u2019est donc la cinqui\u00e8me r\u00e9sidence \u00e9tudiante que ce groupe immobilier bas\u00e9 \u00e0 L\u2019\u00c9trat livre en l\u2019espace de seulement cinq ans \u00e0 Saint-\u00c9tienne (1). Pour un total de 705 lits. Sans parler \u00e9videmment des r\u00e9sidences construites par d\u2019autres promoteurs\u2026<\/p>\n<p>Sur l\u2019emplacement de la fameuse maison Vergnette<\/p>\n<p>\u00ab\u00a0Il y avait un vrai d\u00e9ficit sur la ville, assure Alain Clavier, directeur g\u00e9n\u00e9ral du groupe Faure. Le parc existant \u00e9tait vieillissant, plus adapt\u00e9&#8230;<\/p>\n","protected":false},"excerpt":{"rendered":"Et de cinq. Apr\u00e8s L\u2019Atelier \u00e0 Bellevue en 2020, Green Break \u00e0 Jacquard en 2021, Twenty Campus \u00e0&hellip;\n","protected":false},"author":2,"featured_media":317823,"comment_status":"","ping_status":"","sticky":false,"template":"","format":"standard","meta":{"footnotes":""},"categories":[9653],"tags":[1111,11,2430,4406,33,7539,1777,674,1011,27,12,25,4001,7538],"class_list":{"0":"post-317822","1":"post","2":"type-post","3":"status-publish","4":"format-standard","5":"has-post-thumbnail","7":"category-saint-etienne","8":"tag-actu","9":"tag-actualites","10":"tag-auvergne-rhone-alpes","11":"tag-commerce-et-services","12":"tag-economie","13":"tag-edition-loire-sud","14":"tag-eu","15":"tag-europe","16":"tag-fr","17":"tag-france","18":"tag-news","19":"tag-republique-francaise","20":"tag-saint-etienne","21":"tag-saint-etienne-ville"},"share_on_mastodon":{"url":"https:\/\/pubeurope.com\/@fr\/115025318056051231","error":""},"_links":{"self":[{"href":"https:\/\/www.europesays.com\/fr\/wp-json\/wp\/v2\/posts\/317822","targetHints":{"allow":["GET"]}}],"collection":[{"href":"https:\/\/www.europesays.com\/fr\/wp-json\/wp\/v2\/posts"}],"about":[{"href":"https:\/\/www.europesays.com\/fr\/wp-json\/wp\/v2\/types\/post"}],"author":[{"embeddable":true,"href":"https:\/\/www.europesays.com\/fr\/wp-json\/wp\/v2\/users\/2"}],"replies":[{"embeddable":true,"href":"https:\/\/www.europesays.com\/fr\/wp-json\/wp\/v2\/comments?post=317822"}],"version-history":[{"count":0,"href":"https:\/\/www.europesays.com\/fr\/wp-json\/wp\/v2\/posts\/317822\/revisions"}],"wp:featuredmedia":[{"embeddable":true,"href":"https:\/\/www.europesays.com\/fr\/wp-json\/wp\/v2\/media\/317823"}],"wp:attachment":[{"href":"https:\/\/www.europesays.com\/fr\/wp-json\/wp\/v2\/media?parent=317822"}],"wp:term":[{"taxonomy":"category","embeddable":true,"href":"https:\/\/www.europesays.com\/fr\/wp-json\/wp\/v2\/categories?post=317822"},{"taxonomy":"post_tag","embeddable":true,"href":"https:\/\/www.europesays.com\/fr\/wp-json\/wp\/v2\/tags?post=317822"}],"curies":[{"name":"wp","href":"https:\/\/api.w.org\/{rel}","templated":true}]}}