{"id":317826,"date":"2025-08-14T04:54:10","date_gmt":"2025-08-14T04:54:10","guid":{"rendered":"https:\/\/www.europesays.com\/fr\/317826\/"},"modified":"2025-08-14T04:54:10","modified_gmt":"2025-08-14T04:54:10","slug":"cap-sur-les-bonnes-affaires-a-la-grande-braderie-de-sanary","status":"publish","type":"post","link":"https:\/\/www.europesays.com\/fr\/317826\/","title":{"rendered":"Cap sur les bonnes affaires \u00e0 la grande braderie de Sanary"},"content":{"rendered":"<p>Pour renouveler sa garde-robe sans y laisser sa chemise, rendez-vous \u00e0 la grande braderie d\u2019\u00e9t\u00e9 organis\u00e9e par Just\u2019Sanary, d\u2019aujourd\u2019hui \u00e0 dimanche! De 9h \u00e0 minuit, pr\u00e8s de trente commer\u00e7ants installeront leurs rayons sur le port pour y proposer une large s\u00e9lection de pr\u00eat-\u00e0-porter homme, femme, enfant, chaussures, bijoux et accessoires \u00e0 prix r\u00e9duits, sans oublier des mod\u00e8les vintage griff\u00e9s et de nombreux articles de maroquinerie. Des collections de maillots de bain seront \u00e9galement propos\u00e9es pour \u00eatre aussi tendance \u00e0 la plage!<\/p>\n<p>Livres, vinyles et CD compl\u00e9teront cette offre, ainsi que des articles de d\u00e9coration pour embellir son int\u00e9rieur. Mais cette vague de petits prix ne d\u00e9ferlera pas que sur le port, et les boutiques des rues pi\u00e9tonnes accueilleront aussi les \u00ab\u00a0fashion victims\u00a0\u00bb pour leur faire profiter dans les meilleures conditions des derniers soldes de l\u2019\u00e9t\u00e9.<\/p>\n<p>Animations pirates<\/p>\n<p>Pour d\u00e9marrer ces journ\u00e9es shopping de fa\u00e7on festive, plusieurs animations sont programm\u00e9es aujourd\u2019hui sur le th\u00e8me de la piraterie. Un \u00e9quipage de charme 100% f\u00e9minin partira \u00e0 l\u2019abordage du port et des ruelles de 12h \u00e0 12h45 et de 15h30\u00e0 16h15, en costumes, danse et musique! Ces flibusti\u00e8res \u00ab\u00a0Red Piraterie\u00a0\u00bb aux fortes personnalit\u00e9s accompagneront de fa\u00e7on amusante petits et grands dans leurs chasses aux tr\u00e9sors des bonnes affaires! Il ne reste que quelques heures pour les ultimes rep\u00e9rages&#8230;<\/p>\n<p>Infos <a href=\"http:\/\/www.just-sanary.com\" target=\"_blank\" rel=\"noopener nofollow\">www.just-sanary.com<\/a><\/p>\n","protected":false},"excerpt":{"rendered":"Pour renouveler sa garde-robe sans y laisser sa chemise, rendez-vous \u00e0 la grande braderie d\u2019\u00e9t\u00e9 organis\u00e9e par Just\u2019Sanary,&hellip;\n","protected":false},"author":2,"featured_media":317827,"comment_status":"","ping_status":"","sticky":false,"template":"","format":"standard","meta":{"footnotes":""},"categories":[9619],"tags":[1111,11,215,33,1777,674,1011,27,12,882,25,2310],"class_list":{"0":"post-317826","1":"post","2":"type-post","3":"status-publish","4":"format-standard","5":"has-post-thumbnail","7":"category-toulon","8":"tag-actu","9":"tag-actualites","10":"tag-commerce","11":"tag-economie","12":"tag-eu","13":"tag-europe","14":"tag-fr","15":"tag-france","16":"tag-news","17":"tag-provence-alpes-cote-dazur","18":"tag-republique-francaise","19":"tag-toulon"},"share_on_mastodon":{"url":"https:\/\/pubeurope.com\/@fr\/115025337536130646","error":""},"_links":{"self":[{"href":"https:\/\/www.europesays.com\/fr\/wp-json\/wp\/v2\/posts\/317826","targetHints":{"allow":["GET"]}}],"collection":[{"href":"https:\/\/www.europesays.com\/fr\/wp-json\/wp\/v2\/posts"}],"about":[{"href":"https:\/\/www.europesays.com\/fr\/wp-json\/wp\/v2\/types\/post"}],"author":[{"embeddable":true,"href":"https:\/\/www.europesays.com\/fr\/wp-json\/wp\/v2\/users\/2"}],"replies":[{"embeddable":true,"href":"https:\/\/www.europesays.com\/fr\/wp-json\/wp\/v2\/comments?post=317826"}],"version-history":[{"count":0,"href":"https:\/\/www.europesays.com\/fr\/wp-json\/wp\/v2\/posts\/317826\/revisions"}],"wp:featuredmedia":[{"embeddable":true,"href":"https:\/\/www.europesays.com\/fr\/wp-json\/wp\/v2\/media\/317827"}],"wp:attachment":[{"href":"https:\/\/www.europesays.com\/fr\/wp-json\/wp\/v2\/media?parent=317826"}],"wp:term":[{"taxonomy":"category","embeddable":true,"href":"https:\/\/www.europesays.com\/fr\/wp-json\/wp\/v2\/categories?post=317826"},{"taxonomy":"post_tag","embeddable":true,"href":"https:\/\/www.europesays.com\/fr\/wp-json\/wp\/v2\/tags?post=317826"}],"curies":[{"name":"wp","href":"https:\/\/api.w.org\/{rel}","templated":true}]}}