{"id":317832,"date":"2025-08-14T05:02:16","date_gmt":"2025-08-14T05:02:16","guid":{"rendered":"https:\/\/www.europesays.com\/fr\/317832\/"},"modified":"2025-08-14T05:02:16","modified_gmt":"2025-08-14T05:02:16","slug":"que-faire-a-grenoble-ce-week-end-vendredi-15-au-dimanche-17-aout-2025","status":"publish","type":"post","link":"https:\/\/www.europesays.com\/fr\/317832\/","title":{"rendered":"Que faire \u00e0 Grenoble ce week-end vendredi 15 au dimanche 17 ao\u00fbt 2025) ?"},"content":{"rendered":"<p>Un long <strong>week-end <\/strong>se profile avec le vendredi f\u00e9ri\u00e9. Voici une s\u00e9lection d&rsquo;animations et d&rsquo;\u00e9v\u00e9nements \u00e0 ne pas manquer du v<strong>endredi 15 au dimanche 17 ao\u00fbt <\/strong>2025, si vous \u00eates \u00e0 <strong>Grenoble<\/strong>. <\/p>\n<p>Admirer des spectacles de th\u00e9\u00e2tre d&rsquo;improvisation <\/p>\n<p>La <strong>Basse Cour<\/strong> caf\u00e9 th\u00e9\u00e2tre \u00e0 Grenoble organise une nouvelle \u00e9dition de son <strong>festival Impro sur Cour <\/strong>jusqu&rsquo;\u00e0 ce dimanche 17 ao\u00fbt 2025. Voici la programmation des derniers jours du festival :\u00a0 <\/p>\n<ul>\n<li>Jeudi 14 ao\u00fbt \u00e0 20h30 : Ce que l&rsquo;on garde, premi\u00e8re cr\u00e9ation de la compagnie Cent D\u00e9tours. A partir du t\u00e9moignage d\u2019une personne du public enregistr\u00e9e quelques minutes avant le spectacle, les com\u00e9diens et r\u00e9gisseur improvisent une histoire de transmission et ce qu\u2019elle porte avec elle de joie, d\u2019espoir mais aussi parfois de d\u00e9ceptions et de blessures. <\/li>\n<li>Vendredi 15 ao\u00fbt \u00e0 20h30 : Ce qu&rsquo;on dit des autres, par Imp&rsquo;Acte Impro. L&rsquo;intrigue : que l\u2019on soit proches ou distants, en famille, entre amis ou au boulot, qu\u2019on les appr\u00e9cie ou non, les autres, on les conna\u00eet bien, un peu ou pas du tout. Mais dans tous les cas, on en parle ! <\/li>\n<li>Samedi 16 ao\u00fbt \u00e0 20h30 : Travelers, carte blanche \u00e0 Fanny Navizet.\u00a0Les objets ou anecdotes de voyage sont autant de souvenirs qui nous marquent et nous d\u00e9placent de nos quotidiens. Le public pourra les partager pour inspirer des personnages et sc\u00e8nes totalement improvis\u00e9es. Les rencontres et \u00e9v\u00e9nements constitueront l\u2019album de ce voyage. <\/li>\n<li>Dimanche 17 ao\u00fbt \u00e0 20h30 : B\u0153uf d&rsquo;impro pr\u00e9sent\u00e9 par Imp&rsquo;Acte Impro. Pour cl\u00f4turer le festival et terminer en apoth\u00e9ose, retrouvez une s\u00e9lection d\u2019improvisateurs et improvisatrices qui ont fait vivre cette \u00e9dition au cours du traditionnel b\u0153uf improvis\u00e9 final.<\/li>\n<\/ul>\n<p><strong>Pratique<\/strong> <\/p>\n<p>Festival Impro sur cour, \u00e0 la Basse Cour, <strong>18 rue Colbert \u00e0 Grenoble. <\/strong>Tarifs : 10 \u00e0 12 euros. Renseignements et r\u00e9servations : <a href=\"https:\/\/www.labassecour.net\/le-cafe-theatre\/\" rel=\"noopener nofollow\" target=\"_blank\">ici<\/a>.\u00a0<\/p>\n<p>  Rire avec l&rsquo;amour \u00e0 la Com\u00e9die de Grenoble <\/p>\n<p>Jeudi 14 ao\u00fbt \u00e0 21h, vendredi 15 ao\u00fbt \u00e0 21h et samedi 16 ao\u00fbt \u00e0 19h, \u00e0 la <strong>Com\u00e9die de Grenoble<\/strong> : Comment draguer quand on a 50 ans, com\u00e9die de et avec Fr\u00e9d\u00e9ric Sandeau, avec S\u00e9verine Warneys. <\/p>\n<p>Avec une touche d&rsquo;humour universel, cette com\u00e9die \u00e0 sketchs, pleine de charme c\u00e9l\u00e8bre les surprises et les d\u00e9lices des rencontres, prouvant que l&rsquo;amour reste un jeu irr\u00e9sistible \u00e0 tout moment de la vie&#8230; <\/p>\n<p><strong>Pratique<\/strong> <\/p>\n<p>Comment draguer quand on a 50 ans, \u00e0 la Com\u00e9die de Grenoble, 1 rue Pierre-Dupont \u00e0 Grenoble. Tarifs : 13,5 \u00e0 20 euros. Renseignements et r\u00e9servations : <a href=\"https:\/\/www.comediedegrenoble.fr\/index.php\/le-programme\/spectacles-tout-public?view=article&amp;id=438:comment-draguer-apres-50-ans&amp;catid=2\" rel=\"noopener nofollow\" target=\"_blank\">ici<\/a>.\u00a0<\/p>\n<p>  Red\u00e9couvrir Grenoble \u00e0 v\u00e9lo \u00e9lectrique ou en cano\u00eb <img decoding=\"async\" alt=\"\" class=\"img-align-center img-size-limited\" data-zoomable=\"\" height=\"1501\" loading=\"lazy\" src=\"https:\/\/www.europesays.com\/fr\/wp-content\/uploads\/2025\/08\/img-20250717-102130.jpg\" title=\"\u00a9 Thomas Richardson - L'office de tourisme Grenoble Alpes propose une balade \u00e0 v\u00e9lo \u00e9lectrique ce vendredi 15 ao\u00fbt \u00e0 10h \u00e0 Grenoble.\" width=\"2000\"\/> \u00a9 Thomas Richardson &#8211; L&rsquo;Office de tourisme Grenoble Alpes propose une balade \u00e0 v\u00e9lo \u00e9lectrique ce vendredi 15 ao\u00fbt \u00e0 10h \u00e0 Grenoble. <\/p>\n<p>L&rsquo;<strong>Office de tourisme de Grenoble Alpes<\/strong> propose une <strong>balade \u00e0 v\u00e9lo \u00e9lectrique<\/strong> dans Grenoble ce vendredi 15 ao\u00fbt de 10 h \u00e0 12h. <\/p>\n<p>Un parcours \u00e0 v\u00e9lo in\u00e9dit et ludique au fil des quartiers et lieux \u00e9tonnants, insolites et m\u00e9connus&#8230; pour d\u00e9couvrir un autre visage de la ville. Les balades \u00e0 v\u00e9lo \u00e9lectrique sont organis\u00e9es en partenariat avec Mv\u00e9lo+. Les v\u00e9los sont inclus dans la prestation. Le port du casque est recommand\u00e9 (non fourni). Visite accessible \u00e0 partir de 12 ans, sous r\u00e9serve d\u2019une taille minimale de 1,55 m. <\/p>\n<p>Pour ceux qui pr\u00e9f\u00e8rent l&rsquo;eau, une <strong>balade comment\u00e9e <\/strong>par un guide de l&rsquo;office de tourisme, en <strong>cano\u00eb <\/strong>sur <strong>l&rsquo;Is\u00e8re<\/strong>, est propos\u00e9e en partenariat avec le club d&rsquo;aviron, samedi 16 ao\u00fbt de 10h \u00e0 12h.<\/p>\n<p><strong>Pratique<\/strong> <\/p>\n<p>Visite \u00e0 v\u00e9lo \u00e9lectrique dans Grenoble, vendredi 15 ao\u00fbt \u00e0 10h. Tarifs : 6 \u00e0 9 euros pour la balade \u00e0 v\u00e9lo \u00e9lectrique. 16 \u00e0 23,5 euros pour la balade en cano\u00eb. Renseignements et r\u00e9servations : 04 76 42 41 41.<\/p>\n<p>  Revoir des films sur le th\u00e8me des vacances estivales au cin\u00e9ma Le Club <\/p>\n<p>Jusqu&rsquo;\u00e0 dimanche, le <strong>cin\u00e9ma d&rsquo;art et essai de Grenoble, Le Club,<\/strong> propose une programmation \u00e9clectique sur le th\u00e8me des <strong>vacances de l&rsquo;\u00e9t\u00e9<\/strong>. Un <strong>film <\/strong>diff\u00e9rent est ainsi projet\u00e9 chaque jour \u00e0 20h30 sauf dimanche \u00e0 17h30. <\/p>\n<p>Les films programm\u00e9s sont les suivants : <\/p>\n<ul>\n<li>Jeudi 14 ao\u00fbt : Leto, (2018, Russe), de Kirill Serebrennikov. L&rsquo;intrigue : Leningrad. Un \u00e9t\u00e9 du d\u00e9but des ann\u00e9es 80. En amont de la Perestro\u00efka, les disques de Lou Reed et de David Bowie s&rsquo;\u00e9changent en contrebande, et une sc\u00e8ne rock \u00e9merge. Mike et sa femme la belle Natacha rencontrent le jeune Viktor Tso\u00ef. Entour\u00e9s d\u2019une nouvelle g\u00e9n\u00e9ration de musiciens, ils vont changer le cours du rock\u2019n\u2019roll en Union sovi\u00e9tique. <\/li>\n<li>Vendredi 15 ao\u00fbt : Ce cher mois d&rsquo;ao\u00fbt (2009, Portugal), de Miguel Gomes. L&rsquo;intrigue : au c\u0153ur du Portugal montagnard, le mois d&rsquo;ao\u00fbt d\u00e9cuple la population et ses activit\u00e9s. Les gens rentrent au pays, tirent des feux d&rsquo;artifice, contr\u00f4lent les incendies, font du karaok\u00e9, se jettent du pont, chassent le sanglier, boivent de la bi\u00e8re, font des enfants. <\/li>\n<li>Samedi 16 ao\u00fbt : Midsommar (2019, USA), d&rsquo;Ari Aster. L&rsquo;intrigue : Dani et Christian sont sur le point de se s\u00e9parer quand la famille de Dani est touch\u00e9e par une trag\u00e9die. Attrist\u00e9 par le deuil de la jeune femme, Christian ne peut se r\u00e9soudre \u00e0 la laisser seule et l\u2019emm\u00e8ne avec lui et ses amis \u00e0 un festival estival qui n\u2019a lieu qu&rsquo;une fois tous les 90 ans et se d\u00e9roule dans un village su\u00e9dois isol\u00e9. <\/li>\n<li>Dimanche 17 ao\u00fbt : Voyages en Italie (2023, France), de Sophie Letourneur. L&rsquo;intrigue : une escapade romantique peut-elle raviver la flamme dans un couple ? Elle a r\u00e9ussi \u00e0 le convaincre de partir quelques jours sans enfants. Ce sera o\u00f9 il a envie, sauf en Italie. Il y est d\u00e9j\u00e0 all\u00e9 avec toutes ses ex&#8230;<\/li>\n<\/ul>\n<p><strong>Pratique<\/strong> <\/p>\n<p>Les vacances d&rsquo;\u00e9t\u00e9 au cin\u00e9ma, au cin\u00e9ma Le Club, jusqu&rsquo;\u00e0 dimanche 17 ao\u00fbt. Tarifs par s\u00e9ance : 5 \u00e0 8,60 euros. Renseignements et r\u00e9servations : <a href=\"https:\/\/www.cinemaleclub.com\/detail-evenement-1279\" rel=\"noopener nofollow\" target=\"_blank\">ici<\/a>.\u00a0<\/p>\n<p>  Uniquement pour les habitants d\u2019\u00c9chirolles: nager \u00e0 la piscine gratuitement <img decoding=\"async\" alt=\"\" class=\"img-align-center img-size-limited\" data-zoomable=\"\" height=\"1500\" loading=\"lazy\" src=\"https:\/\/www.europesays.com\/fr\/wp-content\/uploads\/2025\/08\/water-recreation-pool-underwater-blue-bubble-56946-pxherecom.jpg\" title=\"L'entr\u00e9e au stade nautique d'Echirolles est gratuit jusqu'\u00e0 ce dimanche uniquemenent pour les habitants de la commune.\" width=\"2000\"\/> \u00a9 PxHere &#8211; L&rsquo;entr\u00e9e au stade nautique d\u2019\u00c9chirolles est gratuit jusqu&rsquo;\u00e0 ce dimanche, uniquement pour les habitants de la commune. <\/p>\n<p>Jusqu&rsquo;\u00e0 ce dimanche 17 ao\u00fbt, dans le contexte de canicule, la Ville d\u2019<strong>\u00c9chirolles <\/strong>a d\u00e9cid\u00e9 d&rsquo;instaurer l&rsquo;<strong>acc\u00e8s gratuit <\/strong>au<strong> stade nautique<\/strong> de la commune. Cette mesure ne concerne <strong>que les habitants <\/strong>de la commune. Pour b\u00e9n\u00e9ficier de l&rsquo;entr\u00e9e gratuite, il faut venir muni d&rsquo;un justificatif de domicile et d&rsquo;une pi\u00e8ce d&rsquo;identit\u00e9. <\/p>\n<p><strong>Pratique<\/strong> <\/p>\n<p>Stade nautique, rue Fernand-Pelloutier \u00e0 Echirolles. Acc\u00e8s gratuit jusqu&rsquo;au 17 ao\u00fbt 2025 au soir uniquement pour les habitants d&rsquo;Echirolles. Renseignements : <a href=\"https:\/\/www.echirolles.fr\/actualites\/alerte-rouge-canicule-la-ville-dechirolles-renforce-ses-mesures-preventives?fbclid=IwY2xjawMIQAxleHRuA2FlbQIxMABicmlkETBWUktGTVBEZE9iYm1ieVBjAR42FA0JJ-kKAwPEZ5hOK7mOVHfOVbsq2yty9NsKOmpJzelI4EPVl90Adufn9w_aem_Y9ruhs0yVBSRg-wtMzVyiA\" rel=\"noopener nofollow\" target=\"_blank\">ici<\/a>.<\/p>\n<p> \u00c9couter un concert de calypso au sommet de la Bastille <\/p>\n<p>Vendredi 15 ao\u00fbt de 18h \u00e0 20h30, place Tournadre au<strong> fort de la Bastille<\/strong> : <strong>concert gratuit <\/strong>de <strong>The Mighty Crooks<\/strong>.\u00a0 <\/p>\n<p>Les ap\u00e9ros-concerts se poursuivent tout l&rsquo;\u00e9t\u00e9 au fort de la Bastille. Prochain rendez-vous ce vendredi 15 ao\u00fbt, avec les six musiciens du groupe <strong>The Mighty Crooks<\/strong> qui viendront rendre hommage \u00e0 leur mani\u00e8re \u00e0 l\u2019une des musiques des plus populaires de la Cara\u00efbe :<strong> le Calypso.<\/strong><\/p>\n<p><strong>Pratique<\/strong> <\/p>\n<p>Concert gratuit \u00e0 18h place Tournadre au fort de la Bastille \u00e0 Grenoble.<\/p>\n<p> O\u00f9 chiner pr\u00e8s de Grenoble <\/p>\n<ul>\n<li>Vendredi 15 ao\u00fbt : <strong>vide-greniers <\/strong>de 9h \u00e0 13h, 478, avenue du P\u00e8re-Tasse \u00e0 Chamrousse. <\/li>\n<li>Vendredi 15 ao\u00fbt : vide-greniers dans le cadre de la f\u00eate de la ville et de la gastronomie, de 8h \u00e0 17h, place C\u00e9sar-Joubert \u00e0 La Mure. <\/li>\n<li>Vendredi 15 ao\u00fbt : vide-greniers &#8211; <strong>brocante<\/strong>, de 8h \u00e0 18h, 169, rue Louise-Barnier au Haut-Br\u00e9da. <\/li>\n<li>Samedi 16 ao\u00fbt : vide-greniers dans le cadre de la f\u00eate de l&rsquo;alpage, 1941, route du Grand-Veymont \u00e0 Gresse-en-Vercors. <\/li>\n<li>Dimanche 17 ao\u00fbt : vide-greniers, de 7h \u00e0 16h, sur la route de Saint-Quentin, \u00e0 droite du magasin Carrefour Market \u00e0 Tullins. <\/li>\n<li>Dimanche 17 ao\u00fbt, vide-greniers de 6h \u00e0 15h, chemin du Champ-de-Foire \u00e0 Beaucroissant.<\/li>\n<\/ul>\n","protected":false},"excerpt":{"rendered":"Un long week-end se profile avec le vendredi f\u00e9ri\u00e9. Voici une s\u00e9lection d&rsquo;animations et d&rsquo;\u00e9v\u00e9nements \u00e0 ne pas&hellip;\n","protected":false},"author":2,"featured_media":317833,"comment_status":"","ping_status":"","sticky":false,"template":"","format":"standard","meta":{"footnotes":""},"categories":[9566],"tags":[1111,11,2430,650,4156,1777,674,1011,27,2731,708,12,25,4698,38093],"class_list":{"0":"post-317832","1":"post","2":"type-post","3":"status-publish","4":"format-standard","5":"has-post-thumbnail","7":"category-grenoble","8":"tag-actu","9":"tag-actualites","10":"tag-auvergne-rhone-alpes","11":"tag-cinema","12":"tag-concerts","13":"tag-eu","14":"tag-europe","15":"tag-fr","16":"tag-france","17":"tag-grenoble","18":"tag-humour","19":"tag-news","20":"tag-republique-francaise","21":"tag-thu00e9u00e2tre","22":"tag-visites-guidu00e9es"},"share_on_mastodon":{"url":"https:\/\/pubeurope.com\/@fr\/115025369427707356","error":""},"_links":{"self":[{"href":"https:\/\/www.europesays.com\/fr\/wp-json\/wp\/v2\/posts\/317832","targetHints":{"allow":["GET"]}}],"collection":[{"href":"https:\/\/www.europesays.com\/fr\/wp-json\/wp\/v2\/posts"}],"about":[{"href":"https:\/\/www.europesays.com\/fr\/wp-json\/wp\/v2\/types\/post"}],"author":[{"embeddable":true,"href":"https:\/\/www.europesays.com\/fr\/wp-json\/wp\/v2\/users\/2"}],"replies":[{"embeddable":true,"href":"https:\/\/www.europesays.com\/fr\/wp-json\/wp\/v2\/comments?post=317832"}],"version-history":[{"count":0,"href":"https:\/\/www.europesays.com\/fr\/wp-json\/wp\/v2\/posts\/317832\/revisions"}],"wp:featuredmedia":[{"embeddable":true,"href":"https:\/\/www.europesays.com\/fr\/wp-json\/wp\/v2\/media\/317833"}],"wp:attachment":[{"href":"https:\/\/www.europesays.com\/fr\/wp-json\/wp\/v2\/media?parent=317832"}],"wp:term":[{"taxonomy":"category","embeddable":true,"href":"https:\/\/www.europesays.com\/fr\/wp-json\/wp\/v2\/categories?post=317832"},{"taxonomy":"post_tag","embeddable":true,"href":"https:\/\/www.europesays.com\/fr\/wp-json\/wp\/v2\/tags?post=317832"}],"curies":[{"name":"wp","href":"https:\/\/api.w.org\/{rel}","templated":true}]}}