{"id":317834,"date":"2025-08-14T05:04:10","date_gmt":"2025-08-14T05:04:10","guid":{"rendered":"https:\/\/www.europesays.com\/fr\/317834\/"},"modified":"2025-08-14T05:04:10","modified_gmt":"2025-08-14T05:04:10","slug":"en-lice-au-challenge-caraty-cesson-rennes-a-fait-sa-revolution-lors-de-lintersaison","status":"publish","type":"post","link":"https:\/\/www.europesays.com\/fr\/317834\/","title":{"rendered":"En lice au Challenge Caraty, Cesson-Rennes a fait sa r\u00e9volution lors de l\u2019intersaison"},"content":{"rendered":"<p>L\u2019effectif s\u2019est internationalis\u00e9<\/p>\n<p>Dans le sens contraire, Cesson-Rennes a \u00e9galement beaucoup recrut\u00e9. Huit nouveaux joueurs sont arriv\u00e9s. Et l\u00e0 aussi, le changement de strat\u00e9gie a \u00e9t\u00e9 \u00e9vident. Autrefois tr\u00e8s franco-fran\u00e7ais, l\u2019effectif cessonnais s\u2019est largement internationalis\u00e9 avec six recrues \u00e9trang\u00e8res*. \u00ab Une nouvelle \u00e9quipe est en train de se cr\u00e9er. Apr\u00e8s trois semaines de pr\u00e9paration, je pense qu\u2019il y a tout ce qu\u2019il faut pour atteindre le maintien en Starligue. \u00c7a travaille bien et fort \u00bb, promet d\u00e9j\u00e0 le Finist\u00e9rien Mathieu Salou, un des six rescap\u00e9s de l\u2019an dernier, sans compter un staff confort\u00e9 malgr\u00e9 les difficult\u00e9s r\u00e9centes.<\/p>\n<p>Mis en retrait d\u00e9but mars, S\u00e9bastien Leriche a m\u00eame retrouv\u00e9 les pleins pouvoirs et a repris sa place de coach n\u00b01. Depuis la reprise mi-juillet, l\u2019entra\u00eeneur de 40 ans a beaucoup de travail et cherche principalement \u00e0 trouver de nouvelles connexions au sein de ce groupe remani\u00e9. <\/p>\n<p>Le Challenge Caraty, auquel participe son \u00e9quipe \u00e0 partir de ce jeudi, devrait lui permettre de faire un point d\u2019\u00e9tape, quelques jours apr\u00e8s une d\u00e9faite face \u00e0 Cherbourg en amical (36-38). \u00ab Il faut du temps. M\u00eame si le syst\u00e8me d\u00e9fensif reste grossi\u00e8rement le m\u00eame, il y a un projet \u00e0 cr\u00e9er avec des joueurs aux qualit\u00e9s diff\u00e9rentes \u00bb, explique Salou, qui n\u2019esp\u00e8re qu\u2019une seule chose : \u00ab Vivre une saison moins mouvement\u00e9e que la pr\u00e9c\u00e9dente ! \u00bb<\/p>\n<p class=\"note\">* Deux Espagnols (Folques et Nieto), deux Hongrois (Hanusz et Szeitl), un Belge (Ooms) et un Br\u00e9silien (Rodrigues)<\/p>\n<p class=\"titre-tech\">Le programme de ce jeudi<\/p>\n<p class=\"tech\">18 h : Porto &#8211; Cesson Rennes ; Dunkerque &#8211; Toulouse \u00e0 Brest<\/p>\n","protected":false},"excerpt":{"rendered":"L\u2019effectif s\u2019est internationalis\u00e9 Dans le sens contraire, Cesson-Rennes a \u00e9galement beaucoup recrut\u00e9. Huit nouveaux joueurs sont arriv\u00e9s. Et&hellip;\n","protected":false},"author":2,"featured_media":317835,"comment_status":"","ping_status":"","sticky":false,"template":"","format":"standard","meta":{"footnotes":""},"categories":[2821],"tags":[1111,11,829,1777,674,1011,27,1792,12,584,25,60],"class_list":{"0":"post-317834","1":"post","2":"type-post","3":"status-publish","4":"format-standard","5":"has-post-thumbnail","7":"category-rennes","8":"tag-actu","9":"tag-actualites","10":"tag-bretagne","11":"tag-eu","12":"tag-europe","13":"tag-fr","14":"tag-france","15":"tag-handball","16":"tag-news","17":"tag-rennes","18":"tag-republique-francaise","19":"tag-sports"},"share_on_mastodon":{"url":"https:\/\/pubeurope.com\/@fr\/115025376958658140","error":""},"_links":{"self":[{"href":"https:\/\/www.europesays.com\/fr\/wp-json\/wp\/v2\/posts\/317834","targetHints":{"allow":["GET"]}}],"collection":[{"href":"https:\/\/www.europesays.com\/fr\/wp-json\/wp\/v2\/posts"}],"about":[{"href":"https:\/\/www.europesays.com\/fr\/wp-json\/wp\/v2\/types\/post"}],"author":[{"embeddable":true,"href":"https:\/\/www.europesays.com\/fr\/wp-json\/wp\/v2\/users\/2"}],"replies":[{"embeddable":true,"href":"https:\/\/www.europesays.com\/fr\/wp-json\/wp\/v2\/comments?post=317834"}],"version-history":[{"count":0,"href":"https:\/\/www.europesays.com\/fr\/wp-json\/wp\/v2\/posts\/317834\/revisions"}],"wp:featuredmedia":[{"embeddable":true,"href":"https:\/\/www.europesays.com\/fr\/wp-json\/wp\/v2\/media\/317835"}],"wp:attachment":[{"href":"https:\/\/www.europesays.com\/fr\/wp-json\/wp\/v2\/media?parent=317834"}],"wp:term":[{"taxonomy":"category","embeddable":true,"href":"https:\/\/www.europesays.com\/fr\/wp-json\/wp\/v2\/categories?post=317834"},{"taxonomy":"post_tag","embeddable":true,"href":"https:\/\/www.europesays.com\/fr\/wp-json\/wp\/v2\/tags?post=317834"}],"curies":[{"name":"wp","href":"https:\/\/api.w.org\/{rel}","templated":true}]}}